{"id":3710,"date":"2022-07-05T09:40:00","date_gmt":"2022-07-05T09:40:00","guid":{"rendered":"https:\/\/citajizmedjuredova.me\/?p=3710"},"modified":"2023-03-10T10:07:43","modified_gmt":"2023-03-10T10:07:43","slug":"odgovori-za-pojasnjenje-uslova-konkursa-namjenjenog-ocd-u-crnoj-gori","status":"publish","type":"post","link":"https:\/\/citajizmedjuredova.me\/?p=3710","title":{"rendered":"Odgovori za poja\u0161njenje uslova konkursa namjenjenog OCD u Crnoj Gori"},"content":{"rendered":"\n<p class=\"has-text-align-center\">Institut za medije crne Gore (IMCG)<\/p>\n\n\n\n<p class=\"has-text-align-center\"><strong>objavljuje&nbsp;<\/strong><\/p>\n\n\n\n<p class=\"has-text-align-center\"><strong>ODGOVORE<\/strong><\/p>\n\n\n\n<p><strong>za poja\u0161njenje uslova konkursa namijenjenog organizacijama civilnog dru\u0161tva&nbsp; (OCD) u Crnoj Gori<\/strong><\/p>\n\n\n\n<p>U okviru projekta ,,<strong><em>Dijagnoza i terapija slobode izra\u017eavanja, govora mr\u017enje i etni\u010dkih tenzija<\/em>\u201d&nbsp;<\/strong>Institut za medije Crne Gore je organizovao&nbsp;<strong>informativnu sesiju<\/strong>, tokom koje su prisutnima bila pru\u017eena dodatna poja\u0161njenja kriterijuma objavljenih u okviru konkursa za podr\u0161ku projektima organizacija civilnog dru\u0161tva u Crnoj Gori.&nbsp; Dodatno, zainteresovanim podnosiocima je ostavljena mogu\u0107nost da pitanja po\u0161alju putem mejla.<\/p>\n\n\n\n<p>Odgovore na pitanja pristigla do 01. jula 2022. mo\u017eete pogledati&nbsp;<a href=\"https:\/\/www.mminstitute.org\/wp-content\/uploads\/2022\/07\/Pitanja-i-odgovori-u-vezi-sa-konkursom.pdf\" target=\"_blank\" rel=\"noreferrer noopener\">OVDJE<\/a>.<\/p>\n\n\n\n<p>Odgovore na pitanja pristigla do 08. jula 2022. mo\u017eete pogledati&nbsp;<a href=\"https:\/\/www.mminstitute.org\/wp-content\/uploads\/2022\/07\/Pitanja-i-odgovori-pristigla-do-8.7.2022..pdf\" target=\"_blank\" rel=\"noreferrer noopener\">OVDJE.<\/a><\/p>\n\n\n\n<p>Podsje\u0107amo, konkurs je otvoren DO 15.07.2022.<\/p>\n\n\n\n<p>V<strong>i\u0161e detalja o samom pozivu mo\u017eete prona\u0107i na slede\u0107em linku:&nbsp;<\/strong><a href=\"https:\/\/www.mminstitute.org\/konkurs-za-podrsku-projektima-ocd-u-crnoj-gori\/\">https:\/\/www.mminstitute.org\/konkurs-za-podrsku-projektima-ocd-u-crnoj-gori\/<\/a><\/p>\n\n\n\n<p>Ova aktivnost je dio projekta&nbsp;<strong><em>Dijagnoza i terapija slobode izra\u017eavanja, govora mr\u017enje i etni\u010dkih tenzija<\/em><\/strong>&nbsp;je zajedni\u010dka inicijativa Instituta za medije Crne Gore (IMCG), Centra za demokratiju i ljudska prava (CEDEM) i Ul-info, usmjerena ka ja\u010danju i zagovaranju slobode izra\u017eavanja, suzbijanju govora mr\u017enje i smanjenju etni\u010dkih tenzija u Crnoj Gori.&nbsp; Projekat je finansiran od strane Evropske unije kroz Program Evropski instrument za demokratiju i ljudska prava za Crnu Goru 2020, EIDHR, a kofinansiran je od strane Ministarstva javne uprave, digitalnog dru\u0161tva i medija Crne Gore.<\/p>\n","protected":false},"excerpt":{"rendered":"<p>Institut za medije crne Gore (IMCG) objavljuje&nbsp; ODGOVORE za poja\u0161njenje uslova konkursa namijenjenog organizacijama civilnog dru\u0161tva&nbsp; (OCD) u Crnoj Gori U okviru projekta ,,Dijagnoza i terapija slobode izra\u017eavanja, govora mr\u017enje i etni\u010dkih tenzija\u201d&nbsp;Institut za medije Crne Gore je organizovao&nbsp;informativnu sesiju, tokom koje su prisutnima bila pru\u017eena dodatna poja\u0161njenja kriterijuma objavljenih u okviru konkursa za podr\u0161ku<\/p>\n","protected":false},"author":1,"featured_media":3730,"comment_status":"open","ping_status":"open","sticky":false,"template":"","format":"standard","meta":{"footnotes":""},"categories":[59],"tags":[],"class_list":{"0":"post-3710","1":"post","2":"type-post","3":"status-publish","4":"format-standard","5":"has-post-thumbnail","7":"category-aktuelnosti"},"_links":{"self":[{"href":"https:\/\/citajizmedjuredova.me\/index.php?rest_route=\/wp\/v2\/posts\/3710","targetHints":{"allow":["GET"]}}],"collection":[{"href":"https:\/\/citajizmedjuredova.me\/index.php?rest_route=\/wp\/v2\/posts"}],"about":[{"href":"https:\/\/citajizmedjuredova.me\/index.php?rest_route=\/wp\/v2\/types\/post"}],"author":[{"embeddable":true,"href":"https:\/\/citajizmedjuredova.me\/index.php?rest_route=\/wp\/v2\/users\/1"}],"replies":[{"embeddable":true,"href":"https:\/\/citajizmedjuredova.me\/index.php?rest_route=%2Fwp%2Fv2%2Fcomments&post=3710"}],"version-history":[{"count":1,"href":"https:\/\/citajizmedjuredova.me\/index.php?rest_route=\/wp\/v2\/posts\/3710\/revisions"}],"predecessor-version":[{"id":3733,"href":"https:\/\/citajizmedjuredova.me\/index.php?rest_route=\/wp\/v2\/posts\/3710\/revisions\/3733"}],"wp:featuredmedia":[{"embeddable":true,"href":"https:\/\/citajizmedjuredova.me\/index.php?rest_route=\/wp\/v2\/media\/3730"}],"wp:attachment":[{"href":"https:\/\/citajizmedjuredova.me\/index.php?rest_route=%2Fwp%2Fv2%2Fmedia&parent=3710"}],"wp:term":[{"taxonomy":"category","embeddable":true,"href":"https:\/\/citajizmedjuredova.me\/index.php?rest_route=%2Fwp%2Fv2%2Fcategories&post=3710"},{"taxonomy":"post_tag","embeddable":true,"href":"https:\/\/citajizmedjuredova.me\/index.php?rest_route=%2Fwp%2Fv2%2Ftags&post=3710"}],"curies":[{"name":"wp","href":"https:\/\/api.w.org\/{rel}","templated":true}]}}