{"id":3753,"date":"2022-07-29T10:58:00","date_gmt":"2022-07-29T10:58:00","guid":{"rendered":"https:\/\/citajizmedjuredova.me\/?p=3753"},"modified":"2023-03-10T11:02:51","modified_gmt":"2023-03-10T11:02:51","slug":"komentari-citalaca-i-dalje-problem","status":"publish","type":"post","link":"https:\/\/citajizmedjuredova.me\/?p=3753","title":{"rendered":"Komentari \u010ditalaca i dalje problem"},"content":{"rendered":"\n<p>Podgorica \u2013 \u0160estomjese\u010dni monitoring \u010detiri onlajn medija u Crnoj Gori pokazao je da u uredni\u010dkom sadr\u017eaju etabliranih medija nema primjera uvreda, zapaljivog govora i govora mr\u017enje, dok u desno orjentisanom portalu IN4s u naslovima i tekstovima mo\u017ee biti elemenata ovog neprihvatljivog sadr\u017eaja. U odnosu na broj odobrenih komentara \u010ditalaca na portalima, etablirani mediji postepeno unapre\u0111uju moderaciju, ali je i dalje primjetno zabinjavaju\u0107e prisustvo spornog govora u komentarima, pokazao je monitoring koji je uradio tim Instituta za medije.<\/p>\n\n\n\n<p>Poseban izazov predstavljaju nalozi medija na dru\u0161tvenim mre\u017eama na kojima se dodatno \u0161ire te\u0161ke uvrede, psovke i govor mr\u017enje, navedeno je u analizi Instituta za medije koja je dostupna<a href=\"https:\/\/www.mminstitute.org\/wp-content\/uploads\/2022\/07\/Uvrede-i-mrznja-u-crnogorskim-medijima.pdf\">&nbsp;ovdje.<\/a><\/p>\n\n\n\n<p>Fokus analize je ograni\u010den na \u0161est slu\u010dajeva zabilje\u017eenih tokom prve polovine 2022. u kojima su razli\u010diti dru\u0161tveni i politi\u010dki akteri ili grupacije bili meta uvreda na nacionalnoj, vjerskoj ili rodnoj osnovi.<\/p>\n\n\n\n<p>Na\u0161 istra\u017eiva\u010dki tim je identifikovao va\u017ene slu\u010dajeve\/doga\u0111aje\/incidente koji su se dogodili u periodu od januara do juna 2022, protiv razli\u010ditih politi\u010dkih i dru\u0161tvenih aktera ili grupacija, a koji sadr\u017ee uvrede na nacionalnoj\/vjerskoj\/rodnoj osnovi ili za koje sumnjamo da sadr\u017ee elemente govora mr\u017enje.&nbsp; U odabiru slu\u010dajevima za analizu akcenat je stavljen i na rodni aspekt odnosno rodno zasnovane uvrede i govor mr\u017enje.<\/p>\n\n\n\n<p>Analiziran je sadr\u017eaj objavljen u \u010detiri onlajn medija:<\/p>\n\n\n\n<ul class=\"wp-block-list\">\n<li>tri etablirana Vijesti online, CdM i portal Radio-televizije Crne Gore (RTCG)<\/li>\n\n\n\n<li>i na portalu IN4s, koji nije evidentiran u registru medija Ministarstva kulture i medija, a kroz ranija istra\u017eivanja prepoznat je kao medij koji \u0161iri dezinformacije i propagandu<\/li>\n<\/ul>\n\n\n\n<p>Na\u010din izvje\u0161tavanja ovih medija o \u0161est slu\u010dajeva u kojima je prepoznat neki oblik spornog govora se razlikovao \u2013 od preno\u0161enje izjave, objavljivanje reakcije i kriti\u010dkog osvrta uredni\u0161tva, do neobjavljivanja izjave i reakcija i odsustva kriti\u010dkog osvrta uredni\u0161tva.<\/p>\n\n\n\n<p>Problem sa kojim se suo\u010davaju etablirani mediji je nedosljedna i puna primjena profesionalnih standarda.<\/p>\n\n\n\n<p>U izvje\u0161tavanju o spornom govoru \u010desto nedostaje obja\u0161njenje \u0161ireg konteksta izre\u010denog, jasna i nedvosmislena uredni\u010dka distanca i ograda od spornog govora.<\/p>\n\n\n\n<p>Bez obja\u0161njenja konteksta i svih relevantnih \u010dinjenica o motivima, razlozima izgovrenog, mediji rizikuju da budu produ\u017eena ruka neprihvatljivog govora.&nbsp; Javnost mora biti informisana, a mediji ne smiju prikrivati ono \u0161to je dru\u0161tveno relevantno niti marginalizovati odre\u0111enu pojavu.<\/p>\n\n\n\n<p>Analiza spornih slu\u010dajeva ukazala je da su u pet od \u0161est slu\u010dajeva na meti uvreda bile \u017eene i pripadnici manjinskih naroda, Na taj rastu\u0107i trend uvredljivog i spornog govora prema ovim dru\u0161tvenim grupama, mediji su uglavnom propustili da uka\u017eu u izvje\u0161tajima i&nbsp; analizama.<\/p>\n\n\n\n<p>U odnosu na broj odobrenih komentara \u010ditalaca na portalima, etablirani mediji postepeno unapre\u0111uju moderaciju, ali i dalje primjetno zabinjavaju\u0107e prisustvo spornog govora u komentarima.<\/p>\n\n\n\n<p>Poseban izazov predstavljaju nalozi medija na dru\u0161tvenim mre\u017eama na kojima se dodatno \u0161ire te\u0161ke uvrede, psovke i govor mr\u017enje.<\/p>\n\n\n\n<p>Mediji bi trebalo da razmotre mogu\u0107nost preuzimanja odgovornosti za uredni\u010dki sadr\u017eaj na svojim nalozima na dru\u0161tvenim mre\u017eama i internim pravilima propi\u0161u procedure za sprije\u010davanje \u0161irenja uvredljivog govora i govora mr\u017enje. Takva praksa nije nepoznata u profesionalnim i etabliranim medijima u regionu i u Evropi.<\/p>\n\n\n\n<p>Istra\u017eivanje je ura\u0111eno u okviru projekta ,,Dijagnoza i terapija slobode izra\u017eavanja, govora mr\u017enje i etni\u010dkih tenzija\u201c,&nbsp; koji sprovode Centar za demokratiju i ljudska prava (CEDEM), IMCG i UL info, u cilju podizanja svijesti o \u0161tetnosti \u0161irenja uvredljivog i govora mr\u017enje i dezinformacija. Projekat je finansiran od strane Evropske unije a kofinansiran od strane Ministarstva javne uprave digitalnog dru\u0161tva i medija.<\/p>\n","protected":false},"excerpt":{"rendered":"<p>Podgorica \u2013 \u0160estomjese\u010dni monitoring \u010detiri onlajn medija u Crnoj Gori pokazao je da u uredni\u010dkom sadr\u017eaju etabliranih medija nema primjera uvreda, zapaljivog govora i govora mr\u017enje, dok u desno orjentisanom portalu IN4s u naslovima i tekstovima mo\u017ee biti elemenata ovog neprihvatljivog sadr\u017eaja. U odnosu na broj odobrenih komentara \u010ditalaca na portalima, etablirani mediji postepeno unapre\u0111uju<\/p>\n","protected":false},"author":1,"featured_media":3754,"comment_status":"open","ping_status":"open","sticky":false,"template":"","format":"standard","meta":{"footnotes":""},"categories":[59],"tags":[],"class_list":{"0":"post-3753","1":"post","2":"type-post","3":"status-publish","4":"format-standard","5":"has-post-thumbnail","7":"category-aktuelnosti"},"_links":{"self":[{"href":"https:\/\/citajizmedjuredova.me\/index.php?rest_route=\/wp\/v2\/posts\/3753","targetHints":{"allow":["GET"]}}],"collection":[{"href":"https:\/\/citajizmedjuredova.me\/index.php?rest_route=\/wp\/v2\/posts"}],"about":[{"href":"https:\/\/citajizmedjuredova.me\/index.php?rest_route=\/wp\/v2\/types\/post"}],"author":[{"embeddable":true,"href":"https:\/\/citajizmedjuredova.me\/index.php?rest_route=\/wp\/v2\/users\/1"}],"replies":[{"embeddable":true,"href":"https:\/\/citajizmedjuredova.me\/index.php?rest_route=%2Fwp%2Fv2%2Fcomments&post=3753"}],"version-history":[{"count":1,"href":"https:\/\/citajizmedjuredova.me\/index.php?rest_route=\/wp\/v2\/posts\/3753\/revisions"}],"predecessor-version":[{"id":3755,"href":"https:\/\/citajizmedjuredova.me\/index.php?rest_route=\/wp\/v2\/posts\/3753\/revisions\/3755"}],"wp:featuredmedia":[{"embeddable":true,"href":"https:\/\/citajizmedjuredova.me\/index.php?rest_route=\/wp\/v2\/media\/3754"}],"wp:attachment":[{"href":"https:\/\/citajizmedjuredova.me\/index.php?rest_route=%2Fwp%2Fv2%2Fmedia&parent=3753"}],"wp:term":[{"taxonomy":"category","embeddable":true,"href":"https:\/\/citajizmedjuredova.me\/index.php?rest_route=%2Fwp%2Fv2%2Fcategories&post=3753"},{"taxonomy":"post_tag","embeddable":true,"href":"https:\/\/citajizmedjuredova.me\/index.php?rest_route=%2Fwp%2Fv2%2Ftags&post=3753"}],"curies":[{"name":"wp","href":"https:\/\/api.w.org\/{rel}","templated":true}]}}