{"id":3766,"date":"2022-08-20T09:53:00","date_gmt":"2022-08-20T09:53:00","guid":{"rendered":"https:\/\/citajizmedjuredova.me\/?p=3766"},"modified":"2023-03-11T11:20:36","modified_gmt":"2023-03-11T11:20:36","slug":"cetinjski-masakr-i-medijsko-zlostavljanje","status":"publish","type":"post","link":"https:\/\/citajizmedjuredova.me\/?p=3766","title":{"rendered":"Cetinjski masakr i medijsko zlostavljanje"},"content":{"rendered":"\n<p><strong>Pi\u0161e: Nenad Peji\u0107<\/strong><\/p>\n\n\n\n<p>Masakr na Cetinju se u crnogorskim medijima, sa pravom analizira iz svih mogu\u0107ih uglova \u2013 sigurnosnih, zdravstvenih, obrazovnih i sli\u010dno. Da li je pretjerano pitati se koliko su mediji doprinijeli da se ovako ne\u0161to dogodi? Odnosno, da li je porast nasilja, verbalnog, fizi\u010dkog, pojedina\u010dnog i grupnog, dijelom i posljedica ure\u0111iva\u010dke politike mnogih medija? Da li mediji propagiraju nasilje?<\/p>\n\n\n\n<figure class=\"wp-block-image size-large\"><img fetchpriority=\"high\" decoding=\"async\" width=\"1024\" height=\"683\" src=\"https:\/\/citajizmedjuredova.me\/wp-content\/uploads\/2023\/03\/image-4-1024x683.png\" alt=\"\" class=\"wp-image-3768\" srcset=\"https:\/\/citajizmedjuredova.me\/wp-content\/uploads\/2023\/03\/image-4-1024x683.png 1024w, https:\/\/citajizmedjuredova.me\/wp-content\/uploads\/2023\/03\/image-4-300x200.png 300w, https:\/\/citajizmedjuredova.me\/wp-content\/uploads\/2023\/03\/image-4-768x512.png 768w, https:\/\/citajizmedjuredova.me\/wp-content\/uploads\/2023\/03\/image-4-150x100.png 150w, https:\/\/citajizmedjuredova.me\/wp-content\/uploads\/2023\/03\/image-4-450x300.png 450w, https:\/\/citajizmedjuredova.me\/wp-content\/uploads\/2023\/03\/image-4-1200x800.png 1200w, https:\/\/citajizmedjuredova.me\/wp-content\/uploads\/2023\/03\/image-4.png 1536w\" sizes=\"(max-width: 1024px) 100vw, 1024px\" \/><figcaption class=\"wp-element-caption\">Forenzi\u010dki tim na mjestu zlo\u010dina tokom uvi\u0111aja nakon masovnog ubistva na Cetinju. POBJEDA\/Stevo Vasiljevic<\/figcaption><\/figure>\n\n\n\n<p>Jedan od najpoznatijih ameri\u010dkih teoreti\u010dara zavjera dobio je ovih dana sudsku presudu da plati vi\u0161emilionsku kaznu zbog \u0161irenja la\u017enih vijesti. Tvrdio je da se jedan masakr djece u stvari nije ni dogodio. Da li bi neko u medijima odgovarao za la\u017e da se masakr na Cetinju nije dogodio?<\/p>\n\n\n\n<p>Mo\u017eda \u0107e \u010ditalac re\u0107i da niko nije lud takvu la\u017e plasirati, ali la\u017ei ve\u0107 odavno imaju pravo glasa u medijima. Onima koji redovno la\u017eu re\u017eimi dodjeljuju nacionalne frekvencije! La\u017e, prijetnje i nasilje su postali svakodnevni dio \u201eporcije\u201c koje medijski korisnik dobija. Episkop banatski Nikanor je u augustu izjavio je i da bi \u201cupotrijebio oru\u017eje\u201d protiv u\u010desnika Parade ponosa. Mediji su \u201esamo\u201c prenijeli \u0161ta je vladika rekao, predsjednik Aleksandar Vu\u010di\u0107 se tome suprostavio. Ali, vladika je govorom mr\u017enje prekr\u0161io zakon, ali dr\u017eava nije reagirala. Ako nije, za\u0161to se onda \u010duditi kad neko uzme oru\u017eje i napadne nekog iz LGBT populacije?<\/p>\n\n\n\n<p>Reality TV programi su puni scena nasilja.&nbsp; Tamo mu\u0161karac udara \u017eenu, lupa joj \u0161amare, ljudi ulaze sa pi\u0161toljem na ekran, kriminalci postaju popularni pokazuju\u0107i kako se davljenjem protivnik mo\u017ee uspavati, policajca glumi osu\u0111eni kriminalac, poruke mr\u017enje su svakodnevne. Ako se neka \u017eena mo\u017ee i\u0161amarati na TV ekranu za\u0161to se onda \u010duditi da se to de\u0161ava u svakodnevnom \u017eivotu? Ako televizija prikazuje kako se ljudi dave, za\u0161to se onda \u010duditi kad to neko poku\u0161a primjeniti u praksi? Ako kriminalac postaje TV zvijezda, onda kriminal i nije ne\u0161to tako lo\u0161e, isplati se, zar ne? Ako je nasilje na TV slika svakodnevnice, ako se \u0161alje poruka da je ono dozvoljeno, a mr\u017enja legitimna, za\u0161to se onda \u010duditi \u0161to neko na Cetinju misli da svoje probleme mo\u017ee rije\u0161iti ubijanjem drugih?<\/p>\n\n\n\n<p>Vlasnike medija koji promoviraju nasilje zanima samo profit. Ako su la\u017ei i nasilje na\u010din da se profit ostvari, a politici to odgovara, tim gore za istinu i toleranciju. \u201eNaravno da sam profiter koji profit gradi na va\u0161oj retardiranosti. Da niste glupi ko k**** ja nikad ne bih bele\u017eio rekordne profite!\u201c, objasnio je svojevremeno vlasnik TV \u201ePink\u201c&nbsp;<a href=\"https:\/\/twitter.com\/zeljkomitrovic\/status\/1467844375954735108?lang=de\">&nbsp;\u017deljko Mitrovi\u0107 na Twiteru<\/a>.<\/p>\n\n\n\n<p>Da li je vlasnik ove televizije samo drzak ili samo \u0161alje istinitu sliku?<\/p>\n\n\n\n<p>Nasilje se ve\u0107 odavno preselilo i u muzi\u010dke sadr\u017eaje.&nbsp; \u201eRobinja sam tvoja ubi me..\u201c, \u201cja bih opet bila tepih po kome ti gazi\u0161\u201d, \u201cvolim ukus tvoga \u0111ona\u201d, \u201cudari me jako da me zaboli\u201d, \u201cza moje dobro gazi me\u201d, \u201cizbaci me kao da sam \u0111ubre\u2026\u201d, \u201cmo\u017ee\u0161 da me siluje\u0161, mo\u017ee\u0161 da me ubije\u0161, svejedno je\u201d itd. su samo neke od poruka. I jo\u0161 gore, ure\u0111iva\u010dkom politikom medija one postaju popularne!<\/p>\n\n\n\n<p>Davne 1992-e godine je utvr\u0111eno da djeca do zavr\u0161etka osnovne \u0161kole vide 8.000 ubojstava i 100.000 drugih oblika nasilja u medijima, dok \u0107e u stvarnom \u017eivotu vidjeti manje od 1% takvih nasilnih djela. Dvadesetak godina kasnije je izra\u010dunato da \u0107e jedan osamnaestogi\u0161njak vidjeti oko 200.000 simuliranih nasilnih djela! Danas, 30 godina kasnije ovi su se brojevi rapidno promjenili, na gore, i u medijima i u stvarnom \u017eivotu. Danas neki mediji ne simuliraju nasilje, oni ga propagiraju!<\/p>\n\n\n\n<p>Nasilje je \u010desto, ta\u010dnije pre\u010desto, i poruka politi\u010dara. Na\u010din na koji predsjednik Hrvatske, Zoran Milanovi\u0107 vrije\u0111a premijera Andreja Plenkovi\u0107a, i obrnuto, je nezabilje\u017eeno na ovim prostorima. Predsjednik Srbije Aleksandar Vu\u010di\u0107 \u0107e hladno izjaviti da oni gra\u0111ani Srbije koji ljetuju u Hrvatskoj vi\u0161e misle o tome kako \u0107e se okupati, nego \u0161to misle o srpskim \u017ertvama! Beogradska \u201ePolitika\u201c objavljuje na prvoj stranici portala tekst koji govori da se \u201esrpski narod u Crnoj Gori bori za opstanak u biolo\u0161kom, dr\u017eavotvornom, kulturolo\u0161kom, privrednom, socijalnom i svakom drugom smislu\u201c. \u010cinjenica koji to potkrepljuju nema.<\/p>\n\n\n\n<p>Politika gura medije, a to zna\u010di narod koji je korisnik medija, u sukob jer je sukob na\u010din vladanja ve\u0107 40 godina! I uvijek je taj sukob&nbsp; etni\u010dki. Ali, ako se forsira sukob prema drugima za\u0161to se \u010duditi da kad nasilje postane svakodnevnica unutar \u201emog\u201c dvori\u0161ta?<\/p>\n\n\n\n<p>Mogu li mediji biti odgovorniji od politi\u010dara? Beogradska \u201ePolitika\u201c je \u201esamo\u201c prenijela citirano saop\u0161tenje ali je ure\u0111iva\u010dka politika to plasirala kao udarnu vijest i nije postavila pitanje o dokazima za te tvrdnje niti je prenesena izjava nekoga ko misli druga\u010dije. Mediji u Hrvatskoj se zabavljuju citiranjem vrije\u0111anja tamo\u0161njih politi\u010dara, ali mogu li u\u010diniti ne\u0161to vi\u0161e? Neki jesu. NOVA TV i jo\u0161 neki mediji su se suprostavili takvoj komunikaciji i odlu\u010dili da svoju ulogu medija ne svedu samo da prenesu poruke mr\u017enje, nego da im se suprostave, objasne posljedice. Ne mo\u017ee se sjediti u fotelji, pravdati se \u201eja sam samo izvjestio \u0161ta se doga\u0111a.\u201c Odgovornost medija se tu ne zaustavlja. Medij je odgovoran javnosti, ne premijerima ili predsjednicima. Ne reagirati na nasilje u medijima uvjerava ljude da \u017eive u nasilnom svijetu i da je nasilje potrebno da bi svijet bio sigurniji! Ali, to zna\u010di da je nasilje potrebno ne samo nad drugima, nego i nad nama!<\/p>\n\n\n\n<p>Ne mo\u017ee se medij istinom baviti na razli\u010dite na\u010dine, to je onda propaganda. Tada medij \u010dini suprotno od onoga \u0161to mu je funkcija. Nije zadatak medija da govori korisnicima \u0161ta da misle o ne\u010demu, nego o \u010demu treba da razmisle. Ne mogu se emitirati nasilne izjave politi\u010dara bez reakcije, \u0107utati o nasilju vlasti omiljenih kriminalaca poput nedavno u Novom Sadu kada su ljudi iz privatnih obezbje\u0111enja, u suradnji sa policijom, tukli demonstrante! Ne mogu politi\u010dari biti nedodirljivi, kriminalci promovirati u medijske zvijezde, tu\u0107i ljude na TV ekranima, lagati o svemu i sva\u010demu. Nije bitno da li je motiv strah od mo\u0107nika, profit ili karijera. Takva ure\u0111iva\u010dka politike zna\u010di nasilje medija nad svojim korisnicima. To je onda medijsko zlostavljanje. Tako se stvara atmosfera da je nasilje normalno i prihvatljivo i u takvoj atmosferi masakr na Cetinju nije samo rezultat ne\u010dije ludosti bila ona medicinske ili neke druge prirode.<\/p>\n\n\n\n<p><em>Ovaj \u010dlanak je ura\u0111en uz finansijsku podr\u0161ku Nacionalne zadu\u017ebine za demokratiju. Sadr\u017eaj je isklju\u010divo odgovornost autora i izdava\u010da Instituta za medije Crne Gore i nu\u017eno ne odra\u017eava stavove donatora<\/em><\/p>\n","protected":false},"excerpt":{"rendered":"<p>Pi\u0161e: Nenad Peji\u0107 Masakr na Cetinju se u crnogorskim medijima, sa pravom analizira iz svih mogu\u0107ih uglova \u2013 sigurnosnih, zdravstvenih, obrazovnih i sli\u010dno. Da li je pretjerano pitati se koliko su mediji doprinijeli da se ovako ne\u0161to dogodi? Odnosno, da li je porast nasilja, verbalnog, fizi\u010dkog, pojedina\u010dnog i grupnog, dijelom i posljedica ure\u0111iva\u010dke politike mnogih<\/p>\n","protected":false},"author":1,"featured_media":3792,"comment_status":"open","ping_status":"open","sticky":false,"template":"","format":"standard","meta":{"footnotes":""},"categories":[59],"tags":[],"class_list":{"0":"post-3766","1":"post","2":"type-post","3":"status-publish","4":"format-standard","5":"has-post-thumbnail","7":"category-aktuelnosti"},"_links":{"self":[{"href":"https:\/\/citajizmedjuredova.me\/index.php?rest_route=\/wp\/v2\/posts\/3766","targetHints":{"allow":["GET"]}}],"collection":[{"href":"https:\/\/citajizmedjuredova.me\/index.php?rest_route=\/wp\/v2\/posts"}],"about":[{"href":"https:\/\/citajizmedjuredova.me\/index.php?rest_route=\/wp\/v2\/types\/post"}],"author":[{"embeddable":true,"href":"https:\/\/citajizmedjuredova.me\/index.php?rest_route=\/wp\/v2\/users\/1"}],"replies":[{"embeddable":true,"href":"https:\/\/citajizmedjuredova.me\/index.php?rest_route=%2Fwp%2Fv2%2Fcomments&post=3766"}],"version-history":[{"count":1,"href":"https:\/\/citajizmedjuredova.me\/index.php?rest_route=\/wp\/v2\/posts\/3766\/revisions"}],"predecessor-version":[{"id":3769,"href":"https:\/\/citajizmedjuredova.me\/index.php?rest_route=\/wp\/v2\/posts\/3766\/revisions\/3769"}],"wp:featuredmedia":[{"embeddable":true,"href":"https:\/\/citajizmedjuredova.me\/index.php?rest_route=\/wp\/v2\/media\/3792"}],"wp:attachment":[{"href":"https:\/\/citajizmedjuredova.me\/index.php?rest_route=%2Fwp%2Fv2%2Fmedia&parent=3766"}],"wp:term":[{"taxonomy":"category","embeddable":true,"href":"https:\/\/citajizmedjuredova.me\/index.php?rest_route=%2Fwp%2Fv2%2Fcategories&post=3766"},{"taxonomy":"post_tag","embeddable":true,"href":"https:\/\/citajizmedjuredova.me\/index.php?rest_route=%2Fwp%2Fv2%2Ftags&post=3766"}],"curies":[{"name":"wp","href":"https:\/\/api.w.org\/{rel}","templated":true}]}}