{"id":3770,"date":"2022-08-29T10:04:00","date_gmt":"2022-08-29T10:04:00","guid":{"rendered":"https:\/\/citajizmedjuredova.me\/?p=3770"},"modified":"2023-03-11T10:08:59","modified_gmt":"2023-03-11T10:08:59","slug":"ko-se-i-zasto-se-seli-na-telegram-glavno-bojno-polje-u-informacijskom-ratu","status":"publish","type":"post","link":"https:\/\/citajizmedjuredova.me\/?p=3770","title":{"rendered":"Ko se i za\u0161to se seli na Telegram: Glavno bojno polje u informacijskom ratu"},"content":{"rendered":"\n<p><strong>Pi\u0161e: Ivan \u010ca\u0111enovi\u0107, novinar<\/strong><\/p>\n\n\n\n<p>\u201eUzev\u0161i u obzir da su se na\u0161e fejsbuk stranice na\u0161le na meti fejsbuk administratora, zbog vijesti koje prenosimo, a ti\u010du se trenutne ukrajinske krize, obavje\u0161tavamo \u010ditaoce da \u0107emo vijesti o situaciji u Ukrajini od sada prenositi isklju\u010divo na na\u0161oj telegram grupi\u201c.<\/p>\n\n\n\n<p>Rije\u010d je o citatu iz&nbsp;<a href=\"mailto:https:\/\/www.in4s.net\/apel-zbog-fejsbuk-zabrana-i-redukcije-citajte-nas-na-nasem-telegram-kanalu\/\">\u201eapela\u201c<\/a>, koji je svojim \u010ditaocima uputio crnogorski portal IN4S, koji je u istra\u017eivanjima nevladinih organizacija, prepoznat kao jedan od glavnih kanala za \u0161irenje govora mr\u017enje, dezinformacija i la\u017enih vijesti u Crnoj Gori. Tekst je objavljen pod naslovom \u201eZbog fejsbuk zabrana i redukcije \u010ditajte nas na telegramu\u201c.<\/p>\n\n\n\n<p>\u201eFacebook\u201c, recimo, sara\u0111uje sa organizacijama koje se bave provjerom \u010dinjenica, sa ciljem identifikovanja \u010dinjeni\u010dno neta\u010dnog sadr\u017eaja i umanjivanja njegovog dosega. Na sli\u010dan na\u010din reagovao je i internet pretra\u017eiva\u010d \u201eGoogle\u201c. Aplikacije poput Telegrama nemaju ove vidove kontrole sadr\u017eaja.<\/p>\n\n\n\n<p>Bez vidljivosti na Fejsbuku i Guglu, bilo koja informativna stranica gotovo da ne postoji na internetu. Zato za \u0161irenje dezinformacija, la\u017enih vijesti i propagandnog sadr\u017eaja koriste druge platforme. Zato se portal IN4S okrenuo Telegramu, kao \u0161to je u\u010dinio i veliki broj svjetskih portala, sa sli\u010dnom misijom. Samo je IN4S mnogo aktivniji na toj platformi nakon ruske agresije na Ukrajinu, ta\u010dnije od 1. marta. O ovom fenomenu na svjetskom nivou za Slobodnu Dalmaciju govorila je hrvatska ekspertkinja za dru\u0161tvene mre\u017ee Barbara Slade Jagodi\u0107.<\/p>\n\n\n\n<p>\u201eGlavno bojno polje u tom informacijskom ratu postala je aplikacija Telegram. To je mjesto na kojem, prema stru\u010dnjacima za bezbjednost, Rusi i proruski separatisti dogovaraju \u010dak i borbene aktivnosti. To i ne \u010dudi, jer je aplikacija u njihovom vlasni\u0161tvu i hvale se da je inkriptirana\u201c,&nbsp;<a href=\"mailto:https:\/\/slobodnadalmacija.hr\/vijesti\/hrvatska\/hrvatski-strucnjaci-cim-je-krenula-sotonizacija-ukrajine-bilo-je-jasno-da-ce-rat-i-kod-nas-su-u-ratu-srbi-pustali-lazne-price-o-pokolju-beba-u-borovu-glavno-bojno-polje-postala-je-aplikacija-telegram-1172054\">pojasnila je Slade Jagodi\u0107<\/a>.<\/p>\n\n\n\n<p>Me\u0111utim, portal IN4S nije jedina crnogorska platforma koja je svoje uto\u010di\u0161te na\u0161la na Telegramu. Mnoge grupe, koje \u0161ire dezinfromacije i govor mr\u017enje, prebacili su se sa popularnih dru\u0161tvenih mre\u017ea na Telegram. Jedna od njih je popularna instagram stranica \u201eBunt Crna Gora\u201c, koja sebe naziva i portalom. Iako su na Instagramu sakupili skoro 18,5 hiljada pratilaca, na svom Telegram kanalu pod nazivom \u201eBunt je stanje duha\u201c imaju 64,5 hiljada pratilaca. &nbsp;Izme\u0111u ostalog \u010desto prenose i la\u017ene vijesti sa manje pra\u0107enijeg portala IN4S (8,5 hiljada pratilaca), ali i generalno informacije sa te platforme, \u010dijem ideolo\u0161kom spektru pripadaju.<\/p>\n\n\n\n<p>Tako su objavili&nbsp;<a href=\"mailto:https:\/\/www.in4s.net\/ekskluzivno-in4s-saznaje-mladic-i-karadzic-uskoro-u-rusiji-bice-razmijenjeni-za-zarobljene-nato-oficire-u-ukrajini\/\">vijest<\/a>&nbsp;sa portala IN4S da \u0107e osu\u0111eni ratni zlo\u010dinci Ratko Mladi\u0107 i Radovan Karad\u017ei\u0107 uskoro biti razmijenjeni za oficire NATO Alijanse, zarobljene u ukrajinskom ratu. Vi\u0161e od hiljadu pratilaca Bunta pozitivno je reagovalo na ovu vijest. Dok je na Telegram kanalu portala IN4S ukupno reagovalo manje od 150 pratilaca.<\/p>\n\n\n\n<p>Bosanski portal Detektor.ba ocijenio je, ipak, da je rije\u010d o&nbsp;<a href=\"mailto:https:\/\/detektor.ba\/2022\/06\/23\/vijest-proruskih-i-ruskih-portala-o-razmjeni-mladica-i-karadzica-za-zarobljenike-jeste-dezinformacija-tvrde-strucnjaci\/\">dezinformaciji<\/a>. Oni su kontaktirali njihovu porodicu i advokate, koji nijesu imali informacije o mogu\u0107oj razmjeni. Sa druge strane IN4S se pozivao na nezvani\u010dne izvore.<\/p>\n\n\n\n<p>Sporni sadr\u017eaj \u0161ire &nbsp;i drugi crnogorski Telegram kanali \u2013 RIA Novosti na srpskom (4,1 hiljada pratilaca), Srpska \u010dast (4,8 hiljada pratilaca), Crna Gora Srpska Sparta (3,8 hiljada pratilaca), Crna Gora Srpska Sparta (3,8 hiljada pratilaca), Kosovo \u2013 sveta srpska zemlja (2,9 hiljada pratilaca)\u2026 Neki od njih veli\u010daju fa\u0161isti\u010dke vo\u0111e iz \u010detni\u010dkog pokreta, poput Dra\u017ee Mihailovi\u0107a ili ratne zlo\u010dince iz devedesetih, kao \u0161to je slu\u010daj Ratka Mladi\u0107a, objavljuju se fotografije i veli\u010danje srpskih dobrovoljaca u ruskoj agresiji na Ukrajinu, dok pojedini prodaju i majice sa trobojnim slovom \u201ez\u201c, simbolom ruske agresije.<\/p>\n\n\n\n<p>Istra\u017eiva\u010d iz Digitalnog forenzi\u010dkog centra (DFC) Milan Jovanovi\u0107 ka\u017ee da su, suo\u010deni sa ograni\u010davanjem dometa (reach-a) na dru\u0161tvenoj mre\u017ei \u201eFacebook\u201c, proruski mediji i aktivisti na globalnom nivou, pa tako i kod nas, potra\u017eili alternativnu platformu za promociju svojih ideja \u2013 u ovom slu\u010daju Telegram.<\/p>\n\n\n\n<p>\u201eKako ja to vidim, postoje po jedan ideolo\u0161ki i prakti\u010dni razlog koji mogu objasniti situaciju. Ideolo\u0161ki \u2013 platformu je napravio upravo Rus Pavel Durov, kojeg znamo kao osniva\u010da ruskog pandana Fejsbuka \u2013 mre\u017ee VKontakte. Prakti\u010dni razlog \u2013 Telegram je poznat po rastegljivoj politici sankcionisanja govora mr\u017enje i dezinformacija, koji omogu\u0107ava upravo desni\u010darskim grupama da se promovi\u0161u\u201d, poja\u0161njava Jovanovi\u0107.<\/p>\n\n\n\n<p>Tvrdi da se po istom modelu, zastupljenom na ruskim i proruskim medijima u Crnoj Gori i regionu, na Telegram kanalima svakodnevno distribuiraju dezinformacije, neprovjerene informacije i proruski propagandni sadr\u017eaji vezani za rat u Ukrajini. DFC je&nbsp; detektovao mre\u017eu Telegram kanala na srpskom i ruskom koji me\u0111usobno prenose takve objave, a \u010diji \u010dlanovi dominantno dolaze iz Crne Gore i Srbije.<\/p>\n\n\n\n<p>\u201cOsim opravdavanja invazije, \u010desto se mogu prona\u0107i i antizapadni i procrkveni narativi, uz \u010desto targetiranje nesitomi\u0161ljenika. Poznat je slu\u010daj kada je Telegram grupa ultra-desni\u010dara iz Srbije, Nju Ejd\u017e \u010cetnici, targetirala TBOK zbog njihove kritike mim stranica u Crnoj Gori. \u010clanovi te grupe su na poziv admina organizovano targetirali Facebook stranicu TBOK u cilju diskreditacije i zastra\u0161ivanja. DFC je tada zabilje\u017eio i reagovao na ovaj slu\u010daj\u201d, podsje\u0107a Jovanovi\u0107.<\/p>\n\n\n\n<p>Politikolog Bal\u0161a Lubarda, koji je doktorirao na desni\u010darskim pokretima u Evropi, tvrdi da veliku ulogu igra \u201cpredstava o ugro\u017eenosti\u201d i \u201c uloga \u017ertve\u201d. To \u010desto uti\u010de na broj pristalica takvih pokreta. Ako je neko \u201czabranjen\u201d dobija ja\u010du i ve\u0107u podr\u0161ku svojih pristalica<\/p>\n\n\n\n<p>Tvrdi da je o onlajn sferi to te\u0161ko rje\u0161ivo jer internet platforme, odnosno najpoznatije dru\u0161tvene mre\u017ee kasno reaguju na takve pojave. Ne vidi ni trajno rje\u0161enje u Crnoj Gori.<\/p>\n\n\n\n<p>\u201eZakonska regulativa je dosta manjkava i u ovom trenutku. U planu je novi zakon o medijima, odnosno set zakona o medijima koji \u0107e, i ja se li\u010dno nadam, to adresirati. Ali nije to ni vi\u0161e pitanje zakona nego i implementacije. Kako obezbijediti da aktera koji \u0161iri mr\u017enju deplatformujete, odnosno oduzete mu platformu za \u0161irenje govora mr\u017enje, a da taj akter ne dobije jo\u0161 ve\u0107u podr\u0161ku zato \u0161to je navodno ugro\u017een?\u201c, upitao je Lubada.<\/p>\n\n\n\n<p>Tvrdi da to ne bi prolazilo da ne \u017eivimo u visokotenzi\u010dnom dru\u0161tvu gdje ta pri\u010da o ugro\u017eenosti na\u017ealost prolazi.<\/p>\n\n\n\n<p><em>Ovaj \u010dlanak je ura\u0111en uz finansijsku podr\u0161ku Nacionalne zadu\u017ebine za demokratiju. Sadr\u017eaj je isklju\u010divo odgovornost autora i izdava\u010da Instituta za medije Crne Gore i nu\u017eno ne odra\u017eava stavove donatora.<\/em><\/p>\n","protected":false},"excerpt":{"rendered":"<p>Pi\u0161e: Ivan \u010ca\u0111enovi\u0107, novinar \u201eUzev\u0161i u obzir da su se na\u0161e fejsbuk stranice na\u0161le na meti fejsbuk administratora, zbog vijesti koje prenosimo, a ti\u010du se trenutne ukrajinske krize, obavje\u0161tavamo \u010ditaoce da \u0107emo vijesti o situaciji u Ukrajini od sada prenositi isklju\u010divo na na\u0161oj telegram grupi\u201c. Rije\u010d je o citatu iz&nbsp;\u201eapela\u201c, koji je svojim \u010ditaocima uputio<\/p>\n","protected":false},"author":1,"featured_media":3771,"comment_status":"open","ping_status":"open","sticky":false,"template":"","format":"standard","meta":{"footnotes":""},"categories":[59],"tags":[],"class_list":{"0":"post-3770","1":"post","2":"type-post","3":"status-publish","4":"format-standard","5":"has-post-thumbnail","7":"category-aktuelnosti"},"_links":{"self":[{"href":"https:\/\/citajizmedjuredova.me\/index.php?rest_route=\/wp\/v2\/posts\/3770","targetHints":{"allow":["GET"]}}],"collection":[{"href":"https:\/\/citajizmedjuredova.me\/index.php?rest_route=\/wp\/v2\/posts"}],"about":[{"href":"https:\/\/citajizmedjuredova.me\/index.php?rest_route=\/wp\/v2\/types\/post"}],"author":[{"embeddable":true,"href":"https:\/\/citajizmedjuredova.me\/index.php?rest_route=\/wp\/v2\/users\/1"}],"replies":[{"embeddable":true,"href":"https:\/\/citajizmedjuredova.me\/index.php?rest_route=%2Fwp%2Fv2%2Fcomments&post=3770"}],"version-history":[{"count":1,"href":"https:\/\/citajizmedjuredova.me\/index.php?rest_route=\/wp\/v2\/posts\/3770\/revisions"}],"predecessor-version":[{"id":3772,"href":"https:\/\/citajizmedjuredova.me\/index.php?rest_route=\/wp\/v2\/posts\/3770\/revisions\/3772"}],"wp:featuredmedia":[{"embeddable":true,"href":"https:\/\/citajizmedjuredova.me\/index.php?rest_route=\/wp\/v2\/media\/3771"}],"wp:attachment":[{"href":"https:\/\/citajizmedjuredova.me\/index.php?rest_route=%2Fwp%2Fv2%2Fmedia&parent=3770"}],"wp:term":[{"taxonomy":"category","embeddable":true,"href":"https:\/\/citajizmedjuredova.me\/index.php?rest_route=%2Fwp%2Fv2%2Fcategories&post=3770"},{"taxonomy":"post_tag","embeddable":true,"href":"https:\/\/citajizmedjuredova.me\/index.php?rest_route=%2Fwp%2Fv2%2Ftags&post=3770"}],"curies":[{"name":"wp","href":"https:\/\/api.w.org\/{rel}","templated":true}]}}