{"id":3779,"date":"2022-09-15T10:54:00","date_gmt":"2022-09-15T10:54:00","guid":{"rendered":"https:\/\/citajizmedjuredova.me\/?p=3779"},"modified":"2023-03-11T11:24:08","modified_gmt":"2023-03-11T11:24:08","slug":"film-junk-folder-o-fabrikovanom-sadrzaju-bez-granica","status":"publish","type":"post","link":"https:\/\/citajizmedjuredova.me\/?p=3779","title":{"rendered":"Film Junk Folder \u2013 o fabrikovanom sadr\u017eaju bez granica"},"content":{"rendered":"\n<p>Izvor: media.ba<\/p>\n\n\n\n<p><em>O dezinformacijama na internetu se malo ili nedovoljno govori, \u0161to je bio povod za produkciju dokumentarnog filma koji pokazuje da takav \u0161tetni, fabrikovani sadr\u017eaj nema granica.<\/em><\/p>\n\n\n\n<p><em>foto: Privatna arhiva<\/em><\/p>\n\n\n\n<p>Junk Folder, novi film re\u017eisera Alena \u0160imi\u0107a koji je nastao u produkciji Mediacentra Sarajevo, govori o tome koliko dezinformacije \u0161tete profesionalnom novinarstvu i s \u010dime se sve ono posljedi\u010dno suo\u010dava, kako se protiv dezinformacija bore profesionalni istra\u017eiva\u010dki novinari, a kako&nbsp;<em>fact-checkeri<\/em>, kako izgledaju \u201ela\u017ene vijesti\u201c i ko stoji iza njih. Publika koja pogleda Junk Folder, sigurno \u0107e biti za \u201emrvu vi\u0161e\u201c informisana o stvarima o kojima je znala malo ili nikako, ka\u017ee \u0160imi\u0107 u razgovoru za Mediacentar Sarajevo.&nbsp;<\/p>\n\n\n\n<p>Dezinformacije nemaju granice, a tema filma Junk Folder \u2013 \u0160irenje dezinformacija u Zapadnom Balkanu upravo to pokazuje, ali i govori kako je nedovoljna medijska pismenost uzrok njihovog \u0161irenja. De\u0161ava se da visokoobrazovani ljudi ne prepoznaju satiri\u010dne portale. Isti\u010de kako su dezinformacije globalni fenomen o kojem se malo govori na na\u0161em podru\u010dju, a na koji se treba ukazati.<\/p>\n\n\n\n<p>\u201ePodaci iz filma, i mnoge druge tragikomi\u010dne situacije, saznao sam tokom istra\u017eivanja. Film je nastao u trenutku kada je generalno koli\u010dina informacija koje su kru\u017eile na dnevnoj osnovi bila nepodno\u0161ljiva, a kamoli la\u017enih. Mi internet jo\u0161 uvijek shvatamo kao neku pijacu u Marakeshu gdje je sve dozvoljeno i gdje ba\u0161 zato \u0161to nije u pitanju fizi\u010dki prisutno mjesto, ne\u0107emo imati posljedice\u201c, isti\u010de \u0160imi\u0107 i dodaje da bi stvarnost trebala biti druga\u010dija.<\/p>\n\n\n\n<p>U filmu o \u0161tetnom sadr\u017eaju na internetu govore i&nbsp;<em>fact-checkeri<\/em>, \u010dija profesija je, prema \u0160imi\u0107evom mi\u0161ljenju, bitna, ali isto tako, kako ka\u017ee, ima dvostruku interpretaciju. \u201eS jedne strane su shva\u0107eni ozbiljnim i bitnim, a s druge strane ih se nipoda\u0161tava time da \u201akvare posao\u2018 drugima. Ja naginjem ka ovom prvom\u201c, poru\u010duje on.&nbsp;<\/p>\n\n\n\n<p>Kroz cijeli film se pro\u017eimaju scene sa deponije, a \u0160imi\u0107 ka\u017ee da su te scene ustvari metafora. \u201eFilm tematizira internet, ne\u0161to \u0161to ne postoji u fizi\u010dkoj formi osim mo\u017eda kablova i servera. Generalno je problemati\u010dno kako predstaviti taj svijet, a da to nije generi\u010dan prikaz. Mi smo se odlu\u010dili za metaforu, po\u0161to se film bavi dezinformacijama koje su sme\u0107e interneta, mi smo snimali na deponiji koja ima konkretno sme\u0107e\u201c, isti\u010de \u0160imi\u0107.&nbsp;<\/p>\n\n\n\n<figure class=\"wp-block-image\"><img decoding=\"async\" src=\"https:\/\/media.ba\/sites\/default\/files\/junk_folder.jpg\" alt=\"\"\/><\/figure>\n\n\n\n<p>Smatra da se u javnosti ne govori dovoljno o dezinformacijama i o tome koliko pojava la\u017enih vijesti mo\u017ee lo\u0161e uticati na cjelokupno dru\u0161tvo.&nbsp;<\/p>\n\n\n\n<p>\u201cMoj do\u017eivljaj je da se o tome apsolutno nikako ne govori, \u0161tavi\u0161e, u pitanju je tema koju svi koriste kako mogu. Tako da za\u0161to bi iko skretao pa\u017enju na to kada iza sebe ima \u201aarmiju trollova\u2018 koji stvaraju la\u017ene sadr\u017eaje i samim tim uni\u0161tavao svoj \u201abiznis\u2018 ili dovodio svoj polo\u017eaj u pitanje\u201c, dodaje \u0160imi\u0107.<\/p>\n\n\n\n<p>Istra\u017eivanje za ovaj film je trajalo vi\u0161e od mjesec, a pripreme za snimanje dvije sedmice i mnogo sastanaka, pri\u010da \u0160imi\u0107. Ka\u017ee i da je ova tema naro\u010dito bitna za dr\u017eave Zapadnog Balkana, jer se o medijskoj pismenosti nedovoljno govori, dok ga neke razvijene evropske zemlje uvode u redovne nastavne procese.<\/p>\n\n\n\n<p>Poseban izazov tokom rada na filmu za \u0160imi\u0107a je taj \u0161to je obra\u0111ivao temu koja se ti\u010de kolektiva, a ne temu koja je njemu na prvu privla\u010dna.&nbsp;<\/p>\n\n\n\n<p>\u201eIna\u010de sam obra\u0111ivao teme koje su meni privla\u010dne i na na\u010din koji je meni zanimljiv. Ovaj put sam morao to gurnuti u stranu i vi\u0161e razmi\u0161ljati o publici i kako da to njima predstavim na zanimljiv na\u010din\u201c, navodi \u0160imi\u0107.&nbsp;<\/p>\n\n\n\n<p>On ka\u017ee i da je mnogo novog o dezinformacijama nau\u010dio rade\u0107i na filmu. Tako\u0111e je, kako isti\u010de, u isto vrijeme shvatio da je to samo mali dio i da bi volio u skorijoj budu\u0107nosti na neki na\u010din nastaviti da radi ne\u0161to vezano za tu temu.<\/p>\n\n\n\n<p>Re\u017eiser ka\u017ee i da film Junk Folder mo\u017ee razviti svijest o fabrikovanom sadr\u017eaju&nbsp;kod \u0161ire publike i o tome kolika je opasnost koju takav sadr\u017eaj donosi. Dodaje da je kroz probne projekcije i slanje filma prijateljima koji su razli\u010ditih afiniteta ili obrazovanja dobijao uvijek identi\u010dan odgovor. \u201eOni, kao i ja prije njih, nisu znali koliki je obim svega toga, a isto do kakve \u0161tetnosti mo\u017ee do\u0107i \u0161irenjem takvih vijesti\u201c, govori.&nbsp;<\/p>\n\n\n\n<figure class=\"wp-block-embed is-type-rich is-provider-embed-handler wp-block-embed-embed-handler wp-embed-aspect-16-9 wp-has-aspect-ratio\"><div class=\"wp-block-embed__wrapper\">\n<iframe title=\"Film - Junk Folder\" width=\"788\" height=\"443\" src=\"https:\/\/www.youtube.com\/embed\/yuYYuWjCC6c?feature=oembed\" frameborder=\"0\" allow=\"accelerometer; autoplay; clipboard-write; encrypted-media; gyroscope; picture-in-picture; web-share\" allowfullscreen><\/iframe>\n<\/div><\/figure>\n\n\n\n<p>Film Junk Folder producirao je Mediacentar Sarajevo, u saradnji sa South East European Network for Professionalization of Media (SEENPM), u sklopu regionalnog programa \u201cSNA\u017dNI\u201d.<\/p>\n\n\n\n<p>Regionalni program \u201cSNA\u017dNI: Aktivnost civilnog dru\u0161tva u osna\u017eivanju slobode medija i borbi protiv dezinformacija i mrzila\u010dke propagande na Zapadnom Balkanu i Turskoj\u201d implementira se uz finansijsku podr\u0161ku Evropske unije i partnerskih organizacija: SEENPM, Albanski medijski institut, Mediacentar Sarajevo, Kosovo 2.0, Institut za medije Crne Gore, Makedonski institut za medije, Novosadska novinarska \u0161kola, Mirovni in\u0161titut Ljubljana i agencija Bianet iz Turske.<\/p>\n","protected":false},"excerpt":{"rendered":"<p>Izvor: media.ba O dezinformacijama na internetu se malo ili nedovoljno govori, \u0161to je bio povod za produkciju dokumentarnog filma koji pokazuje da takav \u0161tetni, fabrikovani sadr\u017eaj nema granica. foto: Privatna arhiva Junk Folder, novi film re\u017eisera Alena \u0160imi\u0107a koji je nastao u produkciji Mediacentra Sarajevo, govori o tome koliko dezinformacije \u0161tete profesionalnom novinarstvu i s<\/p>\n","protected":false},"author":1,"featured_media":3794,"comment_status":"open","ping_status":"open","sticky":false,"template":"","format":"standard","meta":{"footnotes":""},"categories":[59],"tags":[],"class_list":{"0":"post-3779","1":"post","2":"type-post","3":"status-publish","4":"format-standard","5":"has-post-thumbnail","7":"category-aktuelnosti"},"_links":{"self":[{"href":"https:\/\/citajizmedjuredova.me\/index.php?rest_route=\/wp\/v2\/posts\/3779","targetHints":{"allow":["GET"]}}],"collection":[{"href":"https:\/\/citajizmedjuredova.me\/index.php?rest_route=\/wp\/v2\/posts"}],"about":[{"href":"https:\/\/citajizmedjuredova.me\/index.php?rest_route=\/wp\/v2\/types\/post"}],"author":[{"embeddable":true,"href":"https:\/\/citajizmedjuredova.me\/index.php?rest_route=\/wp\/v2\/users\/1"}],"replies":[{"embeddable":true,"href":"https:\/\/citajizmedjuredova.me\/index.php?rest_route=%2Fwp%2Fv2%2Fcomments&post=3779"}],"version-history":[{"count":2,"href":"https:\/\/citajizmedjuredova.me\/index.php?rest_route=\/wp\/v2\/posts\/3779\/revisions"}],"predecessor-version":[{"id":3795,"href":"https:\/\/citajizmedjuredova.me\/index.php?rest_route=\/wp\/v2\/posts\/3779\/revisions\/3795"}],"wp:featuredmedia":[{"embeddable":true,"href":"https:\/\/citajizmedjuredova.me\/index.php?rest_route=\/wp\/v2\/media\/3794"}],"wp:attachment":[{"href":"https:\/\/citajizmedjuredova.me\/index.php?rest_route=%2Fwp%2Fv2%2Fmedia&parent=3779"}],"wp:term":[{"taxonomy":"category","embeddable":true,"href":"https:\/\/citajizmedjuredova.me\/index.php?rest_route=%2Fwp%2Fv2%2Fcategories&post=3779"},{"taxonomy":"post_tag","embeddable":true,"href":"https:\/\/citajizmedjuredova.me\/index.php?rest_route=%2Fwp%2Fv2%2Ftags&post=3779"}],"curies":[{"name":"wp","href":"https:\/\/api.w.org\/{rel}","templated":true}]}}