{"id":3786,"date":"2022-09-16T11:03:00","date_gmt":"2022-09-16T11:03:00","guid":{"rendered":"https:\/\/citajizmedjuredova.me\/?p=3786"},"modified":"2023-03-11T11:21:52","modified_gmt":"2023-03-11T11:21:52","slug":"targetiranje-novinara-u-maniru-dps-a-novinare-na-bandere-slobodu-medija-o-klin","status":"publish","type":"post","link":"https:\/\/citajizmedjuredova.me\/?p=3786","title":{"rendered":"Targetiranje novinara u maniru DPS-a: Novinare na bandere, slobodu medija o klin"},"content":{"rendered":"\n<p><strong>Pi\u0161e: Ivan \u010ca\u0111enovi\u0107<\/strong><\/p>\n\n\n\n<h3 class=\"wp-block-heading\">Nakon \u0161to je premijer Dritan Abazovi\u0107 u vi\u0161e navrata optu\u017eivao medije i prijetio ga\u0161enjem, na mejl adresu jednog od njih stigla je prijetnja smr\u0107u<\/h3>\n\n\n\n<p>\u201eNovinar si pi*ka ti materina pa pi\u0161i o ovim go*nima i znaj visi\u0107e\u0161 na banderi u bulevaru za primer, kolabirantu\u201c, jedna je od prijetnji koja je protekle sedmice upu\u0107ena urednici nedavno osnovanog&nbsp;<em>M portala.<\/em>&nbsp;Rije\u010d je o mediju koji du\u017ee vrijeme objavljuje prepiske kriminalaca, pripadnika takozvanog \u201e\u0161kaljarskog\u201c klana, u kojima se pominje odlaze\u0107i premijer&nbsp;<strong>Dritan Abazovi\u0107<\/strong>, funkcioneri ove i prethodne Vlade, ali i Srpska pravoslavna crkva i Demokratski front. U nekoliko mjelova koji su stigli na adresu glavne urednice&nbsp;<em>M portala&nbsp;<\/em><strong>Danice Nikoli\u0107<\/strong>&nbsp;targetirani su novinari, gra\u0111anski i nevladini aktivisti, politi\u010dari i preduze\u0107a\u2026<\/p>\n\n\n\n<p>Povodom tih prijetnji Osnovno dr\u017eavno tu\u017eila\u0161tvo u Podgorici je formiralo predmet. Prijetnje&nbsp;<em>M portalu<\/em>&nbsp;stigle su nakon vi\u0161e Abazovi\u0107evih otu\u017ebi, da ovaj i neki drugi mediji, rade\u0107i za Demokratsku partiju socijalista (DPS), \u0161ire govor mr\u017enje i ekstremizam, a doveo ih je u vezu sa kriminalnim klanovima. Iz<em>&nbsp;M portala<\/em>&nbsp;je prethodno saop\u0161teno da stvari komplikuje \u0107utanje onih koji bi trebalo da ih za\u0161tite kao gra\u0111ane i kao novinare. Na izjave premijera Abazovi\u0107a reagovali su i iz&nbsp;<em>Gradske televizije<\/em>, \u010diji je osniva\u010d Grad Podgorica, a na \u010dijem \u010delu je<strong>&nbsp;Ivan<\/strong>&nbsp;<strong>Vukovi\u0107<\/strong>&nbsp;iz DPS-a. Oni su 11. septembra od direktora Uprave policije<strong>&nbsp;Zorana<\/strong>&nbsp;<strong>Br\u0111anina<\/strong>&nbsp;zatra\u017eili procjenu bezbjednosti njihovih novinara i urednika. \u201eKao posljedicu ovih nezapam\u0107enih pritisaka vrha dr\u017eave na medije, meta smo konstantnih prijetnji i uvreda ne samo korisnika dru\u0161tvenih mre\u017ea, nego i nepoznatih gra\u0111ana na razli\u010ditim javnim mjestima\u201c, naveli su iz Gradske televizije.<\/p>\n\n\n\n<p><em>Akcija za ljudska prava<\/em>&nbsp;(HRA) je osudila optu\u017ebe koje je premijer u tehni\u010dkom mandatu iznio na ra\u010dun medija, bliskih Demokratskoj partiji socijalista. Premijer je, kako ka\u017eu, odgovoran za promociju slobode medija, koja podrazumijeva i pravo na kritiku vlasti, \u010dak i onda kad ta kritika nije potpuno utemeljena. Podsje\u0107aju da je Abazovi\u0107 nekoliko puta optu\u017eio pomenute medije i pojedince da su povezani sa kriminalnim grupama i da raspiruju i \u0161ire nacionalnu mr\u017enju.<\/p>\n\n\n\n<p>\u201eJednom je zaprijetio i ga\u0161enjem medija, \u0161to je nedopustivo u demokratskom dru\u0161tvu, posebno jer to nije u nadle\u017enosti premijera. Umjesto zapaljivih izjava, koje kr\u0161e pretpostavku nevinosti i zagovaraju netrpeljivost prema novinarima, od premijera se o\u010dekuje da eventualne dokaze o krivi\u010dnim djelima, koja su izvr\u0161ili novinari, proslijedi dr\u017eavnom tu\u017eila\u0161tvu putem Ministarstva unutra\u0161njih poslova ili Uprave policije, organa u njegovoj nadle\u017enosti, umjesto da saop\u0161tava optu\u017ebe bez dokaza putem medija\u201d, isti\u010du u HRA.<\/p>\n\n\n\n<p>Kritike Abazovi\u0107a prema&nbsp;<em>M portalu<\/em>&nbsp;su se intenzivirale nakon \u0161to je taj portal od sredine avgusta po\u010deo da objavljuje transkripte razgovora navodnih pripadnika \u0161akaljarskog klana sa&nbsp;<em>Sky aplikacije<\/em>&nbsp;u kojima se pominje i lider gra\u0111anskog pokreta URA i njegovi saradnici. Komentari\u0161u\u0107i objavljene transkripte razgovora navodnih pripadnika \u0161kaljarskog klana, a u kojima se pominje premijerovo ime, Abazovi\u0107 je optu\u017eio iste medije da sara\u0111uju sa djelovima organizovanog kriminala.<\/p>\n\n\n\n<p>\u201eTo \u0161to objavljuje&nbsp;<em>M portal<\/em>, to \u0161to radi&nbsp;<em>Pobjeda<\/em>, CDM i portal&nbsp;<em>Analitika<\/em>&nbsp;i drugi\u2026 sve je povezano imenima o kojima sam govorio u Specijalnom tu\u017eila\u0161tvu\u201c, rekao je Abazovi\u0107 5. septembra nakon saslu\u0161anja u Specijalnom tu\u017eila\u0161tvu, gdje je govorio o svojim saznanjima o \u0161vercu cigareta.<\/p>\n\n\n\n<p>Medijski ekspert&nbsp;<strong>Du\u0161ko Vukovi\u0107<\/strong>&nbsp;za&nbsp;<em>Monitor<\/em>&nbsp;ka\u017ee da ljudi iz vlasti, pa i oni iz prvog e\u0161alona, imaju pravo na afektivna raspolo\u017eenja, ali moraju znati da \u0107e ih ta raspolo\u017eenja kompromitovati. On primje\u0107uje da, umjesto da u\u010de na gre\u0161kama prethodnika, vlast koju personifikuje mladi Dritan Abazovi\u0107 njihove gre\u0161ke koristi kao po\u017eeljne obrasce pona\u0161anja.<\/p>\n\n\n\n<p>\u201eObaveza je vlasti da uredi sistem i izgradi nezavisne&nbsp;institucije koji \u0107e obezbijediti pretpostavke za medijske i svake druge slobode, a da onda institucije sankcioni\u0161u one koji kr\u0161e zakone, profesionalne standarde i etiku. To je izostalo, a optu\u017ebe i prijetnje kafanskog tipa su ostale crnogorska paradigma kada je rije\u010d o odnosu vlasti i medija\u201c, isti\u010de Vukovi\u0107.<\/p>\n\n\n\n<p>Direktorica&nbsp;<em>Instituta za medije<\/em>&nbsp;<strong>Olivera Nikoli\u0107<\/strong>&nbsp;smatra da&nbsp;je te\u017eina rije\u010di obezvrije\u0111ena, a da smo svakodnevno svjedoci toksi\u010dnosti koja se izliva u javni prostor zbog porasta uvredljivog i govora mr\u017enje, \u0161to rezultira agresijom, netrpeljivo\u0161\u0107u, poja\u010danim stereotipima, predrasudama, na kraju i podjelama.<\/p>\n\n\n\n<p>\u201ePojedini politi\u010dari ne prezaju od poku\u0161aja disciplinovanja medija, \u010dije im ure\u0111iva\u010dke politike nijesu po volji. Targetiraju medije i novinare. Svjedoci smo sve \u010de\u0161\u0107eg pritiska na novinare, koji su posljednjih godina u\u010destala meta napada i \u010dija je bezbjednost ugro\u017eena\u201c, pojasnila je Nikoli\u0107.<\/p>\n\n\n\n<p>Direktorica&nbsp;<em>Akcije za ljudska prava<\/em>&nbsp;Tea Gorjanc Prelevi\u0107 isti\u010de da Abazovi\u0107 nastavlja praksu koja je karakterisala biv\u0161u vi\u0161edecenijsku vlast DPS-a. Ona smatra da se, umjesto \u201ezapaljivih izjava\u201c, od premijera o\u010dekuje da eventualne dokaze o krivi\u010dnim djelima novinara proslijedi dr\u017eavnom tu\u017eila\u0161tvu i to putem Ministarstva unutra\u0161njih poslova ili Uprave policije, koji su u njegovoj nadle\u017enosti, umjesto \u0161to saop\u0161tava optu\u017ebe bez dokaza. Konstatuje da je na sceni nastavak vi\u0161edecenijske prakse koja je dovela do napada na novinare, u nekim slu\u010dajevima sa najte\u017eim posljedicama.<\/p>\n\n\n\n<p>Olivera Nikoli\u0107 ukazuje da od odgovornosti ne mogu pobje\u0107i ni mediji. Vi\u0161e su, ka\u017ee, dio problema nego rje\u0161enja. Utaboreni i podijeljeni popu\u0161taju pred pritiscima centara mo\u0107i, zamagljuju granicu izme\u0111u \u010dinjenica i mi\u0161ljenja, selektivno pristupaju u odbrani javnog interesa.<\/p>\n\n\n\n<p>\u201eSve rje\u0111e su prostor dijaloga, a sve \u010de\u0161\u0107e prostor politi\u010dkog obra\u010duna, ili megafon centara mo\u0107i iz politike i van nje\u201c ka\u017ee Nikoli\u0107. Ona pita: \u201ePodriveno je povjerenje u medije i institucije i kome gra\u0111ani da vjeruju i ko \u0107e to da servisira njihovu osnovnu potrebu da budu informisani i obavije\u0161teni?\u201c<\/p>\n\n\n\n<p><strong>Sini\u0161a Bijekovi\u0107<\/strong>, za\u0161titnik ljudskih prava i sloboda Crne Gore, osudio je prijetnje i uvrede upu\u0107ene urednici&nbsp;<em>M portala<\/em>, kao i ostalim novinarima i drugim javnim li\u010dnostima koji su targetirani porukama \u201ekrajnje prizemne i uznemiruju\u0107e sadr\u017eine\u201c. Sad, zanimljivo \u2013 iz &nbsp;Ministarstva kulture i medija poru\u010dili su da \u201enapadi i prijetnje novinarima i novinarkama, naru\u0161avaju princip slobode medija koji mora biti do kraja po\u0161tovan, bez obzira na ure\u0111iva\u010dku politiku medija\u201c. Ambasadorka Sjedinjenih Ameri\u010dkih Dr\u017eava (SAD)&nbsp;<strong>D\u017eudi Rajzing Rajnke<\/strong>&nbsp;(Judy Rising Reinke) saop\u0161tila je da nije prihvatljivo kada politi\u010dki lideri kritikuju novinare ili medijske ku\u0107e jer im se ne svi\u0111a kako oni izvje\u0161tavaju, \u0161to dovodi do ugro\u017eavanja bezbjednosti novinara.<\/p>\n","protected":false},"excerpt":{"rendered":"<p>Pi\u0161e: Ivan \u010ca\u0111enovi\u0107 Nakon \u0161to je premijer Dritan Abazovi\u0107 u vi\u0161e navrata optu\u017eivao medije i prijetio ga\u0161enjem, na mejl adresu jednog od njih stigla je prijetnja smr\u0107u \u201eNovinar si pi*ka ti materina pa pi\u0161i o ovim go*nima i znaj visi\u0107e\u0161 na banderi u bulevaru za primer, kolabirantu\u201c, jedna je od prijetnji koja je protekle sedmice<\/p>\n","protected":false},"author":1,"featured_media":3787,"comment_status":"open","ping_status":"open","sticky":false,"template":"","format":"standard","meta":{"footnotes":""},"categories":[59],"tags":[],"class_list":{"0":"post-3786","1":"post","2":"type-post","3":"status-publish","4":"format-standard","5":"has-post-thumbnail","7":"category-aktuelnosti"},"_links":{"self":[{"href":"https:\/\/citajizmedjuredova.me\/index.php?rest_route=\/wp\/v2\/posts\/3786","targetHints":{"allow":["GET"]}}],"collection":[{"href":"https:\/\/citajizmedjuredova.me\/index.php?rest_route=\/wp\/v2\/posts"}],"about":[{"href":"https:\/\/citajizmedjuredova.me\/index.php?rest_route=\/wp\/v2\/types\/post"}],"author":[{"embeddable":true,"href":"https:\/\/citajizmedjuredova.me\/index.php?rest_route=\/wp\/v2\/users\/1"}],"replies":[{"embeddable":true,"href":"https:\/\/citajizmedjuredova.me\/index.php?rest_route=%2Fwp%2Fv2%2Fcomments&post=3786"}],"version-history":[{"count":1,"href":"https:\/\/citajizmedjuredova.me\/index.php?rest_route=\/wp\/v2\/posts\/3786\/revisions"}],"predecessor-version":[{"id":3788,"href":"https:\/\/citajizmedjuredova.me\/index.php?rest_route=\/wp\/v2\/posts\/3786\/revisions\/3788"}],"wp:featuredmedia":[{"embeddable":true,"href":"https:\/\/citajizmedjuredova.me\/index.php?rest_route=\/wp\/v2\/media\/3787"}],"wp:attachment":[{"href":"https:\/\/citajizmedjuredova.me\/index.php?rest_route=%2Fwp%2Fv2%2Fmedia&parent=3786"}],"wp:term":[{"taxonomy":"category","embeddable":true,"href":"https:\/\/citajizmedjuredova.me\/index.php?rest_route=%2Fwp%2Fv2%2Fcategories&post=3786"},{"taxonomy":"post_tag","embeddable":true,"href":"https:\/\/citajizmedjuredova.me\/index.php?rest_route=%2Fwp%2Fv2%2Ftags&post=3786"}],"curies":[{"name":"wp","href":"https:\/\/api.w.org\/{rel}","templated":true}]}}