{"id":3797,"date":"2022-09-25T19:07:00","date_gmt":"2022-09-25T19:07:00","guid":{"rendered":"https:\/\/citajizmedjuredova.me\/?p=3797"},"modified":"2023-03-11T19:11:04","modified_gmt":"2023-03-11T19:11:04","slug":"matrix-na-crnogorski-nacin","status":"publish","type":"post","link":"https:\/\/citajizmedjuredova.me\/?p=3797","title":{"rendered":"Matrix na crnogorski na\u010din"},"content":{"rendered":"\n<p><strong>Pi\u0161e: Danijela Lasica, novinarka<\/strong><\/p>\n\n\n\n<p>\u201cOdrobijat \u0107u te, gotov si\u201d ili \u201cZreli ste za odstrel\u201d, samo su neke od prijetnji koje javne li\u010dnosti dobijaju putem dru\u0161tvenih mre\u017ea. I oni koji se iza\u0161njavaju kao Srbi i oni kao Crnogorci, \u010desto su \u017ertve najbrutalnijih prijetnji na dru\u0161tvenim mre\u017eama posebno u danima kada se odr\u017eavaju doga\u0111aji koji duboko dijele Crnu Goru.<\/p>\n\n\n\n<p>Crnogorski pravosudni organi \u2013 ako procijene da ima krivi\u010dnog djela \u2013 takve prijetnje naj\u010de\u0161\u0107e kvalifikuju kao ugro\u017eavanje sigurnosti. Zaprije\u0107ena kazna je do tri godine zatvora.<\/p>\n\n\n\n<p>U vrijeme pisanja ovog teksta, informacioni sistem Crne Gore bio je izlo\u017een sajber napadima, pa je bilo te\u0161ko dobiti zbirne podatke o broju procesuiranih slu\u010dajeva. Ipak podaci, iz dvije najbrojnije op\u0161tine, Podgorice i Nik\u0161i\u0107a, dovoljni su da poka\u017eu da su dru\u0161tvene mre\u017ee postale popri\u0161te raznih prijetnji. Ali i da gradjani pritenje sve vi\u0161e prijavljuju.<\/p>\n\n\n\n<p>Tako podaci Uprave policije pokazuju da je tokom pro\u0161le (2021.godine) policija dobila 47 prijava gradjana kojima je prije\u0107eno na dru\u0161tvenim mre\u017eama. Za prvih osam mjeseci ove godine, policija je postupala po osnovu 31 prijave. Kako nam je saop\u0161teno, radi o slu\u010dajevima gdje su po\u010dinioci NN osobe, ili su prijetnje upu\u0107ene sa la\u017enih profila.<\/p>\n\n\n\n<p>I Tu\u017eila\u0161tvo ima sve vi\u0161e posla. U Osnovnom dr\u017eavnom tu\u017eila\u0161tvu u Podgorici po krivi\u010dnim prijavama dostavljanim od strane policije, od po\u010detka godine do 1. avgusta 2022. godine, formirano je sedam predmeta povodom prijetnji upu\u0107enih na dru\u0161tevnim mre\u017eama. \u201cOd tog broja, u jednom slu\u010daju je donijeto rje\u0161enje o odba\u010daju krivi\u010dne prijave, dok je u ostalim predmetima izvi\u0111aj u toku\u201d, potvrdio nam je rukovodilac OD Podgorica Du\u0161ko Milanovi\u0107.<\/p>\n\n\n\n<p>U Osnovnom dr\u017eavnom tu\u017eila\u0161tvu u Nik\u0161i\u0107u&nbsp; od po\u010detka godine do 1.septembra, formirano je 16 predmeta protiv 17 osoba, kazala nam je dr\u017eavni tu\u017eiteljka Vjera Mi\u0107unovi\u0107.<\/p>\n\n\n\n<p>Uo\u010di i nakon obilje\u017eavanja 13. jula u gradu pod Trebjesom na dru\u0161tvenim mre\u017eema se vodio pravi rat. Prvo je koncert otkazao&nbsp; pjeva\u010d Seregej Sekuli\u0107. One se nije javno izjasnio zbog \u010dega je to uradio, ali je iz&nbsp; op\u0161tine Nik\u0161i\u0107 saop\u0161teno \u201cda su pjeva\u010du prijetili i vr\u0161ili pritisak na njega\u201d.<\/p>\n\n\n\n<p>Tokom proslave Dana dr\u017eavnosti Crne Gore 13. jula u Nik\u0161i\u0107u do\u0161lo je do sukoba dvije grupe gra\u0111ana \u2013 jedne koja je sa crnogorskim nacionalnim i antifa\u0161isti\u010dkim obilje\u017ejima proslavljala na gradskom trgu i druge grupe gra\u0111ana koja se okupila u neposrednoj blizini sa trobojkama, srpskim nacionalnim obilje\u017ejima i simbolima Srpske pravoslavne crkve. Tokom sukoba je intervenisala policija.<\/p>\n\n\n\n<p>Nakon incideneta, predsjednik Op\u0161tine Nik\u0161i\u0107 Marko Kova\u010devi\u0107 je kazao da su mu sa nekoliko profila na dru\u0161tvenim mre\u017eama upu\u0107ene prijetnje. On je rekao da mu je sa jednog profila poru\u010deno da \u0107e ga \u201codrobijati\u201d, a sa drugog da je \u201cgotov\u201d.<\/p>\n\n\n\n<p>Kako je istakao tada, prijetnje su mu upu\u0107ene jer \u201cneko ne mo\u017ee da podnese \u010dinjenicu da je na mjestu predsjednika op\u0161tine neko ko je Srbin\u201d.<\/p>\n\n\n\n<p>Kova\u010devi\u0107 je prijetnje odmah prijavio policiji, I kako nam je sam potvrdio, njegov slu\u010daj se nalazi pred Osnovnim sudom u Nik\u0161i\u0107u, ve\u0107 je dao izjavu u tom predmetu, I sada kako ka\u017ee, \u010deka kona\u010dan ishod.<\/p>\n\n\n\n<p>\u201c Ranije nijesam sam prijavljivao ovakve stvari, jer sam mislio da su u pitanju sporadi\u010dne pojave nesavjesnih pojedinaca. Nakon posljednjeg slu\u010daja sam se ipak odlu\u010dio na taj potez jer sam zaklju\u010dio da se ta mr\u017enja generi\u0161e planski i da bi ona mogla dobiti neki od oblika u kojima je moj narod masovno stradao u pro\u0161lom vijeku. Iznenadilo me pozitivno \u0161to je postupak bio ve\u0107 pokrenut po slu\u017ebenoj du\u017enosti za razliku od prethodnih slu\u010dajeva\u201d ka\u017ee Kova\u010devi\u0107.<\/p>\n\n\n\n<p>On dodaje da je problem sa dru\u0161tvenim mre\u017eama, jer ljudi \u010desto gube svijest o tome da sa druge strane postoje \u017eiva bi\u0107a koja imaju svoja osje\u0107anja.<\/p>\n\n\n\n<p>\u201c\u010cesto u realnom \u017eivotu i susretu ljudi shvate svoju gre\u0161ku i ne nastupaju tako vatreno. Me\u0111utim, posljednji doga\u0111aji i neke tragedije koje su pogodile na\u0161e dru\u0161tvo govore nam da ne treba da se oslanjamo na pretpostavke i da treba da koristimo pravna sredstva kojima bi sprije\u010dili eventualne tragi\u010dne posljedice\u201d obja\u0161njava Kova\u010devi\u0107.<\/p>\n\n\n\n<p>Dodaje i da je dalje izlo\u017een prijetnjama i da one ne prestaju.<\/p>\n\n\n\n<p>\u201cKonstantno se sa tim susre\u0107em od strane politi\u010dkih protivnika koji su ostra\u0161\u0107eni. Oni prete\u017eno djeluju sa la\u017enih profila pa se kroz to gube i sve vrste skrupula. Ipak, da bi dobili normalno dru\u0161tvo koje prihvata i po\u0161tuje sve razli\u010ditosti koje me\u0111u nama postoje moramo kroz to da pro\u0111emo i moramo to da izdr\u017eimo zbog bolje budu\u0107nosti zemlje i njenih gra\u0111ana\u201d isti\u010de prvi \u010dovjek nik\u0161i\u0107ke Op\u0161tine.<\/p>\n\n\n\n<p>Prijeti se ina\u010de sa oba ideolo\u0161ka \u201cpola\u201d\u2013 tako su prijetnje tih dana dobili i knji\u017eevnik Andrej Nikolaidis, aktivista za ljudska prava Aleksandar Sa\u0161a Zekovi\u0107 i izvr\u0161ni koordinator Gra\u0111anske inicijative \u201c21. maj\u201d Ljubomir Filipovi\u0107. U nekim od prijetnji se navodi da su \u201cNikolaidis, Zekovi\u0107, Filipovi\u0107 i njima sli\u010dni likovi zreli za odstrel\u201d kao i da se nadaju \u201cda \u0107e im neko lobanju izlomiti\u201d. I oni su prijavili policiji prijetnje.<\/p>\n\n\n\n<p>Iako je prvo rekao da je raspolo\u017een za izjavu, jedan od podnosilaca tu\u017ebe, gra\u0111anski aktivista Aleksandar Zekovi\u0107, do zavr\u0161etka ovog teksta nije poslao odgovore na postavljena pitanja.&nbsp;<\/p>\n\n\n\n<p>Filipovi\u0107 je tada kazao, da je i&nbsp; li\u010dno dobio prijete\u0107u poruku na Fejsbuku koju mu je uputio korisnik \u201dHammer Wolf\u201d.<\/p>\n\n\n\n<p>\u201dOd ovog korisnika sam dobijao prijete\u0107e poruke i ranije i pretragom interneta sam saznao da se radi o \u010dovjeku koji \u017eivi u Be\u010du u Austriji, da je \u010dlan proruske moto-bande No\u0107ni Vukovi, i da je od ranije poznat austrijskoj policiji. O ovim prijetnjama su moji prijatelji u Be\u010du obavijestili austrijsku policiju koja mi je putem tvitera uputila poruku da prijavim prijetnje na\u0161im organima nakon \u010dega \u0107e oni, ukoliko se poka\u017ee opravdanim, preduzeti radnje iz njhove nadle\u017enosti\u201d, istakao je Filipovi\u0107.<\/p>\n\n\n\n<p>Kada je rije\u010d o ovom slu\u010daju, policija je tu\u017eila\u0161tvu u Kotoru podnijela krivi\u010dnu prijavu protiv M.\u0110. (27) iz Srbije, zbog sumnje da je izvr\u0161io krivi\u010dno djelo ugro\u017eavanje sigurnosti na \u0161tetu Filipovi\u0107a.<\/p>\n\n\n\n<p>Iz civilnog sektora ve\u0107 dugo ukazuju da je u posljednjih nekoliko godina o\u010digledan porast govora mr\u017enje, mizoginije, etni\u010dke i vjerske netolerancije, te s tim povezanih prijetnji i poziva na nasilje na dru\u0161tvenim mre\u017eama.<\/p>\n\n\n\n<p>\u201cMr\u017enja koja je podsticana i hranjena godinama je samo izbila na povr\u0161inu tamo gdje je najpogodnije \u2013 u prostor gdje mo\u017eete skriveni iza la\u017enih imena bez kontrole i sankcije raditi \u0161to god \u017eelite.&nbsp; Ovaj problem je godinama sistemski ignorisan, do momenta kad se vi\u0161e nije mogao skrivati i kada se s njim puno te\u017ee izboriti\u201d,&nbsp; ka\u017ee Milica Kova\u010devi\u0107 iz Centra za demokratsku tranziciju (CDT).<\/p>\n\n\n\n<p>Ona dodaje da mr\u017enju i nasilje na dru\u0161tvenim mre\u017eama ne \u0161ire vi\u0161e samo radikalizovani pojedinci, koji na taj na\u010din reaguju na neke okida\u010de.<\/p>\n\n\n\n<p>\u201cTo je postala organizovana i koordinirana aktivnost desni\u010darskih politi\u010dkih i dru\u0161tvenih aktera, ekstremisti\u010dkih grupa, stranih podstreka\u010da i pomaga\u010da, koji kroz povezane naloge i profile i uz asistenciju neautenti\u010dnih i koordiniranih mre\u017ea generi\u0161u mr\u017enju, nasilje, dru\u0161tvenu polarizaciju i podsti\u010du dalju radikalizaciju. Takva glasna, agresivna, koordinirana kampanja ima za cilj da upla\u0161i i u\u0107utka sve umjerene i progresivne glasove, i da ih protjera iz javnog prostora, kako bi se najglasniji stavovi predstavili kao ve\u0107inski, legitimni, pa \u010dak i jedini. Moderni lin\u010d vi\u0161e nijesu baklje i javna pogubljenja na ulicama, nego organizovano maltretiranje i prijeki sud na dru\u0161tvenim mre\u017eama. Svi oni koji to posmatraju te\u017ee \u0107e se odlu\u010diti da javno istupe\u201d obja\u0161njava Milica Kova\u010devi\u0107.<\/p>\n\n\n\n<p>Ona, govore\u0107i o uzrocima, ka\u017ee da je lepeza uzroka sveop\u0161te radikalizacije i ekstremizma je \u0161iroka.<\/p>\n\n\n\n<p>\u201cTu su kontinuirana politi\u010dka polarizacija koja se podsti\u010de du\u017ee od decenije, politika bez sadr\u017eaja i bez rje\u0161enja, globalna kretanja i zlonamjerni strani uticaji, izostanak reformi, selektivna pravda i nepo\u0161tena raspodjela dobara, uticaj dezinformacija i propagande, klerikalizacija, revizija istorije, te izostanak reakcije slabih institucija\u201d, ka\u017ee ona.<\/p>\n\n\n\n<p>Na pitanje da li osobe koje dobijaju takve prijetnje, dovoljno razumiju ozbiljnost situacije I da li se prili\u010dno \u201cle\u017eerno\u201d prema prijetnjama sa dru\u0161tvenih mre\u017ea pona\u0161aju i policija i tu\u017eila\u0161tvo, Kova\u010devi\u0107 isti\u010de da osobe koje dobijaju prijetnje nijesu nu\u017eno u stanju da procijene ozbiljnost tih prijetnji.<\/p>\n\n\n\n<p>\u201cZa tu vrstu procjene potrebna su odgovaraju\u0107a znanja i iskustva koje imaju ljudi koji rade u bezbjednosnom sektoru i tu\u017eila\u010dkoj organizaciji. Zbog toga nikad ne bih teret odgovornosti za ovu procjenu prevaljivala na gra\u0111ane, procjenu prijetnje uvijek treba da rade oni koji su za to nadle\u017eni i pla\u0107eni od strane gra\u0111ana. Subjektivni osje\u0107aj ugro\u017eenosti pojedinca ne bi trebalo da ima presudan zna\u010daj u dono\u0161enju odluke o procesuiranju onih koji prijete\u201d zaklju\u010duje Milica Kova\u010devi\u0107.<\/p>\n\n\n\n<p><em>Ovaj \u010dlanak je ura\u0111en uz finansijsku podr\u0161ku Nacionalne zadu\u017ebine za demokratiju. Sadr\u017eaj je isklju\u010divo odgovornost autora i izdava\u010da Instituta za medije Crne Gore i nu\u017eno ne odra\u017eava stavove donatora.<\/em><\/p>\n","protected":false},"excerpt":{"rendered":"<p>Pi\u0161e: Danijela Lasica, novinarka \u201cOdrobijat \u0107u te, gotov si\u201d ili \u201cZreli ste za odstrel\u201d, samo su neke od prijetnji koje javne li\u010dnosti dobijaju putem dru\u0161tvenih mre\u017ea. I oni koji se iza\u0161njavaju kao Srbi i oni kao Crnogorci, \u010desto su \u017ertve najbrutalnijih prijetnji na dru\u0161tvenim mre\u017eama posebno u danima kada se odr\u017eavaju doga\u0111aji koji duboko dijele<\/p>\n","protected":false},"author":1,"featured_media":3798,"comment_status":"open","ping_status":"open","sticky":false,"template":"","format":"standard","meta":{"footnotes":""},"categories":[59],"tags":[],"class_list":{"0":"post-3797","1":"post","2":"type-post","3":"status-publish","4":"format-standard","5":"has-post-thumbnail","7":"category-aktuelnosti"},"_links":{"self":[{"href":"https:\/\/citajizmedjuredova.me\/index.php?rest_route=\/wp\/v2\/posts\/3797","targetHints":{"allow":["GET"]}}],"collection":[{"href":"https:\/\/citajizmedjuredova.me\/index.php?rest_route=\/wp\/v2\/posts"}],"about":[{"href":"https:\/\/citajizmedjuredova.me\/index.php?rest_route=\/wp\/v2\/types\/post"}],"author":[{"embeddable":true,"href":"https:\/\/citajizmedjuredova.me\/index.php?rest_route=\/wp\/v2\/users\/1"}],"replies":[{"embeddable":true,"href":"https:\/\/citajizmedjuredova.me\/index.php?rest_route=%2Fwp%2Fv2%2Fcomments&post=3797"}],"version-history":[{"count":1,"href":"https:\/\/citajizmedjuredova.me\/index.php?rest_route=\/wp\/v2\/posts\/3797\/revisions"}],"predecessor-version":[{"id":3799,"href":"https:\/\/citajizmedjuredova.me\/index.php?rest_route=\/wp\/v2\/posts\/3797\/revisions\/3799"}],"wp:featuredmedia":[{"embeddable":true,"href":"https:\/\/citajizmedjuredova.me\/index.php?rest_route=\/wp\/v2\/media\/3798"}],"wp:attachment":[{"href":"https:\/\/citajizmedjuredova.me\/index.php?rest_route=%2Fwp%2Fv2%2Fmedia&parent=3797"}],"wp:term":[{"taxonomy":"category","embeddable":true,"href":"https:\/\/citajizmedjuredova.me\/index.php?rest_route=%2Fwp%2Fv2%2Fcategories&post=3797"},{"taxonomy":"post_tag","embeddable":true,"href":"https:\/\/citajizmedjuredova.me\/index.php?rest_route=%2Fwp%2Fv2%2Ftags&post=3797"}],"curies":[{"name":"wp","href":"https:\/\/api.w.org\/{rel}","templated":true}]}}