{"id":3800,"date":"2022-09-26T19:11:00","date_gmt":"2022-09-26T19:11:00","guid":{"rendered":"https:\/\/citajizmedjuredova.me\/?p=3800"},"modified":"2023-03-11T19:16:13","modified_gmt":"2023-03-11T19:16:13","slug":"masovno-ubistvo-na-cetinju-milion-pitanja-koja-su-trazila-odgovor-u-kratkom-roku","status":"publish","type":"post","link":"https:\/\/citajizmedjuredova.me\/?p=3800","title":{"rendered":"Masovno ubistvo na Cetinju : Milion pitanja koja su tra\u017eila odgovor u kratkom roku"},"content":{"rendered":"\n<p><strong>Pi\u0161e: Mladen Zadrima, novinar<\/strong><\/p>\n\n\n\n<p>Kada se desi krupan doga\u0111aj kakav je masovno ubistvo u cetinjskom naselju Medovina, iz ugla izvje\u0161ta\u010da, pogotovo iz male sredine kakva je Cetinje, najva\u017enije je da javnosti prezentira ta\u010dne i provjerene informacije. Kada se na\u0111ete u takvom mete\u017eu, \u010dujete da ima mrtvih i ranjenih te da niko nema kompletnu i ta\u010dnu informaciju o tome ko je po\u010dinilac, koliko je poginulih i ranjenih, za\u0161to se sve to doga\u0111a, treba dobro procjeniti \u0161to \u0107e \u010diniti prvu, udarnu vijest, za koju znate da \u0107e za minut obi\u0107i planetu.<\/p>\n\n\n\n<p>Dakle, klju\u010dna odluka je da se ide \u201esa onim \u0161to se ima\u201c u tom trenutku.<\/p>\n\n\n\n<p>Deset mrtvih i po\u010dinilac, njegovi inicijali, ranjeni policajac i dvije osobe koje su zbrinute u bolnici. To je u su\u0161tini bila vijest koju smo emitovali, sa podacima koji su se jedino mogli provjeriti. Kasnije se brojka ranjenih pove\u0107ala na \u0161est, za \u010detiri osobe koje, dok je ova vijest emitovana, jo\u0161 nijesu bili medicinski zbrinuti.<\/p>\n\n\n\n<p>Bilo je jasno da \u0107e do zvani\u010dnih informacija pro\u0107i dosta vremena. Tako\u0111e, bilo je jasno da koliko god doga\u0111aj bio tragi\u010dan nakon nekoliko sati to vi\u0161e ne\u0107e biti vijest. Ogromno breme odgovornosti trebalo je iznijeti uz spoznaju da \u0107e ta i takva vijest biti prva i da \u0107e biti automatski prene\u0161ena od ostalih medija. Prvih par sati je i bilo tako, a ono \u0161to se zbivalo kasnije i narednih dana moglo bi biti tema posebne analize o ulozi medija u izvje\u0161tavanju u ovakvim i sli\u010dnim situacijama.<\/p>\n\n\n\n<p>Iako izgleda vrlo jednostavno, informacija koju je emitovao Radio Cetinje i portal Cetinjski list, je bila rezultat munjevite reakcije ekipe koja je preko nekoliko izvora, kontakata, nezvani\u010dnih izjava do\u0161la do podataka koji su se pokazali ta\u010dnim i koji su, koliko je to bilo mogu\u0107e bili provjereni. U prvim momentima, dok je zlo\u010din jo\u0161 trajao, a me\u0111u gra\u0111anima zavladala panika i strah, trebalo je \u201ene\u0161to javiti\u201c, ne zbog sakupljanja klikova na portalu i bombasti\u010dnih naslova koji bi privukli publiku, ve\u0107 zbog zainteresovane, radoznale javnosti i njenog prava da zna \u0161to se desilo. Posebno kada su u pitanju na\u0161i sugra\u0111ani i tragedija koja ih je zadesila, \u0161to je nalagalo dodatni oprez i odgovornost prilikom izvje\u0161tavanja.<\/p>\n\n\n\n<p>Dakle, nakon svih godina lomova, krize, ratova, bombardovanja, raznih konfliktnih i tragi\u010dnih doga\u0111aja i izvje\u0161tavanja o tim pojavama, sreli smo se sa ne\u010dim \u0161to je iz ugla profesije doga\u0111aj koji nas je iznenadio ali i doveo u dilemu kako sklopiti pri\u010du, a ne pre\u0107erati, ne biti pateti\u010dan, izbje\u0107i suvi\u0161ne detalje i najva\u017enije, korektno i pravilno poslo\u017eiti \u010dinjenice. Da li opisivati mete\u017e koji je nastao? Da li objaviti fotografije \u017ertava? Da li prenijeti izjave ljudi koji govore u afektu? Da li prepri\u010davati momente koje su vam na brzinu ispri\u010dali \u201eo\u010devici\u201c za koje se ispostavilo da to nijesu? Da li prepri\u010dati potresne momente kada rodbina unesre\u0107enih dolazi na lice mjesta? Milion pitanja koja su tra\u017eila odgovor u kratkom roku.<\/p>\n\n\n\n<p>S obzirom na to da je svaka pogre\u0161no napisana rije\u010d mogla da izazove dodatne komplikacije i probleme, izbor je bio da se izbjegnu i izostave svi detalji koje nije bilo mogu\u0107e provjeriti. Uz objavljivanje fotografija na kojima nema poginulih, krvi, a koje u dovoljnoj mjeri oslikavaju dramu koja se desila.<\/p>\n\n\n\n<p>Potvrdila se stara teza da se \u201emejnstrim\u201c mediji u ovakvim situacijama oslanjanju na lokalne medije \u0161to opet potvr\u0111uje da su lokalni mediji, oni koji se zaista bave svojim poslom, nezamjenljivi i \u010dine jako va\u017ean dio medijske industrije. Savremena tehnologija dodatno uve\u0107ava i ubrzava \u010ditav proces od prikupljanja, obrade i plasiranja informacije, tako da je u veoma kratkom roku vijest bukvalno obi\u0161la planetu.<\/p>\n\n\n\n<p>U takvim situacijama nema i ne mo\u017ee biti improvizacije. Istina je jedna i njom se ne mo\u017ee baviti na razli\u010dite na\u010dine. Ta situacija iziskuje brzu ali ta\u010dnu informaciju, ogoljenu do sr\u017ei, bez neprovjerenih detalja ili konstruisanih zaklju\u010daka. To svakako nije lako ako se uzme u obzir \u010dinjenica da je i sam izvje\u0161ta\u010d izlo\u017een opasnosti i stresu.<\/p>\n\n\n\n<p>Novinari i \u010dlanovi redakcije imaju ulogu u izvje\u0161tavanju o mnogim tragedijama tokom radnog vijeka. Zadaci se kre\u0107u od ratova, raznih sukoba, od saobra\u0107ajnih nesre\u0107a do prirodnih katastrofa, po\u017eara i ubistava. Svima su zajedni\u010dke \u017ertve. Sve ove nesre\u0107e uti\u010du na zajednice u kojima se doga\u0111aju. Sve stvaraju dugotrajna sje\u0107anja.<\/p>\n\n\n\n<p>Doga\u0111i koji su se odigrali 12. avgusta 2022.g. na Cetinju ostavili su dubok trag u lokalnoj zajednici.<\/p>\n\n\n\n<p>Na prvom mjestu su \u017ertve \u010dija je smrt uzrokovala veliki bol njihovih najbli\u017eih ali i duboko potresla zajednicu. I ta tragedija je prije svega ljudska pri\u010da. Mnoge koji su stradali, pa \u010dak i po\u010dinioca, svakodnevno smo srije\u0107ali i sa nekima se poznavali, a sa nekima bili i u ro\u0111a\u010dkim odnosima.<\/p>\n\n\n\n<p>Na\u010din na koji novinari izvje\u0161tavaju o ovakvom doga\u0111aju direktno uti\u010de na to kako \u0107e zajednica reagovati nakon tragedije. Uloga medija je da pomogne da se shvati \u0161to se desilo, da bude mjesto na kome se javnost informi\u0161e o onome \u0161to se desilo. Izvje\u0161tavanje o traumati\u010dnom doga\u0111aju svakako \u0107e uticati na javnost.<\/p>\n\n\n\n<p>I na kaju, novinari, reporteri. Pored policije, \u017ertava, slu\u017ebi spa\u0161avanja, hitne pomo\u0107i i oni se suo\u010davaju sa velikim izazovom i naj\u010de\u0161\u0107e su me\u0111u prvima koji reaguju na doga\u0111aj. Oni koji imaju dovoljno iskustva i dr\u017ee se uzusa profesije imaju jasan stav i distancu izme\u0111u sebe i onih koji su stradali ili pre\u017eivjeli tragediju. Me\u0111utim, ta distanca mo\u017ee da bude prekr\u0161ena u momentu kada reporteri ugledaju \u017ertve, razgovaraju sa onima koji su pretrpjeli teror ili sa nekim ko je izgubio bli\u017enjega. To je klju\u010dan momenat, da se novinar odupre sopstvenoj emociji pred time \u0161to je i sam na neki na\u010din izlo\u017een tragediji.<\/p>\n\n\n\n<p>Par zlatnih pravila kojih se treba pridr\u017eavati u ovakvim i sli\u010dnim momentima jesu da se prema \u017ertvama uvijek treba odnositi sa dostojanstvom i po\u0161tovanjem. Tako\u0111e, posebno treba biti oprezan kada se intervjui\u0161u ro\u0111aci nastradalih.<\/p>\n\n\n\n<p>Obavezno treba izbjegavati nepotrebne jezive detalje o smrti osoba. I treba se dobro zamisliti da li takvi opisi mogu nanijeti \u0161tetu \u010ditaocima.<\/p>\n\n\n\n<p>Naj\u010destitije bi bilo da znate \u0111e su vam li\u010dne, profesionalne granice i ako ste dobili zadatak kome nijeste dorasli, najbolje bi bilo uredniku saop\u0161titi da vi nijeste najbolja osoba za to.&nbsp;<a>Uz uslov da je i urednik dorastao funkciji koju obavlja.<\/a><\/p>\n\n\n\n<p><em>Ovaj \u010dlanak je ura\u0111en uz finansijsku podr\u0161ku Nacionalne zadu\u017ebine za demokratiju. Sadr\u017eaj je isklju\u010divo odgovornost autora i izdava\u010da Instituta za medije Crne Gore i nu\u017eno ne odra\u017eava stavove donatora.<\/em><\/p>\n","protected":false},"excerpt":{"rendered":"<p>Pi\u0161e: Mladen Zadrima, novinar Kada se desi krupan doga\u0111aj kakav je masovno ubistvo u cetinjskom naselju Medovina, iz ugla izvje\u0161ta\u010da, pogotovo iz male sredine kakva je Cetinje, najva\u017enije je da javnosti prezentira ta\u010dne i provjerene informacije. Kada se na\u0111ete u takvom mete\u017eu, \u010dujete da ima mrtvih i ranjenih te da niko nema kompletnu i ta\u010dnu<\/p>\n","protected":false},"author":1,"featured_media":3801,"comment_status":"open","ping_status":"open","sticky":false,"template":"","format":"standard","meta":{"footnotes":""},"categories":[59],"tags":[],"class_list":{"0":"post-3800","1":"post","2":"type-post","3":"status-publish","4":"format-standard","5":"has-post-thumbnail","7":"category-aktuelnosti"},"_links":{"self":[{"href":"https:\/\/citajizmedjuredova.me\/index.php?rest_route=\/wp\/v2\/posts\/3800","targetHints":{"allow":["GET"]}}],"collection":[{"href":"https:\/\/citajizmedjuredova.me\/index.php?rest_route=\/wp\/v2\/posts"}],"about":[{"href":"https:\/\/citajizmedjuredova.me\/index.php?rest_route=\/wp\/v2\/types\/post"}],"author":[{"embeddable":true,"href":"https:\/\/citajizmedjuredova.me\/index.php?rest_route=\/wp\/v2\/users\/1"}],"replies":[{"embeddable":true,"href":"https:\/\/citajizmedjuredova.me\/index.php?rest_route=%2Fwp%2Fv2%2Fcomments&post=3800"}],"version-history":[{"count":1,"href":"https:\/\/citajizmedjuredova.me\/index.php?rest_route=\/wp\/v2\/posts\/3800\/revisions"}],"predecessor-version":[{"id":3802,"href":"https:\/\/citajizmedjuredova.me\/index.php?rest_route=\/wp\/v2\/posts\/3800\/revisions\/3802"}],"wp:featuredmedia":[{"embeddable":true,"href":"https:\/\/citajizmedjuredova.me\/index.php?rest_route=\/wp\/v2\/media\/3801"}],"wp:attachment":[{"href":"https:\/\/citajizmedjuredova.me\/index.php?rest_route=%2Fwp%2Fv2%2Fmedia&parent=3800"}],"wp:term":[{"taxonomy":"category","embeddable":true,"href":"https:\/\/citajizmedjuredova.me\/index.php?rest_route=%2Fwp%2Fv2%2Fcategories&post=3800"},{"taxonomy":"post_tag","embeddable":true,"href":"https:\/\/citajizmedjuredova.me\/index.php?rest_route=%2Fwp%2Fv2%2Ftags&post=3800"}],"curies":[{"name":"wp","href":"https:\/\/api.w.org\/{rel}","templated":true}]}}