{"id":3824,"date":"2023-02-23T12:59:00","date_gmt":"2023-02-23T12:59:00","guid":{"rendered":"https:\/\/citajizmedjuredova.me\/?p=3824"},"modified":"2023-04-02T13:01:34","modified_gmt":"2023-04-02T13:01:34","slug":"rezultati-imcg-analize-etabliarani-mediji-uglavnom-ne-ukazuju-da-je-rijec-o-spornom-govoru","status":"publish","type":"post","link":"https:\/\/citajizmedjuredova.me\/?p=3824","title":{"rendered":"Rezultati IMCG analize \u2013 Etabliarani mediji uglavnom ne ukazuju da je rije\u010d o spornom govoru"},"content":{"rendered":"\n<p>Etablirani mediji u Crnoj Gori uglavom ne objavljuju sadr\u017eaj koji sadr\u017ei govor mr\u017enje, ali ni ne ula\u017eu dodatan napor da uka\u017eu da je rije\u010d o spornom govoru koji generi\u0161u donosioci odluka ili drugi dru\u0161tveni akteri i da rasvijetle i objasne kontekst, pokazao je \u0161estomjese\u010dni monitoring koji je sproveo tim Instituta za medije Crne Gore.<\/p>\n\n\n\n<p>U komentarima \u010ditalaca na platformama etabliranih portata je zabilje\u017een sporan govor sa elementima govora mr\u017enje.<\/p>\n\n\n\n<p>Sa druge strane, na portalima IN4S i Aktuelno bilo je primjera tekstova ili naslova sa elementima neprihvatljvog govora. U odnosu na ukupan broj odobrenih komentara, na portalima IN4S i Aktuelno je uo\u010den zna\u010dajan broj komentara u kojima se \u0161ire uvrede, pozivi na nasilje i mr\u017enja.<\/p>\n\n\n\n<p>Nalozi svih onlajn analiziranih medija na Fejsbuku obiluju spornim sadr\u017eajima koji \u0161ire korisnici ove dru\u0161tvene mre\u017ee.<\/p>\n\n\n\n<p>Analizirani su portali CDM, Vijesti online, portal Radio-televizije Crne Gore RTCG, zatim Dnevnik 2 TVCG , u periodu od jula do decembra 2022, te portali IN4S i Aktuelno koji su prethodnim istra\u017eivanjima prepoznati kao medij koji \u0161ire sporni sadr\u017eaj, a izdvojili smo tri doga\u0111aja\/incidenate koji generi\u0161u\/sadr\u017ee uvrede na nacionalnoj, polnoj i seksualnoj osnovi ili za koje sumnjamo da sadr\u017ee elemente govora mr\u017enje.<\/p>\n\n\n\n<p>Ovu analizu smo temeljili i na intervjuima sa iskusnim novinarima i urednicima&nbsp;iz Crne Gore, Bosni i Hercegovine i Srbije kojima smo predstavili zaklju\u010dke do kojih smo do\u0161li. Njihov glavni zaklju\u010dak je da je obaveza medija da \u010ditaoce moraju upoznati sa spornim i nezakonitim sadr\u017eajem koji generi\u0161u donosioci odluka ili drugi dru\u0161tveni akteri, uklju\u010duju\u0107i i same medije.<\/p>\n\n\n\n<p>Pre\u0107utkivanje govora mr\u017enje smatra se odobravanjem govora mr\u017enje ili sau\u010desni\u0161tvom u \u0161irenju \u0161tetnog sadr\u017eaja.<\/p>\n\n\n\n<p>Analiza je dostupna&nbsp;<a href=\"https:\/\/www.mminstitute.org\/wp-content\/uploads\/2023\/02\/ETICKE-DILEME-U-IZVJESTAVANJU-O-IZJAVA-KOJE-SADRZE-ELEMENTE-GOVORA-MRZNJE-FINAL-6.pdf\">na na\u0161em sajtu.<\/a><\/p>\n\n\n\n<p>Ova analiza kreirana je kroz projektat \u201cMediji za odgovorno dru\u0161tvo\u201d, koji realizuju Medijska asocijacija Jugoisto\u010dne Evrope u partnerstvu sa&nbsp; Dru\u0161tvom profesionalnih novinara Crne Gore i Institutom za medije Crne Gore, a podr\u017ean je kroz program \u201eOCD u Crnoj Gori \u2013 od osnovnih usluga do oblikovanja politika \u2013 M\u2019BASE\u201c koji sprovode Centar za gra\u0111ansko obrazovanje (CGO), Friedrich-Ebert-Stiftung (FES), Centar za za\u0161titu i prou\u010davanje ptica Crne Gore (CZIP) i Politikon mre\u017ea. Projekat finansira Evropska unija, a kofinansira Ministarstvo javne uprave.<\/p>\n","protected":false},"excerpt":{"rendered":"<p>Etablirani mediji u Crnoj Gori uglavom ne objavljuju sadr\u017eaj koji sadr\u017ei govor mr\u017enje, ali ni ne ula\u017eu dodatan napor da uka\u017eu da je rije\u010d o spornom govoru koji generi\u0161u donosioci odluka ili drugi dru\u0161tveni akteri i da rasvijetle i objasne kontekst, pokazao je \u0161estomjese\u010dni monitoring koji je sproveo tim Instituta za medije Crne Gore. U<\/p>\n","protected":false},"author":1,"featured_media":3467,"comment_status":"open","ping_status":"open","sticky":false,"template":"","format":"standard","meta":{"footnotes":""},"categories":[59],"tags":[99],"class_list":{"0":"post-3824","1":"post","2":"type-post","3":"status-publish","4":"format-standard","5":"has-post-thumbnail","7":"category-aktuelnosti","8":"tag-mediji"},"_links":{"self":[{"href":"https:\/\/citajizmedjuredova.me\/index.php?rest_route=\/wp\/v2\/posts\/3824","targetHints":{"allow":["GET"]}}],"collection":[{"href":"https:\/\/citajizmedjuredova.me\/index.php?rest_route=\/wp\/v2\/posts"}],"about":[{"href":"https:\/\/citajizmedjuredova.me\/index.php?rest_route=\/wp\/v2\/types\/post"}],"author":[{"embeddable":true,"href":"https:\/\/citajizmedjuredova.me\/index.php?rest_route=\/wp\/v2\/users\/1"}],"replies":[{"embeddable":true,"href":"https:\/\/citajizmedjuredova.me\/index.php?rest_route=%2Fwp%2Fv2%2Fcomments&post=3824"}],"version-history":[{"count":1,"href":"https:\/\/citajizmedjuredova.me\/index.php?rest_route=\/wp\/v2\/posts\/3824\/revisions"}],"predecessor-version":[{"id":3825,"href":"https:\/\/citajizmedjuredova.me\/index.php?rest_route=\/wp\/v2\/posts\/3824\/revisions\/3825"}],"wp:featuredmedia":[{"embeddable":true,"href":"https:\/\/citajizmedjuredova.me\/index.php?rest_route=\/wp\/v2\/media\/3467"}],"wp:attachment":[{"href":"https:\/\/citajizmedjuredova.me\/index.php?rest_route=%2Fwp%2Fv2%2Fmedia&parent=3824"}],"wp:term":[{"taxonomy":"category","embeddable":true,"href":"https:\/\/citajizmedjuredova.me\/index.php?rest_route=%2Fwp%2Fv2%2Fcategories&post=3824"},{"taxonomy":"post_tag","embeddable":true,"href":"https:\/\/citajizmedjuredova.me\/index.php?rest_route=%2Fwp%2Fv2%2Ftags&post=3824"}],"curies":[{"name":"wp","href":"https:\/\/api.w.org\/{rel}","templated":true}]}}