{"id":3827,"date":"2023-04-25T20:21:00","date_gmt":"2023-04-25T20:21:00","guid":{"rendered":"https:\/\/citajizmedjuredova.me\/?p=3827"},"modified":"2023-05-08T09:53:05","modified_gmt":"2023-05-08T09:53:05","slug":"edukacija-novinara-kao-glavni-mehanizam-borbe-protiv-govora-mrznje-u-medijima","status":"publish","type":"post","link":"https:\/\/citajizmedjuredova.me\/?p=3827","title":{"rendered":"Edukacija novinara kao glavni mehanizam borbe protiv govora mr\u017enje u medijima"},"content":{"rendered":"\n<p>Edukacija novinara i novinarki na temu govora mr\u017enje, kako ga prepoznati i razlikovati od spornog govora, neophodna je za njegovo suzbijanje i dalje \u0161irenje, poruka je u\u010desnika na treningu na temu govora mr\u017enje koji je u Baru organizovao Institut za medije Crne Gore.<\/p>\n\n\n\n<p>\u201cNovinari su prva linija odbrane od govora mr\u017enje. Mi ga ne mo\u017eemo sprije\u010diti na ulici ili u kafani, ali mo\u017eemo kroz svakodnevnu analizu sadr\u017eaja, kako medija u kojem radimo, tako i drugih. Ne mogu mediji popravljati dru\u0161tvo, ali mogu i treba da prepoznaju i ukazuju, odnosno, reaguju na slu\u010dajeve govora mr\u017enje. \u0160alju\u0107i takve poruke dru\u0161tvenoj zajednici, posebno donosiocima politi\u010dkih, ekonomskih i drugih odluka, upu\u0107ujemo ih na to da dru\u0161tvo mora da ozdravi. Zdravo dru\u0161tvo je dru\u0161tvo bez govora mr\u017enje\u201d, kazao je jedan od trenera na obuci, dugogodi\u0161nji novinar Du\u0161ko Vukovi\u0107.&nbsp;&nbsp;&nbsp;<\/p>\n\n\n\n<figure class=\"wp-block-image size-large\"><img fetchpriority=\"high\" decoding=\"async\" width=\"1024\" height=\"768\" src=\"https:\/\/citajizmedjuredova.me\/wp-content\/uploads\/2023\/05\/343563263_782640516432930_8067206752217334964_n-1024x768.jpg\" alt=\"\" class=\"wp-image-3828\" srcset=\"https:\/\/citajizmedjuredova.me\/wp-content\/uploads\/2023\/05\/343563263_782640516432930_8067206752217334964_n-1024x768.jpg 1024w, https:\/\/citajizmedjuredova.me\/wp-content\/uploads\/2023\/05\/343563263_782640516432930_8067206752217334964_n-300x225.jpg 300w, https:\/\/citajizmedjuredova.me\/wp-content\/uploads\/2023\/05\/343563263_782640516432930_8067206752217334964_n-768x576.jpg 768w, https:\/\/citajizmedjuredova.me\/wp-content\/uploads\/2023\/05\/343563263_782640516432930_8067206752217334964_n-1536x1152.jpg 1536w, https:\/\/citajizmedjuredova.me\/wp-content\/uploads\/2023\/05\/343563263_782640516432930_8067206752217334964_n-150x113.jpg 150w, https:\/\/citajizmedjuredova.me\/wp-content\/uploads\/2023\/05\/343563263_782640516432930_8067206752217334964_n-450x338.jpg 450w, https:\/\/citajizmedjuredova.me\/wp-content\/uploads\/2023\/05\/343563263_782640516432930_8067206752217334964_n-1200x900.jpg 1200w, https:\/\/citajizmedjuredova.me\/wp-content\/uploads\/2023\/05\/343563263_782640516432930_8067206752217334964_n.jpg 2048w\" sizes=\"(max-width: 1024px) 100vw, 1024px\" \/><\/figure>\n\n\n\n<p>Novinarka i urednica u Radiju Berane Milena Bubanja Obradovi\u0107 istakla je da je ovakve obuke imaju za cilj ima da dodatno edukuju sve one koji se bave medijskom pismeno\u0161\u0107u o ovoj zna\u010dajnoj temi.<\/p>\n\n\n\n<p>\u201cEdukacija ne prestaje nakon \u0161to iza\u0111ete iz \u0161kolskih klupa, naprotiv. Konstantna edukacija, nas iz novinarske profesije, i te kako je va\u017ena kako bismo preduprijedili ili smanjili koli\u010dinu toksi\u010dnog govora u medijima. Takav govor nije dio samo javnog diskursa, ve\u0107 dolazi i od nas koji smo poslenici javne rije\u010di. Ono \u0161to prenosimo i govorimo u medijima ima dalekose\u017enu reakciju i efekat. Na medijima je velika odgovornost&nbsp; jer, pored toga \u0161to je dru\u0161tvo takvo kakvo jeste, imamo mo\u0107 da javnu rije\u010d \u0161irimo, pa je izuzetno va\u017eno koji joj kontekst dajemo, koje teme biramo, na koji na\u010din ih obra\u0111ujemo. Fali nam pozitivnih pri\u010da i primjera \u010dak i kad govorimo o problemima. To treba raditi kroz pozitivnu praksu, koriste\u0107i \u2018novinarstvo rje\u0161enja\u2019\u201d, smatra Bubanja Obradovi\u0107.&nbsp;&nbsp;&nbsp;&nbsp;&nbsp;<\/p>\n\n\n\n<figure class=\"wp-block-image size-large\"><img decoding=\"async\" width=\"1024\" height=\"768\" src=\"https:\/\/citajizmedjuredova.me\/wp-content\/uploads\/2023\/05\/343568020_707255421175633_2698666455757842409_n-1024x768.jpg\" alt=\"\" class=\"wp-image-3829\" srcset=\"https:\/\/citajizmedjuredova.me\/wp-content\/uploads\/2023\/05\/343568020_707255421175633_2698666455757842409_n-1024x768.jpg 1024w, https:\/\/citajizmedjuredova.me\/wp-content\/uploads\/2023\/05\/343568020_707255421175633_2698666455757842409_n-300x225.jpg 300w, https:\/\/citajizmedjuredova.me\/wp-content\/uploads\/2023\/05\/343568020_707255421175633_2698666455757842409_n-768x576.jpg 768w, https:\/\/citajizmedjuredova.me\/wp-content\/uploads\/2023\/05\/343568020_707255421175633_2698666455757842409_n-1536x1152.jpg 1536w, https:\/\/citajizmedjuredova.me\/wp-content\/uploads\/2023\/05\/343568020_707255421175633_2698666455757842409_n-150x113.jpg 150w, https:\/\/citajizmedjuredova.me\/wp-content\/uploads\/2023\/05\/343568020_707255421175633_2698666455757842409_n-450x338.jpg 450w, https:\/\/citajizmedjuredova.me\/wp-content\/uploads\/2023\/05\/343568020_707255421175633_2698666455757842409_n-1200x900.jpg 1200w, https:\/\/citajizmedjuredova.me\/wp-content\/uploads\/2023\/05\/343568020_707255421175633_2698666455757842409_n.jpg 2048w\" sizes=\"(max-width: 1024px) 100vw, 1024px\" \/><\/figure>\n\n\n\n<p>U\u010desnici obuke smatraju da je govor mr\u017enje sa pojavom nove tehnologije i popularnosti dru\u0161tvenih mre\u017ea, upravo na tim platformama do\u017eivo eskalaciju.<\/p>\n\n\n\n<p>\u201ePored toga \u0161to je zastupljen na dru\u0161tvenim mre\u017eama, on je zastupljen i u javnom narativu i diskursu \u0161to je veliki problem, jer se tim podsti\u010de, kako smo pomenuli i na radionici, taj domino efekat. On dobija nezaslu\u017eeno mnogo prostora, a savremene tehnologije mu to omogu\u0107avaju\u201c, navodi jedan od polaznika radionice urednik portala Feral Bar,&nbsp;Radomir Petri\u0107.<\/p>\n\n\n\n<p>Novinarka portala Zumiranje, Marija Pe\u0161i\u0107, koja je tako\u0111e bila polaznica radionice je istakla je da je govor mr\u017enje najzastupljeniji na dru\u0161tvenim mre\u017eama, a naj\u010de\u0161\u0107e upravo u komentarima korisnika.<\/p>\n\n\n\n<p>\u201eTo je naj\u010de\u0161\u0107e upu\u0107eno od strane botova, anonmnih profila, \u010dak ponekad i vi\u0161e la\u017enih profila koji slu\u017ee za komentarisanje. Ljudi se kriju iza anonimnosti upravo zbog toga \u0161to znaju da takav govor nije u redu i da to nije neka normalna i svakodnevna pojava, pa zbog toga prave te la\u017ene profile, te iako to znaju, to ih ne spre\u010dava da nastave time da se bave\u201c, kazala je ona.<\/p>\n\n\n\n<p>Oni su istakli da je za smanjenje govora mr\u017enje neophodna bolja edukacija novinara i podstakli organizovanje sli\u010dnih aktivnosti.<\/p>\n\n\n\n<p>\u201eEdukacijom svih \u010dlanova redakcije posti\u017ee se da se taj govor mr\u017enje prepoznaje ne samo u komentarima ve\u0107 i u svakodnevnom medijskom radu. Tamo gdje treba da se prepozna i osudi, da novinari budu obu\u010deni da to urade\u201c, navodi Petri\u0107.<\/p>\n\n\n\n<p>Programska koordinatorka u Institutu za medije Crne Gore, Vesna Rajkovi\u0107 Nenadi\u0107 podijelila je sa u\u010desnicima klju\u010dne nalaze analize&nbsp; \u201cEti\u010dke dileme u izvje\u0161tavanju o sadr\u017eajima sa elementima uvredljivog i govora mr\u017enje prema ranjivim grupama \u2013 Analize slu\u010daja sa pogledima i iskustvima novinara\/ki iz Crne Gore i regiona\u201d, koja je obuhvatila \u010detiri etablirana medija: Vijesti, CDM, Portal RTCG&nbsp; i 2. program RTCG, kao i dva neregistrovana portala \u2013 \u201cIN4S\u201d i \u201cAktuelno\u201d, koji su u ranijim istra\u017eivanjima prepoznati kao platforme za \u0161irenje spornog sadr\u017eaja.<\/p>\n\n\n\n<figure class=\"wp-block-image size-large\"><img decoding=\"async\" width=\"1024\" height=\"744\" src=\"https:\/\/citajizmedjuredova.me\/wp-content\/uploads\/2023\/05\/342721089_901471544450393_1565872831540597052_n-1024x744.jpg\" alt=\"\" class=\"wp-image-3830\" srcset=\"https:\/\/citajizmedjuredova.me\/wp-content\/uploads\/2023\/05\/342721089_901471544450393_1565872831540597052_n-1024x744.jpg 1024w, https:\/\/citajizmedjuredova.me\/wp-content\/uploads\/2023\/05\/342721089_901471544450393_1565872831540597052_n-300x218.jpg 300w, https:\/\/citajizmedjuredova.me\/wp-content\/uploads\/2023\/05\/342721089_901471544450393_1565872831540597052_n-768x558.jpg 768w, https:\/\/citajizmedjuredova.me\/wp-content\/uploads\/2023\/05\/342721089_901471544450393_1565872831540597052_n-1536x1116.jpg 1536w, https:\/\/citajizmedjuredova.me\/wp-content\/uploads\/2023\/05\/342721089_901471544450393_1565872831540597052_n-150x109.jpg 150w, https:\/\/citajizmedjuredova.me\/wp-content\/uploads\/2023\/05\/342721089_901471544450393_1565872831540597052_n-450x327.jpg 450w, https:\/\/citajizmedjuredova.me\/wp-content\/uploads\/2023\/05\/342721089_901471544450393_1565872831540597052_n-1200x872.jpg 1200w, https:\/\/citajizmedjuredova.me\/wp-content\/uploads\/2023\/05\/342721089_901471544450393_1565872831540597052_n.jpg 2048w\" sizes=\"(max-width: 1024px) 100vw, 1024px\" \/><\/figure>\n\n\n\n<p>\u201eU etabliranim medijima, u uredni\u010dkom sadr\u017eaju nema govora mr\u017enje, ali ima slu\u010dajeva spornog govora. Za razliku od njih, u uredni\u010dkom sadr\u017eaju portala \u2018Aktuelno\u2019 i \u2018IN4S\u2019 vrlo \u010desto se generi\u0161e govor mr\u017enje koji se \u0161iri putem raznih platformi. Zakon o medijima predvi\u0111a obavezno brisanje spornih komentara sa platformi za komentarisanje, \u010demu, me\u0111utim, ne podlije\u017eu facebook nalozi medija. Govor mr\u017enje se najvi\u0161e \u0161iri na facebook stranicama medija, te se vlasnici medija posebno moraju pozabaviti moderacijom komentara, po\u0161tuju\u0107i eti\u010dke i&nbsp; novinarske standarde\u201c, navela je Rajkovi\u0107 Nenadi\u0107.<\/p>\n\n\n\n<p>Obuka je dio projekta \u201cMediji za odgovorno dru\u0161tvo\u201d, koji realizuju Medijska asocijacija Jugoisto\u010dne Evrope u partnerstvu sa Dru\u0161tvom profesionalnih novinara Crne Gore i Institutom za medije Crne Gore, a podr\u017ean je kroz program \u201eOCD u Crnoj Gori \u2013 od osnovnih usluga do oblikovanja politika \u2013 M\u2019BASE\u201c koji sprovode Centar za gra\u0111ansko obrazovanje (CGO), Friedrich-Ebert-Stiftung (FES), Centar za za\u0161titu i prou\u010davanje ptica Crne Gore (CZIP) i Politikon mre\u017ea. Projekat finansira Evropska unija, a kofinansira Ministarstvo javne uprave.<\/p>\n","protected":false},"excerpt":{"rendered":"<p>Edukacija novinara i novinarki na temu govora mr\u017enje, kako ga prepoznati i razlikovati od spornog govora, neophodna je za njegovo suzbijanje i dalje \u0161irenje, poruka je u\u010desnika na treningu na temu govora mr\u017enje koji je u Baru organizovao Institut za medije Crne Gore. \u201cNovinari su prva linija odbrane od govora mr\u017enje. Mi ga ne mo\u017eemo<\/p>\n","protected":false},"author":1,"featured_media":3831,"comment_status":"open","ping_status":"open","sticky":false,"template":"","format":"standard","meta":{"footnotes":""},"categories":[59],"tags":[],"class_list":{"0":"post-3827","1":"post","2":"type-post","3":"status-publish","4":"format-standard","5":"has-post-thumbnail","7":"category-aktuelnosti"},"_links":{"self":[{"href":"https:\/\/citajizmedjuredova.me\/index.php?rest_route=\/wp\/v2\/posts\/3827","targetHints":{"allow":["GET"]}}],"collection":[{"href":"https:\/\/citajizmedjuredova.me\/index.php?rest_route=\/wp\/v2\/posts"}],"about":[{"href":"https:\/\/citajizmedjuredova.me\/index.php?rest_route=\/wp\/v2\/types\/post"}],"author":[{"embeddable":true,"href":"https:\/\/citajizmedjuredova.me\/index.php?rest_route=\/wp\/v2\/users\/1"}],"replies":[{"embeddable":true,"href":"https:\/\/citajizmedjuredova.me\/index.php?rest_route=%2Fwp%2Fv2%2Fcomments&post=3827"}],"version-history":[{"count":2,"href":"https:\/\/citajizmedjuredova.me\/index.php?rest_route=\/wp\/v2\/posts\/3827\/revisions"}],"predecessor-version":[{"id":3833,"href":"https:\/\/citajizmedjuredova.me\/index.php?rest_route=\/wp\/v2\/posts\/3827\/revisions\/3833"}],"wp:featuredmedia":[{"embeddable":true,"href":"https:\/\/citajizmedjuredova.me\/index.php?rest_route=\/wp\/v2\/media\/3831"}],"wp:attachment":[{"href":"https:\/\/citajizmedjuredova.me\/index.php?rest_route=%2Fwp%2Fv2%2Fmedia&parent=3827"}],"wp:term":[{"taxonomy":"category","embeddable":true,"href":"https:\/\/citajizmedjuredova.me\/index.php?rest_route=%2Fwp%2Fv2%2Fcategories&post=3827"},{"taxonomy":"post_tag","embeddable":true,"href":"https:\/\/citajizmedjuredova.me\/index.php?rest_route=%2Fwp%2Fv2%2Ftags&post=3827"}],"curies":[{"name":"wp","href":"https:\/\/api.w.org\/{rel}","templated":true}]}}