{"id":3838,"date":"2022-10-24T08:39:00","date_gmt":"2022-10-24T08:39:00","guid":{"rendered":"https:\/\/citajizmedjuredova.me\/?p=3838"},"modified":"2023-05-20T08:56:19","modified_gmt":"2023-05-20T08:56:19","slug":"dokumentarni-film-teret-iskustva-prica-o-napadima-na-novinarke-u-regiji","status":"publish","type":"post","link":"https:\/\/citajizmedjuredova.me\/?p=3838","title":{"rendered":"Dokumentarni film \u201cteret iskustva\u201d: pri\u010da o napadima na novinarke u regiji"},"content":{"rendered":"\n<p><strong>Pi\u0161e: Media.ba (Marija Arnautovi\u0107)<\/strong><\/p>\n\n\n\n<p><em>Foto: Privatna arhiva Sabina Begovi\u0107 \u0106ori\u0107<\/em><\/p>\n\n\n\n<p>\u201cTeret iskustva\u201d, novi dokumentarni film u produkciji SEENPM-a&nbsp; (Jugoisto\u010dna evropska mre\u017ea za profesionalizaciju medija) i Mediacentra Sarajevo u okviru projekta&nbsp; \u201cSna\u017eni\u201d, bavi se prijetnjama i uznemiravanjem novinarki na Zapadnom Balkanu. Film prati tri novinarke: Serbeze Haixhiaj, istra\u017eiva\u010dku novinarku sa Kosova, Nata\u0161u Kova\u010dev, TV novinarku iz Srbije i Vanju Stoki\u0107, urednicu i online novinarku iz Bosne i Hercegovine. Sve tri su \u010desto izlo\u017eene prijetnjama zbog novinarskog rada.<\/p>\n\n\n\n<p>Kroz projekat \u201cSna\u017eni\u201d realizuju se aktivnost civilnog dru\u0161tva u osna\u017eivanju slobode medija i borbi protiv dezinformacija i mrzila\u010dke propagande na Zapadnom Balkanu i Turskoj.<\/p>\n\n\n\n<p>Film&nbsp;\u201cTeret iskustva\u201d premijerno je prikazan na \u010detvrtom Fa\u017eana Media Festu nakon \u010dega je organizovan i razgovor sa novinarkama koje govore u filmu.&nbsp; Rediteljka Sabrina Begovi\u0107 \u0106ori\u0107 za Mediacentar Sarajevo ka\u017ee&nbsp; da je tokom rada na filmu, izme\u0111u ostalog, vodilo da novinarkama da glas da me\u0111usobno razgovaraju o svojim iskustvima, ali i da one budu te koje se pita, jer novinarska profesija je obi\u010dno u slu\u017ebi postavljanja pitanja.<\/p>\n\n\n\n<p>\u201cMnogobrojne su superheroine kako u Bosni i Hercegovini, tako i u regiji i svijetu. Oni koji iz udobnih fotelja neosnovano kritikuju njihov rad trebali bi da se zapitaju kako bi na\u0161 svijet izgledao kada one ne bi otvarale te\u0161ke teme, postavljale provokativna pitanja, propitivale sistem, upu\u0107ivale na nepravdu\u201d, ka\u017ee Begovi\u0107 \u0106ori\u0107.<\/p>\n\n\n\n<figure class=\"wp-block-embed is-type-video is-provider-youtube wp-block-embed-youtube wp-embed-aspect-16-9 wp-has-aspect-ratio\"><div class=\"wp-block-embed__wrapper\">\n<iframe title=\"The Burden of Experience (trailer)\" width=\"788\" height=\"443\" src=\"https:\/\/www.youtube.com\/embed\/9JCEikxHvbA?feature=oembed\" frameborder=\"0\" allow=\"accelerometer; autoplay; clipboard-write; encrypted-media; gyroscope; picture-in-picture; web-share\" allowfullscreen><\/iframe>\n<\/div><figcaption class=\"wp-element-caption\">Video: YouTube <\/figcaption><\/figure>\n\n\n\n<p><strong>Re\u017eirali ste film \u201cTeret iskustva\u201d koji govori o napadima na novinarke u regiji, \u0161ta je bio najve\u0107i izazov kada se govori o ovoj temi i za\u0161to ovaj naziv filma?<\/strong><\/p>\n\n\n\n<p>Sam naziv je proiza\u0161ao iz filma. Zapravo je citat jedne od replika, jer u jednom dijelu Serbeze Haxhiaj ka\u017ee kako novinarstvo nije lak posao ni za mu\u0161karce, ali te\u017eak teret iskustva seksizma, direktnih i indirektnih pritisaka i prijetnji, sexualnog uznemiravanja, prijetnji silovanjem je specifi\u010dno rezervisan za \u017eene. Najte\u017ee je bilo sve kontekste koje pitanje \u017eena u novinarstvu uklju\u010duje kompresovati u pola sata filma.<\/p>\n\n\n\n<p><strong>Koliko i ovaj film pokazuje sve izra\u017eeniji problem napada i nasilja nad \u017eenama, ne samo novinarkama, koliko je taj problem ina\u010de veliki u BIH i regiji?<\/strong><\/p>\n\n\n\n<p>Moje nastojanje je bilo da obuhvatimo vi\u0161e vidova nasilja i napada nad novinarkama, ali i da na\u0161e protagonistice dolaze iz razli\u010ditih zemalja. Na\u017ealost primjera je jako mnogo. Neke pri\u010de su vi\u0161e poznate u \u0161iroj javnosti, te smo se odlu\u010dile za akterice koje dolaze iz razli\u010ditih medija i \u010dija iskustva nisu toliko poznata, neke pri\u010de su prvi put ispri\u010dale. Serbeze Haixhiaj sa Kosova je radijska urednica i istra\u017eiva\u010dka novinarka, Nata\u0161a Kova\u010dev iz Srbije je televizijska reporterka, dok Vanja Soki\u0107 ure\u0111uje i pi\u0161e za internetaki portal. Njihovi \u201cslu\u010dajevi\u201d su specifi\u010dni i usko vezani za na\u010din novinarstva koji praktikuju, ali mnogo govore o \u0161irem kontekstu ne samo nasilja nad novinarkama nego i sistema za\u0161tite osoba koje rade u ovoj profesiji, na prvom mjestu \u017eena.&nbsp;<\/p>\n\n\n\n<p><strong>Zbog \u010dega je prema va\u0161em mi\u0161ljenju va\u017eno govoriti o ovim temama, naro\u010dito kada je rije\u010d o novinarkama u kontekstu patrijarhalnih balkanskih dru\u0161tava,&nbsp; slobode govora, ali i izra\u017eene diskriminacije?<\/strong><\/p>\n\n\n\n<p>Mo\u017eda nije najdirektniji odgovor, ali ono \u0161to je mene vodilo u radu na ovom filmu bilo je izme\u0111u ostalog i davanje glasa novinarkama da me\u0111usobno razgovaraju o svojim iskustvima, ali i da one budu te koje se pita jer novinarska profesija je obi\u010dno u slu\u017ebi postavljanja pitanja. Serbeze, Vanja, Nata\u0161a, kao i njihove kolegice, posve\u0107uju \u017eivot davanju glasa obespravljenima, istini koja se tabuizira, glas protiv kriminala, nepravde, protiv zlo\u010dina i korupcije. Ovaj film je bio prilika da se one na\u0111u i u poziciji onik koje pitaju, ali i poziciji onih \u010dij glas treba da se \u010duje, onih koje je potrebno da se osna\u017ei.<\/p>\n\n\n\n<p><strong>Koliko je rad sa novinarkama koje su meta stalnih napada i prijetnji bio zahtjevan, koliko ste prije filma znali o ovoj temi?<\/strong><\/p>\n\n\n\n<p>Obzirom da sam prije radila performans koji je tematizirao poziciju novinarki u savremenom dru\u0161tvu, tematika mi je bila veoma bliska. \u010citala sam i istra\u017eivanja koja na\u017ealost donose pora\u017eavaju\u0107e rezultate od kojih je na\u017ealost nedostatak solidarnosti, naro\u010dito me\u0111u \u017eenama novinarkama, najtu\u017enija \u010dinjenica. Novinarka koja do\u017eivi nasilje, uznemiravanje, provokacije, rijetko biva podr\u017eana u mediju u kome radi, u \u0161iroj novinarskoj zajednici, pogotovo ne u javnosti koja jedva do\u010deka da je ra\u0161\u010dere\u010di.&nbsp;<\/p>\n\n\n\n<p>Tako u filmu protagonistice govore i o toj dimenziji, koliko im je svaka podr\u0161ka zna\u010dajna i koliko im daje snagu da nastave. Va\u017eno mi je da osim dijela u kojima govorimo o problemima sa kojima su se susretale i sa kojima se susre\u0107u novinarke govore i o onome \u0161to ih hrabri da ne odustanu od rada u novinarstvu.<\/p>\n\n\n\n<p><strong>Jeste li se kao \u017eena mogli identificirati sa problemima o kojima govore va\u0161e sagovornice?<\/strong><\/p>\n\n\n\n<p>Problemi sa kojima se susre\u0107u Serbeze, Vanja, Nata\u0161a nisu samo specifi\u010dno rezervisani za novinarke, prisuti su i u drugim profesijama. Obzirom da je i moja profesija u jednom dijelu bliska novinarskoj, te da je tradicionalno vezana za mu\u0161karce kao profesionalce u oba posla, njihove probleme sam mogla razumjeti i iz li\u010dnog iskustva.&nbsp;<\/p>\n\n\n\n<p><strong>Veliki dio napada na novinarke danas se de\u0161ava online, koliko je va\u017eno nau\u010diti mlade \u017eene, ne samo novinarke, da je va\u017eno da znaju da se za\u0161tite i koliko ovaj film upozorava na te va\u017ene aspekte?<\/strong><\/p>\n\n\n\n<p>Online nasilju i prijetnjama se mora dati vi\u0161e pa\u017enje. Ono je sve prisutnije i najve\u0107a je bojazan da bi se ovaj vid nasilja i napada mogao normalizirati zbog aljkavosti sistema, ali i zbog toga \u0161to sami novinari i novinarke \u010desto smatraju da je sve to dio posla,&nbsp; da su pristale i&nbsp; na taj dio kada su se opredjelile za novinarsku profesiju. Moramo upu\u0107ivati koliko je taj segment opasan i reagovati prije nego \u0161to se jedna od tih prijetnji sprovede izvan online prostora.<\/p>\n\n\n\n<p><strong>Jeste li tokom rada na filmu Teret iskustva nau\u010dili ne\u0161to novo o ovoj temi, koliko su pri\u010de sagovornica na neki na\u010din i vas oblikovale i uticale da ih prika\u017eete na na\u010din na koji jeste?<\/strong><\/p>\n\n\n\n<p>Ne mogu re\u0107i da sam nau\u010dila ne\u0161to novo generalno o tematici napada i nasilja, jer se radi o problematici koja se sporo rije\u0161ava i koja je u\u010destala ve\u0107 decenijama. Ono \u0161to jeste ujecalo na mene i na na\u010din kako predstaviti protagonistice filma jeste njihova hrabrost, odva\u017enost i istrajnost. Zbog toga je moj pristup predstavljanja njihovog privatnog i poslovnog \u017eivota bio da istaknem dimenziju u kojoj su one zaista heroine, real life super heros, kao iz stripova i filmova nau\u010dne fantastike.&nbsp;<\/p>\n\n\n\n<p>I ne samo tri protagnoistice koliko je filmski format dozvoljavao, mnogobrojne su superheroine kako u Bosni i Hercegovini, tako i u regiji i svijetu. Oni koji iz udobnih fotelja neosnovano kritikuju njihov rad trebali bi da se zapitaju kako bi na\u0161 svijet izgledao kada one ne bi otvarale te\u0161ke teme, postavljale provokativna pitanja, propitivale sistem, upu\u0107ivale na nepravdu. Zato smatram da je ovo i poziv na ve\u0107u i glasniju podr\u0161ku za\u0161titi \u017eena u novinarstvu.\u00a0<\/p>\n\n\n\n<figure class=\"wp-block-image size-full\"><img fetchpriority=\"high\" decoding=\"async\" width=\"560\" height=\"380\" src=\"https:\/\/citajizmedjuredova.me\/wp-content\/uploads\/2023\/05\/image.png\" alt=\"\" class=\"wp-image-3840\" srcset=\"https:\/\/citajizmedjuredova.me\/wp-content\/uploads\/2023\/05\/image.png 560w, https:\/\/citajizmedjuredova.me\/wp-content\/uploads\/2023\/05\/image-300x204.png 300w, https:\/\/citajizmedjuredova.me\/wp-content\/uploads\/2023\/05\/image-150x102.png 150w, https:\/\/citajizmedjuredova.me\/wp-content\/uploads\/2023\/05\/image-450x305.png 450w\" sizes=\"(max-width: 560px) 100vw, 560px\" \/><\/figure>\n","protected":false},"excerpt":{"rendered":"<p>Pi\u0161e: Media.ba (Marija Arnautovi\u0107) Foto: Privatna arhiva Sabina Begovi\u0107 \u0106ori\u0107 \u201cTeret iskustva\u201d, novi dokumentarni film u produkciji SEENPM-a&nbsp; (Jugoisto\u010dna evropska mre\u017ea za profesionalizaciju medija) i Mediacentra Sarajevo u okviru projekta&nbsp; \u201cSna\u017eni\u201d, bavi se prijetnjama i uznemiravanjem novinarki na Zapadnom Balkanu. Film prati tri novinarke: Serbeze Haixhiaj, istra\u017eiva\u010dku novinarku sa Kosova, Nata\u0161u Kova\u010dev, TV novinarku iz<\/p>\n","protected":false},"author":1,"featured_media":3841,"comment_status":"open","ping_status":"open","sticky":false,"template":"","format":"standard","meta":{"footnotes":""},"categories":[59],"tags":[],"class_list":{"0":"post-3838","1":"post","2":"type-post","3":"status-publish","4":"format-standard","5":"has-post-thumbnail","7":"category-aktuelnosti"},"_links":{"self":[{"href":"https:\/\/citajizmedjuredova.me\/index.php?rest_route=\/wp\/v2\/posts\/3838","targetHints":{"allow":["GET"]}}],"collection":[{"href":"https:\/\/citajizmedjuredova.me\/index.php?rest_route=\/wp\/v2\/posts"}],"about":[{"href":"https:\/\/citajizmedjuredova.me\/index.php?rest_route=\/wp\/v2\/types\/post"}],"author":[{"embeddable":true,"href":"https:\/\/citajizmedjuredova.me\/index.php?rest_route=\/wp\/v2\/users\/1"}],"replies":[{"embeddable":true,"href":"https:\/\/citajizmedjuredova.me\/index.php?rest_route=%2Fwp%2Fv2%2Fcomments&post=3838"}],"version-history":[{"count":1,"href":"https:\/\/citajizmedjuredova.me\/index.php?rest_route=\/wp\/v2\/posts\/3838\/revisions"}],"predecessor-version":[{"id":3842,"href":"https:\/\/citajizmedjuredova.me\/index.php?rest_route=\/wp\/v2\/posts\/3838\/revisions\/3842"}],"wp:featuredmedia":[{"embeddable":true,"href":"https:\/\/citajizmedjuredova.me\/index.php?rest_route=\/wp\/v2\/media\/3841"}],"wp:attachment":[{"href":"https:\/\/citajizmedjuredova.me\/index.php?rest_route=%2Fwp%2Fv2%2Fmedia&parent=3838"}],"wp:term":[{"taxonomy":"category","embeddable":true,"href":"https:\/\/citajizmedjuredova.me\/index.php?rest_route=%2Fwp%2Fv2%2Fcategories&post=3838"},{"taxonomy":"post_tag","embeddable":true,"href":"https:\/\/citajizmedjuredova.me\/index.php?rest_route=%2Fwp%2Fv2%2Ftags&post=3838"}],"curies":[{"name":"wp","href":"https:\/\/api.w.org\/{rel}","templated":true}]}}