{"id":3846,"date":"2022-10-30T09:10:00","date_gmt":"2022-10-30T09:10:00","guid":{"rendered":"https:\/\/citajizmedjuredova.me\/?p=3846"},"modified":"2023-05-20T09:13:21","modified_gmt":"2023-05-20T09:13:21","slug":"medijska-pismenost-od-naredne-skolske-godine-u-osnovim-skolama","status":"publish","type":"post","link":"https:\/\/citajizmedjuredova.me\/?p=3846","title":{"rendered":"Medijska pismenost od naredne \u0161kolske godine u osnovim \u0161kolama"},"content":{"rendered":"\n<p>U\u010denici\/ce osnovnih \u0161kola u Crnoj Gori \u0107e od naredne \u0161kolske 2023\/2024. godine izu\u010davati medijsku pismenost kao izborni predmet, \u0161to je zna\u010dajan iskorak naprijed u pravcu ve\u0107eg obuhvata mladih u \u0161kolama, njihovog osposobljavanja za bolje razumijevanje uloge medija u svakodnevom \u017eivotu I pove\u0107anje njihove sposobnosti da posredstvom medija bolje komuniciraju.<\/p>\n\n\n\n<p>Nacionali savjet za obrazovanje je odobrio predmetni program za predmet \u201cMedijska pismenost\u201d za osnovne \u0161kole I u\u010denici\/ce \u0107e mo\u0107i da ga biraju u VII, VIII ili IX razredu, a predmet \u0107e mo\u0107i da predaju svi &nbsp;nastavnici\/ce koji pro\u0111u adekvatnu obuku. Predmetni program je dostupan na linku:&nbsp;<a href=\"https:\/\/www.mminstitute.org\/wp-content\/uploads\/2022\/10\/MEDIJSKA-PISMENOST-Izborni-predmet-za-3.ciklus-osnovne-skole.pdf\">https:\/\/www.mminstitute.org\/wp-content\/uploads\/2022\/10\/MEDIJSKA-PISMENOST-Izborni-predmet-za-3.ciklus-osnovne-skole.pdf<\/a><\/p>\n\n\n\n<p>Program su pripremili relevantni prakti\u010dari u nastavi medijske pismenosti, na inicijativu I uz koordinaciju Instituta za medije Crne Gore, koji je formirao radnu grupu za izradu programa I prate\u0107eg ud\u017ebenika I dostavio Nacionalnom savjetu program na razmatranje I usvajanje. Stru\u010dna recenzija je povjerena \u0161irem timu stru\u010dnjaka, pedagoga, psihologa, metodologa.<\/p>\n\n\n\n<p>Institut za medije pozdravlja odluku Nacionalnog savjeta I preporuku Zavoda za \u0161kolstvo da se medijska pismenost ponudi kao izborni predmet u osnovim \u0161kolama, \u0161to je zna\u010dajan iskorak u odnosu na trenutnu situaciju gdje je medijsko obrazovanje privilegovano znanje gimnazijalaca, koji taj predmet izu\u010davaju od 2009. godine.<\/p>\n\n\n\n<p><em>\u201eObrazovne strategije u Crnoj Gori koje se oslanjaju na evropske i globalne politike medijskog opismenjavanja doprinose razvijanju klju\u010dnih kompetencija za 21. vijek. Izu\u010davanje sadr\u017eaja predvi\u0111enih ovim predmetnim programom nedvosmisleno doprinosti razvijanju&nbsp; kriti\u010dkog mi\u0161ljenja, kreativnosti, uspje\u0161nom rje\u0161avanju problema, informacionoj pismenosti, komunikacionoj pismenosti, odgovornom odnosu prema zdravlju i \u017eivotnoj sredini, a posebno razvijanju socio-emocionalnih vje\u0161tina kakve su timski rad, tolerancija, kreativnost, strpljenje i druge<\/em>\u201c, naveli su autorka i autor programa Svetlana Joveti\u0107 Koprivica i Miroslav Mini\u0107.<\/p>\n\n\n\n<p><a>Odluka o uvo\u0111enju medijske pismenosti u osnovne \u0161kole je rezultat vi\u0161egodi\u0161njeg rada I zalaganja grupe entuzijasta iz obrazovnih institucija i civilnog sektora.<\/a><\/p>\n\n\n\n<p>U mjesecima koji slijede predstoji promocija programa u osnovnim \u0161kolama, paraleno sa tim obuke nastavnika\/ca, a u zavr\u0161noj fazi je izrada ud\u017ebenika za nastavnike\/ce.<\/p>\n\n\n\n<p>Od velikog je zna\u010daja \u0161to raste interesovanje nastavnika\/ca za predmet medijska pismenost, \u0161to pokazuje sve ve\u0107i broj nastavnika\/ca koju su pro\u0161li akreditovane obuke i do sada najve\u0107i broj akreditovanih programa za stru\u010dno usavr\u0161avanje iz ove oblasti odobrenih od strane Zavoda za \u0161kolstvo.<\/p>\n\n\n\n<p>Da bi ovakve obuke nastavnika\/ca bile dugoro\u010dno odr\u017eive, bitno je da se napravi dugoro\u010dna saradnja izme\u0111u Zavoda za \u0161koolstvo, \u0161kola, Univerziteta i medija, kao i da se u kurikulum svih budu\u0107ih nastavnika uklju\u010di obuka iz medijske pismenosti i medijske pedagogije -efektnog kori\u0161\u0107enja medija u nastavi.<\/p>\n\n\n\n<p>Izazovi digitalnog i umre\u017eenog dru\u0161tva, pored zna\u010dajnih mogu\u0107nosti, donose i posebne probleme za dru\u0161tva u vidu kampanja la\u017ei, dezinformacija, govora mr\u017enje i drugih toksi\u010dnih i \u0161tetnih sadr\u017eaja kojim obiliju medijske platforme, a \u0161to vrlo \u010desto ugro\u017eava demokratska dru\u0161tva. U odgovoru na te izazove je od ogromnog zna\u010daja medijsko obrazovanje.<\/p>\n","protected":false},"excerpt":{"rendered":"<p>U\u010denici\/ce osnovnih \u0161kola u Crnoj Gori \u0107e od naredne \u0161kolske 2023\/2024. godine izu\u010davati medijsku pismenost kao izborni predmet, \u0161to je zna\u010dajan iskorak naprijed u pravcu ve\u0107eg obuhvata mladih u \u0161kolama, njihovog osposobljavanja za bolje razumijevanje uloge medija u svakodnevom \u017eivotu I pove\u0107anje njihove sposobnosti da posredstvom medija bolje komuniciraju. Nacionali savjet za obrazovanje je odobrio<\/p>\n","protected":false},"author":1,"featured_media":3847,"comment_status":"open","ping_status":"open","sticky":false,"template":"","format":"standard","meta":{"footnotes":""},"categories":[59],"tags":[],"class_list":{"0":"post-3846","1":"post","2":"type-post","3":"status-publish","4":"format-standard","5":"has-post-thumbnail","7":"category-aktuelnosti"},"_links":{"self":[{"href":"https:\/\/citajizmedjuredova.me\/index.php?rest_route=\/wp\/v2\/posts\/3846","targetHints":{"allow":["GET"]}}],"collection":[{"href":"https:\/\/citajizmedjuredova.me\/index.php?rest_route=\/wp\/v2\/posts"}],"about":[{"href":"https:\/\/citajizmedjuredova.me\/index.php?rest_route=\/wp\/v2\/types\/post"}],"author":[{"embeddable":true,"href":"https:\/\/citajizmedjuredova.me\/index.php?rest_route=\/wp\/v2\/users\/1"}],"replies":[{"embeddable":true,"href":"https:\/\/citajizmedjuredova.me\/index.php?rest_route=%2Fwp%2Fv2%2Fcomments&post=3846"}],"version-history":[{"count":1,"href":"https:\/\/citajizmedjuredova.me\/index.php?rest_route=\/wp\/v2\/posts\/3846\/revisions"}],"predecessor-version":[{"id":3848,"href":"https:\/\/citajizmedjuredova.me\/index.php?rest_route=\/wp\/v2\/posts\/3846\/revisions\/3848"}],"wp:featuredmedia":[{"embeddable":true,"href":"https:\/\/citajizmedjuredova.me\/index.php?rest_route=\/wp\/v2\/media\/3847"}],"wp:attachment":[{"href":"https:\/\/citajizmedjuredova.me\/index.php?rest_route=%2Fwp%2Fv2%2Fmedia&parent=3846"}],"wp:term":[{"taxonomy":"category","embeddable":true,"href":"https:\/\/citajizmedjuredova.me\/index.php?rest_route=%2Fwp%2Fv2%2Fcategories&post=3846"},{"taxonomy":"post_tag","embeddable":true,"href":"https:\/\/citajizmedjuredova.me\/index.php?rest_route=%2Fwp%2Fv2%2Ftags&post=3846"}],"curies":[{"name":"wp","href":"https:\/\/api.w.org\/{rel}","templated":true}]}}