{"id":3849,"date":"2022-11-06T09:13:00","date_gmt":"2022-11-06T09:13:00","guid":{"rendered":"https:\/\/citajizmedjuredova.me\/?p=3849"},"modified":"2023-05-20T09:17:20","modified_gmt":"2023-05-20T09:17:20","slug":"govor-mrznje-obavijen-tisinom","status":"publish","type":"post","link":"https:\/\/citajizmedjuredova.me\/?p=3849","title":{"rendered":"Govor mr\u017enje obavijen ti\u0161inom"},"content":{"rendered":"\n<p><strong>Pi\u0161e: Damira Kala\u010d, novinarka<\/strong><\/p>\n\n\n\n<p>Ti\u0161ina. To je ukratko odgovor najve\u0107eg broja politi\u010dkih partija na pitanja o partijskoj i pojedina\u010dnoj odgovornosti funkcionera i \u010dlanova partije, za svaki vid komunikacije u javnom prostoru u kojem se mogu prepoznati elementi govora mr\u017enje.<\/p>\n\n\n\n<p>Protiv biv\u0161eg poslanika i predsjednika Pokreta za promjene (PzP)&nbsp;<strong>Neboj\u0161e Medojevi\u0107a<\/strong>&nbsp;nedavno je podnijeta krivi\u010dna prijava jer je na Tviteru objavio izmijenjenu privatnu fotografiju biv\u0161eg dr\u017eavnog sekretara u Ministarstvu finansija i socijalnog staranja&nbsp;<strong>Janka Odovi\u0107a<\/strong>, i neprimjereni komentar u kojem je aludirao na njegovo seksualno opredjeljenje.<\/p>\n\n\n\n<p>Medojevi\u0107ev partijski kolega&nbsp;<strong>Nikola Baj\u010deti\u0107<\/strong>&nbsp;ranije je na Tviteru tako\u0111e uputio te\u0161ke uvrede LGBT osobama. I iz Demokratskog fronta (DF), politi\u010dke koalicije \u010diji je dio i PzP, upu\u0107ivali su sli\u010dne poruke na ra\u010dun LGBTIQ populacije.<\/p>\n\n\n\n<p>\u201cVijesti\u201d ne\u0107e objavljivati sadr\u017einu poruka kako ne bi uticali na njihovo \u0161irenje.<\/p>\n\n\n\n<p>\u201cOvo je najava biolo\u0161kog rata protiv na\u0161eg naroda i protiv pravoslavne vjere\u201d, poru\u010divala je iz skup\u0161tinskih klupa poslanica DF-a&nbsp;<strong>Jelena Bo\u017eovi\u0107<\/strong>&nbsp;2019. godine, tokom diskusije o Zakonu o socijalnoj i dje\u010djoj za\u0161titi, jer im je zasmetala formulacija da porodicu, izme\u0111u ostalog, \u010dine i \u201cpartneri u zajednici \u017eivota lica istog pola i djeca koju partneri izdr\u017eavaju u skladu sa zakonom kojim se ure\u0111uje \u017eivotno partnerstvo lica istog pola\u201d.<\/p>\n\n\n\n<p>Njen partijski kolega&nbsp;<strong>Jovan Vu\u010durovi\u0107<\/strong>, predsjednik skup\u0161tinskog Odbora za ljudska prava, tada je govorio da je u pitanju \u201cudar na svetinje, u ovom slu\u010daju na porodicu\u201d.<\/p>\n\n\n\n<p>Jedan funkcioner DF-a preko Tvitera je u novembru 2021. uputio uvrede na ra\u010dun poslanice&nbsp;<strong>Draginje Vuksanovi\u0107 Stankovi\u0107<\/strong>&nbsp;(SDP), postavljaju\u0107i njenu fotografiju nakon \u0161to je primila tre\u0107u dozu vakcine protiv kovida-19, uz rije\u010di: \u201cD. primila vakcinu, da i nju ne\u0161to ubode\u201d.<\/p>\n\n\n\n<p>Za\u0161titnik za ljudska prava i slobode tada je saop\u0161tenjem javno osudio diskriminatorne i krajnje uvredljive seksisti\u010dke izjave upu\u0107ene poslanici, isti\u010du\u0107i \u010dinjenicu da su \u017eene na javnim funkcijama u Crnoj Gori ve\u0107 du\u017ee, naj\u010de\u0161\u0107e u onlajn prostoru, meta brutalnih napada, i \u017ertve su rodnih stereotipa, predrasuda i razli\u010ditih mizoginih diskreditacija.<\/p>\n\n\n\n<p>Advokat&nbsp;<strong>V. V.<\/strong>&nbsp;i profesor&nbsp;<strong>R. \u010c.<\/strong>&nbsp;obratili su se Ombudsmanu pritu\u017ebom na javno izlaganje Vuksanovi\u0107 Stankovi\u0107, koja je na skup\u0161tinskoj sjednici 25. decembra 2020. izjavila:<\/p>\n\n\n\n<p>\u201cZnate li na \u0161ta sam najvi\u0161e ponosna u svom odrastanju od ro\u0111enja do danas\u2026 \u0161to me moja majka, izvorna, pravoslavna Srpkinja, iz U\u017ei\u010dke Po\u017eege, ne posrbica nego izvorna, pravoslavna Srpkinja\u2026\u201d, tvrde\u0107i da \u0161iri netrpeljivost i diskriminatorne stavove prema pripadnicima srpske nacionalnosti.<\/p>\n\n\n\n<p>Za\u0161titnik je 16. decembra 2021. donio mi\u0161ljenje prilikom \u010dega se nije bavio porijeklom i zna\u010denjem termina \u201cposrbica\u201d, ve\u0107 je stava da ukoliko taj termin vrije\u0111a pojedinca ili grupu lica \u2013 smatra da se radi o neprihvatljivom kori\u0161\u0107enju tog termina, ali da se ne radi o govoru mr\u017enje, jer nedostaje element \u0161irenja mr\u017enje, nasilja i diskriminacije.<\/p>\n\n\n\n<p>Za\u0161titnik je tada konstatovano da se \u010desto u Skup\u0161tini, u kontekstu razli\u010ditih debata od op\u0161teg interesa, upotrebljavaju i pe\u017eorativni termini kao \u0161to su: \u201cmilogorci\u201d, \u201clitija\u0161i\u201d, \u201csekta, a ne crkva\u201d, \u201clopovi\u201d, \u201ckriminalci\u201d, \u201cteroristi\u201d, kao i drugi uvredljivi termini i rije\u010di koje \u0161okiraju, uznemiravaju, pa i vrije\u0111aju, ali da Evropski sud za ljudska prava \u201cdozvoljava takav o\u0161tar diskurs u politi\u010dkom okru\u017eenju\u201d.<\/p>\n\n\n\n<p>Za\u0161titniku je nedavno prijavljen istup&nbsp;<strong>Sava Nikovi\u0107a<\/strong>, odbornika Demokrata u Skup\u0161tini op\u0161tine Herceg Novi, koji je na jednom zasijedanju rekao da \u201cvrlo bahati sme\u0107ari romske nacionalnosti\u201d ne rade dobro svoj posao. Nikovi\u0107 se izvinio za svoje komentare, navode\u0107i da nije targetirao pripadnike romske i egip\u0107anske populacije, nego komunalne radnike.<\/p>\n\n\n\n<p>Tada\u0161nji i aktuelni predsjednik Crne Gore&nbsp;<strong>Milo \u0110ukanovi\u0107<\/strong>&nbsp;(DPS) 2018. godine vidio je fa\u0161izam u dijelu medija i NVO sektora.<\/p>\n\n\n\n<p>\u201cOpasno je pravljenje kompromisa sa \u2018Vijestima\u2019 jer oni reketiraju. To su opasni centri maskirani u medije, \u010dije su metode fa\u0161isti\u010dke\u201d, kazao je lider DPS-a tada gostuju\u0107i u emisiji \u201c\u017diva istina\u201d.<\/p>\n\n\n\n<p>Za fa\u0161izam medije je optu\u017eivao je premijer&nbsp;<strong>Dritan Abazovi\u0107&nbsp;<\/strong>(URA).<\/p>\n\n\n\n<p>\u201cMediji koji imaju fa\u0161isti\u010dku notu, kojima od prvog dana smeta to \u0161to sam pripadnik manjinskog naroda i koji poku\u0161avaju na svaki na\u010din da uru\u0161e imid\u017e Crne Gore\u201d, kazao je on u Skup\u0161tini 19. avgusta.<\/p>\n\n\n\n<p>Takvom retorikom, kako su potom saop\u0161tili iz Akcije za ljudska prava (HRA), ugro\u017eava se sloboda medija i nastavlja praksa koja je karakterisala vi\u0161edecenijsku vlast DPS-a.<\/p>\n\n\n\n<p>Da li se u partiji smatraju odgovornima za sporni i eventualni govor mr\u017enje koji bi uputio njihov partijski kolega, da li smatraju da se takvo pona\u0161anje politi\u010dara reflektuje na pona\u0161anje gra\u0111ana, da li i kako rje\u0161avaju takve slu\u010dajeve, da li su i \u0161ta preduzimali ako je prema njihovoj partiji ili kolegama upu\u0107en govor koji se mo\u017ee okarakterisati kao govor mr\u017enje, te \u0161ta bi bila adekvatna kazna za sli\u010dno pona\u0161anje pojedinaca iz politi\u010dkih partija, institucija i uop\u0161te javnih slu\u017ebi, na ta pitanja iz ve\u0107ine politi\u010dkih partija nisu odgovorili.<\/p>\n\n\n\n<p>Odgovor nije stigao od Demokratske partije socijalista, DF-a, Demokratske Crne Gore, GP URA, Socijaldemokrata, Socijaldemokratske partije, Albanske alternative, Hrvatske gra\u0111anske inicijative, Radni\u010dke partije, Prave Crne Gore.<\/p>\n\n\n\n<p>Odgovore na pitanja jedino su uputili Liberalna partija (LP) i Bo\u0161nja\u010dka stranka (BS).<\/p>\n\n\n\n<p>\u201cPartija ne mo\u017ee kontrolisati ono \u0161to radi svako njen \u010dlan, pa prema tome ne mo\u017ee biti ni odgovorna za svaki komentar bilo kojeg \u010dlana. O odgovornosti se mo\u017ee govoriti u dijelu onoga \u0161to komentari\u0161u visoki funkcioneri partije, \u010dlanovi najvi\u0161ih organa, te u tom dijelu svakako da partija vodi ra\u010duna\u201d, rekao je portparol LP&nbsp;<strong>Amar Boran\u010di\u0107<\/strong>.<\/p>\n\n\n\n<p>U LP nemaju dilemu da se pona\u0161anje politi\u010dara reflektuje na pona\u0161anje gra\u0111ana.<\/p>\n\n\n\n<p>\u201cLP posebno vodi ra\u010duna da uvijek plasira jasne, argumentovanje i umjerene poruke koje vode ka dijalogu i ukazuju na pojave mr\u017enje i nasilja u dru\u0161tvu. Uvijek jasno osu\u0111ujemo svaku takvu pojavu\u201d, rekao je on.<\/p>\n\n\n\n<p>Ka\u017ee i da u LP, kada su u pitanju najvi\u0161i funkcioneri partije, nisu imali slu\u010daju da neko od njih plasira govor koji se karakteri\u0161e kao govor mr\u017enje, a da o eventualnim pritu\u017ebama na njihovo pona\u0161anje odlu\u010duje Vije\u0107e \u010dasti partije.<\/p>\n\n\n\n<p>Boran\u010di\u0107 dodaje i da su mnogo puta registrovali govor mr\u017enje koji je usmjeren prema LP i njenim funkcionerima.<\/p>\n\n\n\n<p>\u201cNaro\u010dito na dru\u0161tvenim mre\u017eama ili na portalima, koje su bile nerijetko agresivne, prijetnje nasiljem i sli\u010dno. O tome smo povremeno obavje\u0161tavali javnost, me\u0111utim nismo preuzimali nikakve zakonske mjere, a vjerujemo da je potrebno tu oblast dodatno zakonski urediti\u201d, kazao je on.<\/p>\n\n\n\n<p>Iz BS su kazali da je svaki javni nastup funkcionera te partije \u201capsolutno li\u0161en bilo kakvog oblika govora mr\u017enje\u201d.<\/p>\n\n\n\n<p>\u201cMi smo partija koja ba\u0161tini ideje pomirenja, su\u017eivota, multikulturalnosti. S druge strane, crnogorska javnost je u prethodnom periodu bila svjedok da smo od nekih politi\u010dkih struktura i politi\u010dara imali skoro pa direktne poruke govora mr\u017enje prema manjinskim narodima. To je ne\u0161to \u0161to zabrinjava, ali na\u017ealost, ponavlja se. U tom dijelu, nije dovoljna samo reakcija predstavnika manjinskih naroda. Naprotiv, potrebna je reakcija cjelokupnog dru\u0161tva. Mislim da moramo te\u017eiti tome da takvi incidenti budu ka\u017enjavani od strane bira\u010da na prvim sljede\u0107im izborima\u201d, rekao je portparol te partije&nbsp;<strong>Adel Omeragi\u0107<\/strong>.<\/p>\n\n\n\n<p><strong>Damir Niko\u010devi\u0107<\/strong>&nbsp;iz Centra za gra\u0111ansko obrazovanje (CGO) isti\u010de je da je uticaj politi\u010dara na javnu sferu u Crnoj Gori ogroman.<\/p>\n\n\n\n<p>\u201cI to je ne\u0161to \u0161to na\u0161e dru\u0161tvo decenijama karakteri\u0161e, samo se u jednom dijelu mijenjaju akteri. Ono \u0161to rade politi\u010dari ima svoju transmisiju i na gra\u0111ane. Duboka podijeljenost, visoka politizacija svih dru\u0161tvenih procesa je uticala i na dio gra\u0111ana i na na\u010din ispoljavanja njihovih stavova u javnom prostoru. To se posebno odnosi na onaj dio javnosti koji ima ni\u017ei stepen javne odgovornosti i medijske pismenosti, i koji su podlo\u017eniji politi\u010dkim i medijskim manipulacijama\u201d, rekao je on.<\/p>\n\n\n\n<p>Kazao je i da postoje\u0107i zakonski okvir jeste solidan okvir za borbu protiv govora mr\u017enje, da u nekim segmentima postoji prostor za unaprje\u0111enja u pravcu preciziranja, jer crnogorsko dru\u0161tvo, kako je rekao, spada u ona u kojima, u nedostatku demokratske svijesti i razumijevanja granica, sve treba detaljno normirati.<\/p>\n\n\n\n<p>Tako\u0111e, kako dodaje, postoje i dokumenti koji za razli\u010dite kategorije daju i smjernice koje se odnose na profesionalnu etiku, ali su oni potpuno marginalizovani.<\/p>\n\n\n\n<p>\u201c\u010cini se da postoji i dosta visok stepen saglasnosti me\u0111u politi\u010darima razli\u010ditih profilacija da je u izbornoj kampanji sve dozvoljeno, a mi, na\u017ealost, \u017eivimo u dru\u0161tvu koje maltene svake godine ima neke izbore, pa to doprinosi i osje\u0107aju traju\u0107e kampanje, uz sve negativne aspekte koji ih prate. Vjerujem da bi dosljednja i efikasna primjena zakona ipak uticala na smanjenje neprimjerenog govora i govora mr\u017enje u javnom prostoru. Naravno, bez obzira na bilo kakve kazne u prekr\u0161ajnom ili krivi\u010dnom postupku, najefikasnije po politi\u010dare bi bilo otkazivanje povjerenja gra\u0111ana na izborima zbog takvih pona\u0161anja\u201d, rekao je on.<\/p>\n\n\n\n<p>U odgovoru na pitanje kako da se mediji ophode prema onome \u0161to je govor mr\u017enje \u2013 da li ga prenijeti i na koji na\u010din, Niko\u010devi\u0107 je podsjetio na \u010dlan 36 Zakona o medijima, kojim se zabranjuje objavljivanje informacija koje podsti\u010du govor mr\u017enje.<\/p>\n\n\n\n<p>\u201cIstovremeno, razumljivo je da mediji, u interesu javnosti objave informaciju ukoliko politi\u010dar ili politi\u010dka partija koriste govor mr\u017enje ne bi li se na taj na\u010din prevenirala takva pojava u budu\u0107nosti i napravio pritisak na nosioce va\u017enih funkcija da se u javnom prostoru pona\u0161aju odgovorno i eti\u010dno. Naravno, pri preno\u0161enju takvih izjava, medij se mora jasno ograditi i ukazati da to jeste govor mr\u017enje i da je to zakonom ka\u017enjivo. I to je onaj izbori koji medij pravi, odnosno da li \u0107e biti ozbiljan, profesionalan medij ili \u0107e biti bli\u017ee onom \u0161to naj\u010de\u0161\u0107e opisujemo kao tabloidno ili \u017euto novinarstvo\u201d, kazao je on.<\/p>\n\n\n\n<blockquote class=\"wp-block-quote is-layout-flow wp-block-quote-is-layout-flow\">\n<p><strong>Mediji da bolje kontroli\u0161u naloge na dru\u0161tvenim mre\u017eama<\/strong>U polugodi\u0161njem monitoringu sadr\u017eaja u onlajn medijima, koji je objavljen tokom ljeta, Institut za medije, pored ostalog, naveo je da u uredni\u010dkom sadr\u017eaju etabliranih medija nema primjera uvreda, zapaljivog govora i govora mr\u017enje, da elemenata tog neprihvatljivog sadr\u017eaja mo\u017ee biti u naslovima i tekstovima desno orijentisanog portala In4S.<br>Navodi se i da u izvje\u0161tavanju o spornom govoru \u010desto nedostaje obja\u0161njenje \u0161ireg konteksta izre\u010denog, jasna i nedvosmislena uredni\u010dka distanca i ograda od spornog govora. Monitoring je pokazao je i da etablirani mediji postepeno unapre\u0111uju moderaciju komentara, ali da je i zabrinjavaju\u0107e prisustvo spornog govora u komentarima i dalje primjetno.<br>Poseban izazov, kako pi\u0161e, predstavljaju nalozi medija na dru\u0161tvenim mre\u017eama na kojima se dodatno \u0161ire te\u0161ke uvrede, psovke i govor mr\u017enje.<br>Iz Instituta za medije dali su i preporuku za medije, prema kojoj bi mediji trebali da razmotre mogu\u0107nost da preuzimaju odgovornost za uredni\u010dki sadr\u017eaj na svojim nalozima na dru\u0161tvenim mre\u017eama i da internim pravilima propi\u0161u procedure za spre\u010davanje \u0161irenja uvredljivog govora i govora mr\u017enje.<br>\u201cTakva praksa nije nepoznata u profesionalnim i etabliranim medijima u regionu i u Evropi\u201d, pi\u0161e u preporukama.<\/p>\n<\/blockquote>\n\n\n\n<p><em><strong>Ovaj \u010dlanak je ura\u0111en u okviru projekta \u201cDijagnoza i terapija slobode izra\u017eavanja, govora mr\u017enje i etni\u010dkih tenzija\u201d, koji Institut za medije Crne Gore organizuje u saradnji sa Centrom za demokratiju i ljudska prava (CEDEM) i UL info uz podr\u0161ku Evropske unije kroz Evropski instrument za demokratiju i ljudska prava (EIDHR) i kofinansiranje od strane Ministarstva javne uprave digitalnog dru\u0161tva i medija.<\/strong><\/em><\/p>\n\n\n\n<p><em><strong>Sadr\u017eaj je isklju\u010divo odgovornost autorke i izdava\u010da Instituta za medije Crne Gore i nu\u017eno ne odra\u017eava stavove donatora.<\/strong><\/em><\/p>\n","protected":false},"excerpt":{"rendered":"<p>Pi\u0161e: Damira Kala\u010d, novinarka Ti\u0161ina. To je ukratko odgovor najve\u0107eg broja politi\u010dkih partija na pitanja o partijskoj i pojedina\u010dnoj odgovornosti funkcionera i \u010dlanova partije, za svaki vid komunikacije u javnom prostoru u kojem se mogu prepoznati elementi govora mr\u017enje. Protiv biv\u0161eg poslanika i predsjednika Pokreta za promjene (PzP)&nbsp;Neboj\u0161e Medojevi\u0107a&nbsp;nedavno je podnijeta krivi\u010dna prijava jer je<\/p>\n","protected":false},"author":1,"featured_media":3850,"comment_status":"open","ping_status":"open","sticky":false,"template":"","format":"standard","meta":{"footnotes":""},"categories":[59],"tags":[],"class_list":{"0":"post-3849","1":"post","2":"type-post","3":"status-publish","4":"format-standard","5":"has-post-thumbnail","7":"category-aktuelnosti"},"_links":{"self":[{"href":"https:\/\/citajizmedjuredova.me\/index.php?rest_route=\/wp\/v2\/posts\/3849","targetHints":{"allow":["GET"]}}],"collection":[{"href":"https:\/\/citajizmedjuredova.me\/index.php?rest_route=\/wp\/v2\/posts"}],"about":[{"href":"https:\/\/citajizmedjuredova.me\/index.php?rest_route=\/wp\/v2\/types\/post"}],"author":[{"embeddable":true,"href":"https:\/\/citajizmedjuredova.me\/index.php?rest_route=\/wp\/v2\/users\/1"}],"replies":[{"embeddable":true,"href":"https:\/\/citajizmedjuredova.me\/index.php?rest_route=%2Fwp%2Fv2%2Fcomments&post=3849"}],"version-history":[{"count":1,"href":"https:\/\/citajizmedjuredova.me\/index.php?rest_route=\/wp\/v2\/posts\/3849\/revisions"}],"predecessor-version":[{"id":3851,"href":"https:\/\/citajizmedjuredova.me\/index.php?rest_route=\/wp\/v2\/posts\/3849\/revisions\/3851"}],"wp:featuredmedia":[{"embeddable":true,"href":"https:\/\/citajizmedjuredova.me\/index.php?rest_route=\/wp\/v2\/media\/3850"}],"wp:attachment":[{"href":"https:\/\/citajizmedjuredova.me\/index.php?rest_route=%2Fwp%2Fv2%2Fmedia&parent=3849"}],"wp:term":[{"taxonomy":"category","embeddable":true,"href":"https:\/\/citajizmedjuredova.me\/index.php?rest_route=%2Fwp%2Fv2%2Fcategories&post=3849"},{"taxonomy":"post_tag","embeddable":true,"href":"https:\/\/citajizmedjuredova.me\/index.php?rest_route=%2Fwp%2Fv2%2Ftags&post=3849"}],"curies":[{"name":"wp","href":"https:\/\/api.w.org\/{rel}","templated":true}]}}