{"id":3861,"date":"2022-12-05T09:37:00","date_gmt":"2022-12-05T09:37:00","guid":{"rendered":"https:\/\/citajizmedjuredova.me\/?p=3861"},"modified":"2023-05-20T09:40:15","modified_gmt":"2023-05-20T09:40:15","slug":"izabrani-dobitnici-regionalne-nagrade-srdan-aleksic-u-sve-tri-kategorije","status":"publish","type":"post","link":"https:\/\/citajizmedjuredova.me\/?p=3861","title":{"rendered":"Izabrani dobitnici regionalne nagrade \u201cSr\u0111an Aleksi\u0107\u201c u sve tri kategorije"},"content":{"rendered":"\n<p>Dobitnici prve Regionalne novinarske nagrade \u201cSr\u0111an Aleksi\u0107\u201c, koje \u0107e biti sve\u010dano dodijeljene 10. decembra ove godine u Banjaluci, su Tamara Skrozza, u kategoriji&nbsp;<strong>\u201eZa hrabrost\u201c<\/strong>, Viktor Ivan\u010di\u0107 u kategoriji&nbsp;<strong>\u201eZa doprinos zajednici\u201c<\/strong>&nbsp;i portal Krik u kategoriji&nbsp;<strong>\u201cZa medije\u201d<\/strong>.<\/p>\n\n\n\n<p>Regionalna novinarska nagrada \u201eSr\u0111an Aleksi\u0107\u201c se dodjeljuje za profesionalno i dru\u0161tveno odgovorno medijsko izvje\u0161tavanje koje rezultira konkretnim dobrobitima za ljude i zajednice (doprinosi pomirenju, za\u0161titi ljudskih prava, uklju\u010divanju marginalizovanih i ranjivih grupa, rodnoj ravnopravnosti, vladavini prava, kulturi dijaloga, borbi protiv govora mr\u017enje i la\u017enih vijesti ), te za iskazanu novinarsku hrabrost.<\/p>\n\n\n\n<p>\u201cMalo je danas ruku u kojima bi vrednosti koje promovi\u0161e nagrada \u201cSr\u0111an Aleksi\u0107\u201d bile bezbednije, no \u0161to \u0107e to biti u rukama novinarke&nbsp;<strong>Tamare Skrozze<\/strong>. Onu \u201cljudsku du\u017enost\u201d, koja je Sr\u0111ana ko\u0161tala \u017eivota, ona kroz svoje tekstove vr\u0161i decenijski dosledno, bri\u017ena prema \u017ertvama i bespo\u0161tedna prema po\u010diniocima, imuna na politi\u010dke pritiske i tabloidna i\u017eivljavanja\u201d, ka\u017ee se, izmedju ostalog, u obrazlo\u017eenju \u017eirija koji je prepoznao i Tamarinu \u201chladnokrvnu eti\u010dnost, pravi\u010dnost i profesionalni moral\u201d.<\/p>\n\n\n\n<p>Novinar, urednik, kolumnista i pisac iz Splita&nbsp;<strong>Viktor Ivan\u010di\u0107,&nbsp;<\/strong>koji je ve\u0107 gotovo \u010detrdeset godina predvodnik slobodnog, nezavisnog i kriti\u010dkog novinarstva u Hrvatskoj, ali i na podru\u010dju cijele biv\u0161e Jugoslavije, uvjerljivom ve\u0107inom glasova \u017eirija, progla\u0161en je dobitnikom novinarske nagrade \u201cZa doprinos zajednici\u201d.<\/p>\n\n\n\n<p>\u201cNjegovo ime postalo je sinonim hrabroga, prodornog i kriti\u010dkog antire\u017eimskog novinarstva. \u017diri je svjestan da upravo Ivan\u010di\u0107u, bez dileme, pripada nagrada za doprinos zajednici s \u010dasnim imenom Sr\u0111ana Aleksi\u0107a, mladi\u0107a koji je \u017eivotom platio poku\u0161aj da za\u0161titi prijatelja napadnutog samo zato \u0161to je bio druge nacije. U tom smislu, \u017eiri nagla\u0161ava da je ime Viktora Ivan\u010di\u0107a, ba\u0161 kao i ono Sr\u0111ana Aleksi\u0107a, najbolji putokaz mladim novinarima kakve profesionalne i eti\u010dke kvalitete trebaju prigrliti kada stupaju u novinarsku profesiju\u201d, naveo je \u017eiri.<\/p>\n\n\n\n<p><strong>Portal KRIK<\/strong>&nbsp;prepoznat je kao \u201cjedan od retkih medija koji je na sebe preuzeo ogromnu civilizacijsku obavezu da bude nepristrasan, pravi\u010dan hroni\u010dar jednog od najturobnijih perioda za dru\u0161tvo u Srbiji\u201d i stoga je, odlukom \u017eirija, ovaj portal dobitnik nagrade \u201cZa medije\u201d.<\/p>\n\n\n\n<p>Ina\u010de, na ovogodi\u0161nji konkurs za dodjelu Regionalne nagrade \u201cSrdjan Aleksi\u0107\u201d stigle su 83 nominacije za 52 novinara\/ke i 13 medija, o kojima je odlu\u010divao \u017eiri u sastavu: Ana Hegedi\u0161 Lali\u0107 (Srbija), Boris Paveli\u0107 (Hrvatska), Vladan Mi\u0107unovi\u0107 (Crna Gora), Berislav Juri\u010d i Elvir Padalovi\u0107 (Bosna i Hercegovina).<\/p>\n\n\n\n<p>Novinarsku nagradu raspisuju Helsin\u0161ki parlament gra\u0111ana Banjaluka, Mre\u017ea za izgradnju mira, Nazavisno dru\u0161tvo novinara Vojvodine, Institut za medije iz Crne Gore i Udruga za promicanje medijske kulture, umjetnosti i tolerancije \u201cLupiga \u2013 svijet kroz obi\u010dne o\u010di\u201d iz Hrvatske.<\/p>\n\n\n\n<p>Sve\u010dana dodjela nagrada bi\u0107e organizovana na Me\u0111unarodni dan ljudskih prava \u2013 10. decembra u Banjaluci, u sklopu manifestacije \u201cDani Sr\u0111ana Aleksi\u0107a\u201d.<\/p>\n\n\n\n<p>Novinarska nagrada \u201cSr\u0111an Aleksi\u0107\u201d dodjeljivala se 10 godina novinarima i novinarkama u Bosni i Hercegovini, a od ove, 2022. godine digutna je na regionalni nivo.<\/p>\n","protected":false},"excerpt":{"rendered":"<p>Dobitnici prve Regionalne novinarske nagrade \u201cSr\u0111an Aleksi\u0107\u201c, koje \u0107e biti sve\u010dano dodijeljene 10. decembra ove godine u Banjaluci, su Tamara Skrozza, u kategoriji&nbsp;\u201eZa hrabrost\u201c, Viktor Ivan\u010di\u0107 u kategoriji&nbsp;\u201eZa doprinos zajednici\u201c&nbsp;i portal Krik u kategoriji&nbsp;\u201cZa medije\u201d. Regionalna novinarska nagrada \u201eSr\u0111an Aleksi\u0107\u201c se dodjeljuje za profesionalno i dru\u0161tveno odgovorno medijsko izvje\u0161tavanje koje rezultira konkretnim dobrobitima za ljude<\/p>\n","protected":false},"author":1,"featured_media":3862,"comment_status":"open","ping_status":"open","sticky":false,"template":"","format":"standard","meta":{"footnotes":""},"categories":[59],"tags":[],"class_list":{"0":"post-3861","1":"post","2":"type-post","3":"status-publish","4":"format-standard","5":"has-post-thumbnail","7":"category-aktuelnosti"},"_links":{"self":[{"href":"https:\/\/citajizmedjuredova.me\/index.php?rest_route=\/wp\/v2\/posts\/3861","targetHints":{"allow":["GET"]}}],"collection":[{"href":"https:\/\/citajizmedjuredova.me\/index.php?rest_route=\/wp\/v2\/posts"}],"about":[{"href":"https:\/\/citajizmedjuredova.me\/index.php?rest_route=\/wp\/v2\/types\/post"}],"author":[{"embeddable":true,"href":"https:\/\/citajizmedjuredova.me\/index.php?rest_route=\/wp\/v2\/users\/1"}],"replies":[{"embeddable":true,"href":"https:\/\/citajizmedjuredova.me\/index.php?rest_route=%2Fwp%2Fv2%2Fcomments&post=3861"}],"version-history":[{"count":1,"href":"https:\/\/citajizmedjuredova.me\/index.php?rest_route=\/wp\/v2\/posts\/3861\/revisions"}],"predecessor-version":[{"id":3863,"href":"https:\/\/citajizmedjuredova.me\/index.php?rest_route=\/wp\/v2\/posts\/3861\/revisions\/3863"}],"wp:featuredmedia":[{"embeddable":true,"href":"https:\/\/citajizmedjuredova.me\/index.php?rest_route=\/wp\/v2\/media\/3862"}],"wp:attachment":[{"href":"https:\/\/citajizmedjuredova.me\/index.php?rest_route=%2Fwp%2Fv2%2Fmedia&parent=3861"}],"wp:term":[{"taxonomy":"category","embeddable":true,"href":"https:\/\/citajizmedjuredova.me\/index.php?rest_route=%2Fwp%2Fv2%2Fcategories&post=3861"},{"taxonomy":"post_tag","embeddable":true,"href":"https:\/\/citajizmedjuredova.me\/index.php?rest_route=%2Fwp%2Fv2%2Ftags&post=3861"}],"curies":[{"name":"wp","href":"https:\/\/api.w.org\/{rel}","templated":true}]}}