{"id":3872,"date":"2022-12-09T09:56:00","date_gmt":"2022-12-09T09:56:00","guid":{"rendered":"https:\/\/citajizmedjuredova.me\/?p=3872"},"modified":"2023-05-20T09:57:33","modified_gmt":"2023-05-20T09:57:33","slug":"nogomet-i-vrijeme-mnozine-u-medijima","status":"publish","type":"post","link":"https:\/\/citajizmedjuredova.me\/?p=3872","title":{"rendered":"Nogomet i vrijeme mno\u017eine u medijima"},"content":{"rendered":"\n<p><strong>Pi\u0161e: Nenad Peji\u0107, novinar<\/strong><\/p>\n\n\n\n<p>D\u017eaka promovira ubice Srba grmi sa naslova beogradskih NOVOSTI nakon poraza reprezentacije Srbije od \u0160vicarske na Svjetskom nogometnom prvenstvu. U tekstu se pi\u0161e da je ispod dresa nosio majicu sa prezimenom Ja\u0161ari te da se&nbsp;<em>sumnja&nbsp;<\/em>da se radi o \u010dovjeku za kojeg u Srbiji ka\u017eu da je ubijao Srbe. Naslov, dakle, proizilazi iz sumnje da je D\u017eaka promovirao nekoga! Taj neko, sumnja se da je komandant Oslobodila\u010dke Vojske Kosova Adem Ja\u0161ari.<\/p>\n\n\n\n<p>Jedan sat kasnije iste novine na svom portalu na istu temu imaju drugi naslov, Da li je D\u017eaka provocirao Srbe, i pi\u0161u da se D\u017eaka oglasio te da majica nema politi\u010dku poruku nego je njegov na\u010din da podr\u017ei svog mladog suigra\u010da sa istim prezimenom kojem je to obe\u0107ao.<\/p>\n\n\n\n<p>Za\u0161to se uop\u0107e od jedne majice pravi tolika buka? \u0160ta zna\u010di uredni\u010dka odluka da plasira taj naslov te da majica postane tema dana? Lako bi bilo kad bi se radilo o jednom naslovu ili jednom primjeru. Na\u017ealost, to je sistem ure\u0111iva\u010dke politike koji traje godinama, svaki dan, i svaki sat.<\/p>\n\n\n\n<p>Jedna od stotinu kriza izme\u0111u Kosova i Srbije se opet zahuktava. Premijer Kosova Albin Kurti je odlu\u010dio da prona\u0111e kosovske gra\u0111ane srpske nacionalnosti koji bi prihvatili suradnju. Jedan od njih je postao i ministar. Zvani\u010dni Beograd, a slijede ga naravno i kontrolirani mediji, te gra\u0111ane nazivaju \u201c\u0161iptarski\u201d i \u201cpodobni\u201d Srbi. Po rije\u010dima predsjednika Aleksandra Vu\u010di\u0107a oni su \u201cnajgora olo\u0161\u201d. Jedan od lidera onih koji poku\u0161avaju da na\u0111u rije\u0161enje, nekada\u0161nju&nbsp; \u010dlanicu Vlade Srbije \u010dak optu\u017euju da je \u010dlanica \u201cOslobodila\u010dke vojske Kosova\u201d!? \u201c\u0160iptarski Srbi\u201d su tako zauzeli mjesto Hrvata koji su svi bili \u201custa\u0161e\u201d, Muslimana koji su bili \u201ctalibani\u201d, ili \u201c\u0110ukanovi\u0107evih Crnogoraca\u201d.<\/p>\n\n\n\n<p>Za\u0161to ure\u0111iva\u010dka politika te ljude etiketira pogrdnim izrazima? Da li to zna\u010di da su gra\u0111ani Hrvatske srpske nacionalnosti koji su u hrvatskoj vladi u stvari \u201chrvatski Srbi\u201d? Ili je Hrvat u vladi Srbije \u201csrpski Hrvat\u201d? Ili, to u stvari zna\u010di da su oni gra\u0111ani srpske nacionalnosti na Kosovu koji prihvate suradnju sa kosovskim vlastima \u201cizdajice\u201d, jer svako ko se ne sla\u017ee sa politikom predsjednika Srbije je izdajica? Jesu li onda izdajice i oni Hrvati koji su u vladi Srbije ili Srbi koji su u vladi Srbije?<\/p>\n\n\n\n<p>Profesionalni mediji i za suradnju otvorena vlada bi imala sasvim suprotan pristup. Srbija je igrala dobar nogomet protiv Brazila i profesionalni medij bi se time bavio. \u0160vicarska je bila jednostavno bolja. Kao \u0161to re\u010de jedan mudar komentator u Beogradu, iz ovoga treba ne\u0161to nau\u010diti i \u2013 i\u0107i dalje. Gra\u0111ani Srbije koji prihva\u0107aju da tra\u017ee rje\u0161enje sa premijerom Kosova su svakoj vlasti opredjeljenoj za suradnju dobro do\u0161li.<\/p>\n\n\n\n<p>Na svakoj nogometnoj utakmici, svaki medij mo\u017ee na\u0107i ne\u0161to neprili\u010dno, ne\u0161to \u0161to se mo\u017ee izvu\u0107i i od toga napraviti skandal. Medij koji to radi ima ure\u0111iva\u010dku politiku koja promovira incident, podjele. Onaj koji tra\u017ei skandale na nacionalnoj osnovi namjerno \u0161iri mr\u017enju.<\/p>\n\n\n\n<p>Onaj koji tra\u017ei suradnju na politi\u010dkom nivou vodi ra\u010duna o realnosti, \u017eeli da \u010duje druga\u010dije mi\u0161ljenje, po\u0161tuje one s kojima se ne sla\u017ee. Politika koja to ne radi promovira sukob!<\/p>\n\n\n\n<p>Nakon \u0161to je Srbija izgubila utakmicu sa Brazilom pro\u010ditao sam naslov u medijima u Beogradu koji glasi \u201cSlomili smo Neimara\u201d! Za\u0161to bi neko slavio kad se povrijedi protivni\u010dki igra\u010d? Za\u0161to se slavi ne\u010dija povreda umjesto da se slavi tim Srbije koji je uspio do\u0107i na svjetsko prvenstvo? Kona\u010dno, naslov ka\u017ee slomili \u201cSMO\u201d. Ko smo to MI? Srbi? Po kom to kriteriju beogradski mediji slave Srbe koji \u201clome\u201d protivni\u010dke igra\u010de? Za\u0161to mediji u Srbiji na takav na\u010din predstavljaju svoje gra\u0111ane, da ne ka\u017eem naciju? Otkud to da gra\u0111ani Srbije ili srpska nacija voli kad nekog \u201cslome\u201d? Valjda je jasno da oni koji predstavljaju jedan narod kao narod koji voli nekog da slomi, koji, dakle, vole nasilje nisu oni koji vole taj narod!<\/p>\n\n\n\n<p>Zna\u010di li to da drugi treba da slave kad \u201cpolome\u201d igra\u010da iz Srbije? Ili je mo\u017eda sve to i normalno kad TV zvijezde postaju kriminalci, kad se pripadnice ljep\u0161eg pola tuku na ekranu ili kad se gledaoci u\u010de kako nekog ugu\u0161iti!?<\/p>\n\n\n\n<p>Prvo lice mno\u017eine u medijima je jedan od najgorih povreda profesije i on nikad ne zavr\u0161ava dobrim. Mno\u017eina zna\u010di izjedna\u010davanje svih gra\u0111ana sa nekim \u010dinom, nekim vo\u0111om.<\/p>\n\n\n\n<p>Tamo gdje su svi isti nema slobodnih!<\/p>\n\n\n\n<p>Medijska etika ka\u017ee da se prvo lice mno\u017eine u novinarstvu mo\u017ee upotrebljavati samo u slu\u010dajevima kada se redakcija obra\u0107a komentarom u ime cijele redakcije, samo u slu\u010dajevima tragedija na lokalnom, ne nacionalnom nivou i, eventulano, za vrijeme Olimpijskih igara. Sve drugo je, naj\u010de\u0161\u0107e, jeftino \u201cpatriotsko novinarstvo\u201d koje uvijek zavr\u0161ava na isti na\u010din \u2013 kolapsom.<\/p>\n\n\n\n<p>Prvo lice mno\u017eine je najdra\u017ee \u2013 vo\u0111ama. Oni je vole, jer u dru\u0161tvu u kojem je sve MI, nema JA, nema dakle pojedinca. Osim njega samog na vrhu. Demokratija je zasnovana na pojedincu, na njegovom pravu, a ne na grupi ili naciji. Srbija, na\u017ealost po nju samu i sve druge oko nje, \u017eivi vrijeme mno\u017eine ve\u0107 35 godina. Sa \u010dasnim i kratkim izuzetkom Zorana \u0110in\u0111i\u0107a javnosti se nudi isti oblik manipulacije.<\/p>\n\n\n\n<p>I jo\u0161 uvijek uspje\u0161no.<\/p>\n","protected":false},"excerpt":{"rendered":"<p>Pi\u0161e: Nenad Peji\u0107, novinar D\u017eaka promovira ubice Srba grmi sa naslova beogradskih NOVOSTI nakon poraza reprezentacije Srbije od \u0160vicarske na Svjetskom nogometnom prvenstvu. U tekstu se pi\u0161e da je ispod dresa nosio majicu sa prezimenom Ja\u0161ari te da se&nbsp;sumnja&nbsp;da se radi o \u010dovjeku za kojeg u Srbiji ka\u017eu da je ubijao Srbe. Naslov, dakle, proizilazi<\/p>\n","protected":false},"author":1,"featured_media":3873,"comment_status":"open","ping_status":"open","sticky":false,"template":"","format":"standard","meta":{"footnotes":""},"categories":[59],"tags":[],"class_list":{"0":"post-3872","1":"post","2":"type-post","3":"status-publish","4":"format-standard","5":"has-post-thumbnail","7":"category-aktuelnosti"},"_links":{"self":[{"href":"https:\/\/citajizmedjuredova.me\/index.php?rest_route=\/wp\/v2\/posts\/3872","targetHints":{"allow":["GET"]}}],"collection":[{"href":"https:\/\/citajizmedjuredova.me\/index.php?rest_route=\/wp\/v2\/posts"}],"about":[{"href":"https:\/\/citajizmedjuredova.me\/index.php?rest_route=\/wp\/v2\/types\/post"}],"author":[{"embeddable":true,"href":"https:\/\/citajizmedjuredova.me\/index.php?rest_route=\/wp\/v2\/users\/1"}],"replies":[{"embeddable":true,"href":"https:\/\/citajizmedjuredova.me\/index.php?rest_route=%2Fwp%2Fv2%2Fcomments&post=3872"}],"version-history":[{"count":1,"href":"https:\/\/citajizmedjuredova.me\/index.php?rest_route=\/wp\/v2\/posts\/3872\/revisions"}],"predecessor-version":[{"id":3874,"href":"https:\/\/citajizmedjuredova.me\/index.php?rest_route=\/wp\/v2\/posts\/3872\/revisions\/3874"}],"wp:featuredmedia":[{"embeddable":true,"href":"https:\/\/citajizmedjuredova.me\/index.php?rest_route=\/wp\/v2\/media\/3873"}],"wp:attachment":[{"href":"https:\/\/citajizmedjuredova.me\/index.php?rest_route=%2Fwp%2Fv2%2Fmedia&parent=3872"}],"wp:term":[{"taxonomy":"category","embeddable":true,"href":"https:\/\/citajizmedjuredova.me\/index.php?rest_route=%2Fwp%2Fv2%2Fcategories&post=3872"},{"taxonomy":"post_tag","embeddable":true,"href":"https:\/\/citajizmedjuredova.me\/index.php?rest_route=%2Fwp%2Fv2%2Ftags&post=3872"}],"curies":[{"name":"wp","href":"https:\/\/api.w.org\/{rel}","templated":true}]}}