{"id":3878,"date":"2022-12-30T11:43:00","date_gmt":"2022-12-30T11:43:00","guid":{"rendered":"https:\/\/citajizmedjuredova.me\/?p=3878"},"modified":"2023-05-20T11:45:23","modified_gmt":"2023-05-20T11:45:23","slug":"uvrede-i-mrznja-na-drustvenim-mrezama-crnogorskih-medija","status":"publish","type":"post","link":"https:\/\/citajizmedjuredova.me\/?p=3878","title":{"rendered":"Uvrede i mr\u017enja na dru\u0161tvenim mre\u017eama crnogorskih medija"},"content":{"rendered":"\n<p>Institut za medije Crne Gore (IMCG),u okviru projekta \u201eDijagnoza i terapija slobode izra\u017eavanja, govora mr\u017enje i etni\u010dkih tenzija\u201d sprovodi kontuirani monitoring medijskog sadr\u017eaja. Monitoring je u periodu od jula do decembra 2022. godine pokazao da u uredni\u010dkom sadr\u017eaju etabliranih medija nema primjera uvredljivog, zapaljivog govora i govora mr\u017enje. Me\u0111utim, u desno orijentisanom portalu IN4S uo\u010deni su primjeri u tekstovima ili u naslovima tekstova gdje elemenata neprihvatljivog govora.<\/p>\n\n\n\n<p>Iako etablirani mediji u uredni\u010dkim sadr\u017eajima nijesu izvor govora mr\u017enje i spornog govora, oni i dalje selektivno pristupaju ovom pitanju i u izvje\u0161tajima razli\u010dito vrednuju pojavu spornog govora u javnom prostoru. Nedostaju neselektivna, kriti\u010dka osuda uredni\u0161tva u odnosu na sporni govor i tekstovi kojima bi se ukazalo na \u0161tetne posljedice takvog govora po dru\u0161tvo.<\/p>\n\n\n\n<p>Analiza spornih slu\u010dajeva ukazala je na to da se o \u017eenama i pripadnicima LGBTQ zajednice \u0161ire diskriminatorni stavovi i uvrede, te da se rijetko de\u0161ava da mediji ovom problemu pristupe fenomenolo\u0161ki i uka\u017eu na \u0161tetne posljedice ovog govora po dru\u0161tvo.<\/p>\n\n\n\n<p>Mediji imaju edukativnu ulogu u podizanju svijesti gra\u0111ana i na raspolaganju su im razli\u010dite forme kojima mogu ukazati na \u0161tetne posljedice uvredljivog govora i govora mr\u017enje. Ukoliko izbjegavaju da izvje\u0161tavaju o spornom govoru ili ako \u010ditaocima ne daju dodatno obja\u0161njenje i \u010dinjenice va\u017ene za razumijevanje, mediji rizikuju da se svrstaju na strani onih koji \u0161ire neprihvatljivi sadr\u017eaj i da budu kanal kojim \u0107e se dalje \u0161iriti.<\/p>\n\n\n\n<p>Izvje\u0161tavanjem o tragediji na Cetinju, u prvih par sati nakon doga\u0111aja, posmatrani mediji su pokazali da imaju potencijal da budu kredibilni i da uspje\u0161no rje\u0161avaju eti\u010dke dileme kojima su bili izlo\u017eeni. Tako\u0111e, ovim primjerom su pokazali i da mogu dosljedno primjenjivati zakonska i eti\u010dka pravila kad je u pitanju moderacija komentara \u010ditalaca, ali i upravljanje komentarima \u010ditalaca na<\/p>\n\n\n\n<p>nalozima na dru\u0161tvenim mre\u017eama.<\/p>\n\n\n\n<p>Pozitivna praksa privremenog onemogu\u0107avanja opcije komentarisanja ili predmoderacija za dru\u0161tveno osjetljive teme, za koje urednici procijene da mogu izazvati govor mr\u017enje ili druge neprihvatljive komentare, trebalo bi da bude pravilo. U odnosu na broj odobrenih komentara \u010ditalaca na portalima, etablirani mediji postepeno unapre\u0111uju moderaciju, ali i dalje je primjetno prisustvo spornog govora u komentarima.<\/p>\n\n\n\n<p><strong>ZAKLJU\u010cAK<\/strong><\/p>\n\n\n\n<p>Nalozi medija na dru\u0161tvenim mre\u017eama, u svim analiziranim slu\u010dajevima osim u slu\u010daju masakra na Cetinju, obiluju te\u0161kim uvredama, psovkama i spornim govorom. Mediji bi trebali razmotriti mogu\u0107nost da preuzimaju odgovornost za uredni\u010dki sadr\u017eaj na svojim nalozima na dru\u0161tvenim mre\u017eama te da pa\u017eljivije filtriraju komentare korisnika. Na taj na\u010din pokazali bi da su brana \u0161irenja uvredljivog govora i govora mr\u017enje u javnoj komunikaciji. U suprotnom rizikuju gubitak kredibiliteta i sankcije.<\/p>\n\n\n\n<p>Cjelokupni izvje\u0161taj monitoringa dostupan je&nbsp;<a href=\"https:\/\/www.mminstitute.org\/wp-content\/uploads\/2023\/01\/Uvrede-i-mrznja_IIdio-1.pdf\" target=\"_blank\" rel=\"noreferrer noopener\">OVDJE.<\/a><\/p>\n\n\n\n<p>Analiza je dio projekta \u201eDijagnoza i terapija slobode izra\u017eavanja, govora mr\u017enje i etni\u010dkih tenzija\u201c<br>koji sprovodi Centar za demokratiju i ljudska prava (CEDEM) u saradnji s partnerima, Institutom<br>za medije Crne Gore i UL info, radi podizanja svijesti o \u0161tetnosti \u0161irenja uvredljivog govora, govora<br>mr\u017enje i dezinformacija, te proaktivnog pristupa u prevenciji u suzbijanju takvih oblika nedozvoljene i nezakonite komunikacije. Projekat je finansiran od strane Evropske unije i kofinansiran od strane<br>Ministarstva javne uprave, digitalnog dru\u0161tva i medija. Analiza predstavlja isklju\u010divu odgovornost<br>organizacija koje sprovode projekat i ne odra\u017eava nu\u017eno stavove donatora.<br><\/p>\n","protected":false},"excerpt":{"rendered":"<p>Institut za medije Crne Gore (IMCG),u okviru projekta \u201eDijagnoza i terapija slobode izra\u017eavanja, govora mr\u017enje i etni\u010dkih tenzija\u201d sprovodi kontuirani monitoring medijskog sadr\u017eaja. Monitoring je u periodu od jula do decembra 2022. godine pokazao da u uredni\u010dkom sadr\u017eaju etabliranih medija nema primjera uvredljivog, zapaljivog govora i govora mr\u017enje. Me\u0111utim, u desno orijentisanom portalu IN4S uo\u010deni<\/p>\n","protected":false},"author":1,"featured_media":3879,"comment_status":"open","ping_status":"open","sticky":false,"template":"","format":"standard","meta":{"footnotes":""},"categories":[59],"tags":[],"class_list":{"0":"post-3878","1":"post","2":"type-post","3":"status-publish","4":"format-standard","5":"has-post-thumbnail","7":"category-aktuelnosti"},"_links":{"self":[{"href":"https:\/\/citajizmedjuredova.me\/index.php?rest_route=\/wp\/v2\/posts\/3878","targetHints":{"allow":["GET"]}}],"collection":[{"href":"https:\/\/citajizmedjuredova.me\/index.php?rest_route=\/wp\/v2\/posts"}],"about":[{"href":"https:\/\/citajizmedjuredova.me\/index.php?rest_route=\/wp\/v2\/types\/post"}],"author":[{"embeddable":true,"href":"https:\/\/citajizmedjuredova.me\/index.php?rest_route=\/wp\/v2\/users\/1"}],"replies":[{"embeddable":true,"href":"https:\/\/citajizmedjuredova.me\/index.php?rest_route=%2Fwp%2Fv2%2Fcomments&post=3878"}],"version-history":[{"count":1,"href":"https:\/\/citajizmedjuredova.me\/index.php?rest_route=\/wp\/v2\/posts\/3878\/revisions"}],"predecessor-version":[{"id":3880,"href":"https:\/\/citajizmedjuredova.me\/index.php?rest_route=\/wp\/v2\/posts\/3878\/revisions\/3880"}],"wp:featuredmedia":[{"embeddable":true,"href":"https:\/\/citajizmedjuredova.me\/index.php?rest_route=\/wp\/v2\/media\/3879"}],"wp:attachment":[{"href":"https:\/\/citajizmedjuredova.me\/index.php?rest_route=%2Fwp%2Fv2%2Fmedia&parent=3878"}],"wp:term":[{"taxonomy":"category","embeddable":true,"href":"https:\/\/citajizmedjuredova.me\/index.php?rest_route=%2Fwp%2Fv2%2Fcategories&post=3878"},{"taxonomy":"post_tag","embeddable":true,"href":"https:\/\/citajizmedjuredova.me\/index.php?rest_route=%2Fwp%2Fv2%2Ftags&post=3878"}],"curies":[{"name":"wp","href":"https:\/\/api.w.org\/{rel}","templated":true}]}}