{"id":3881,"date":"2023-01-16T08:06:00","date_gmt":"2023-01-16T08:06:00","guid":{"rendered":"https:\/\/citajizmedjuredova.me\/?p=3881"},"modified":"2023-05-25T08:13:49","modified_gmt":"2023-05-25T08:13:49","slug":"dokumentarni-film-cijena-istine-potraga-za-pravdom","status":"publish","type":"post","link":"https:\/\/citajizmedjuredova.me\/?p=3881","title":{"rendered":"Dokumentarni film \u201cCijena istine\u201d \u2013 Potraga za pravdom"},"content":{"rendered":"\n<p><strong>Pi\u0161e: Marija Arnautovi\u0107<\/strong><\/p>\n\n\n\n<p><em>\u017divotne pri\u010de novinara\/ki iz Srbije nakon napada i pritisaka.<\/em><\/p>\n\n\n\n<p>\u201cCijena istine\u201d, novi dokumentarni film u produkciji SEENPM-a&nbsp; (Jugoisto\u010dna evropska mre\u017ea za profesionalizaciju medija) i Mediacentra Sarajevo u okviru projekta&nbsp; \u201cSna\u017eni\u201d, govori o brutalnim&nbsp; napadima na novinare i novinarke u Srbiji, njihovom vi\u0161egodi\u0161njom potragom za pravdom i \u017eivotom pod policijskom pratnjom. Film prati novinare Milana Jovanovi\u0107a koji je izgubio ku\u0107u&nbsp; \u2013 od podmetnutog po\u017eara, Vladimira Mitri\u0107a koji 18 godina \u017eivi pod policijskom za\u0161titom i istra\u017eiva\u010dku novinarku Jelenu Zori\u0107. Svima je zajedni\u010dko, kako u intervjuu za Mediacentar Sarajevo ka\u017ee rediteljka filma Valentina Deli\u0107, da bez obzira na sve prijetnje i pritiske strastveno nastavljaju da rade svoj posao.<\/p>\n\n\n\n<p>Napadi na novinare i novinarke su, dodaje ona, toliko u\u010destali da se \u010desto postavlja pitanje kako uop\u0161te neko \u017eeli da se bavi ovim poslom?<\/p>\n\n\n\n<p>\u201cMe\u0111utim, pojavila se jedna cela nova generacija istra\u017eiva\u010dkih novinara, a uz njih su i seniori, kao \u0161to je Milan Jovanovi\u0107 iz Grocke, koji tiho i uporno rade. Mislim da to govori o tome da je potreba za istinom su\u0161tinska i ja\u010da od bilo kakvih spoljnih i dru\u0161tvenih okolnosti\u201d, obja\u0161njava Deli\u0107.<\/p>\n\n\n\n<p>Valentina Deli\u0107 je rediteljka, scenaristkinja i novinarka. Devedesetih godina pro\u0161log vijeka radila je na Radiju B92. Nakon toga postaje slobodni filmski reditelj i scenarista. Od 2010. radi radi dokumentarno-obrazovne serije u \u0160kolskoj redakciji Radio-televizije Srbije.<\/p>\n\n\n\n<p>Ona ka\u017ee kako je klju\u010dno da sve \u017ertve ekstremnog nasilja, pa tako i novinari i novinarke moraju imati specijalni tretman, da ne smiju biti izlo\u017eeni retraumatizaciji tokom tu\u017eila\u010dko-sudskog postupka, \u0161to, kako dodaje zna\u010di i da bi moralo i da se reguli\u0161e vrijeme u okviru koga moraju da se urade odre\u0111ene radnje u postupku.<\/p>\n\n\n\n<p><strong>\u0160ta su bili najve\u0107i izazovi tokom rada na filmu \u201cCijena istine\u201d?<\/strong><\/p>\n\n\n\n<p>Najve\u0107i izazov je bio kako da prisustvom kamere dodatno ne opteretim junake filma \u2013 ljude koji \u017eive ozbiljne \u017eivotne drame zahvaljuju\u0107i tome \u0161to se bore da rade svoj posao istra\u017eiva\u010dkih novinara. Milan Jovanovi\u0107 je izgubio ku\u0107u u jednom neverovatnom, u\u017easnom divlja\u010dkom aktu \u2013 od podmetnutog po\u017eara. Potom je, naravno, kod njega i njegove supruge, zbog stresa, usledio zdravstveni problem. Vladimir Mitri\u0107 je 18 godina pod policijskom za\u0161titom i \u017eivi, tako\u0111e, stresno u ote\u017eanim okolnostima, bez mogu\u0107nosti da ima privatnost. Jelena Zori\u0107 je strastveni istra\u017eiva\u010d i iako su javnost i tu\u017eila\u0161tvo odmah reagovali nakon \u0161to joj je prije\u0107eno, to je \u017eivotna pozicija u kojoj je potrebna ogromna snaga da se nastavi dalje da se radi i \u017eivi uravnote\u017eeno. Zajedni\u010dko im je, me\u0111utim, i za mene zadivljuju\u0107e, da svo troje strastveno nastavljaju da rade.<\/p>\n\n\n\n<figure class=\"wp-block-embed is-type-video is-provider-youtube wp-block-embed-youtube wp-embed-aspect-16-9 wp-has-aspect-ratio\"><div class=\"wp-block-embed__wrapper\">\n<iframe title=\"Cijena istine (trailer)\" width=\"788\" height=\"443\" src=\"https:\/\/www.youtube.com\/embed\/HbrRz0kHKL8?feature=oembed\" frameborder=\"0\" allow=\"accelerometer; autoplay; clipboard-write; encrypted-media; gyroscope; picture-in-picture; web-share\" allowfullscreen><\/iframe>\n<\/div><figcaption class=\"wp-element-caption\">Video: YouTube<\/figcaption><\/figure>\n\n\n\n<p><strong>Film prati tri te\u0161ke novinarske pri\u010de, kolika je cijena novinarske istine, na osnovu njihovih pri\u010da?<\/strong><\/p>\n\n\n\n<p>Ove pri\u010de samo potvr\u0111uju bolnu \u010dinjenicu koju ve\u0107 znamo iz istorije \u2013 da je cijena istine, zapravo, vi\u0161a od svega.<\/p>\n\n\n\n<p><strong>Akteri u filmu, ne samo \u0161to su bili suo\u010deni sa te\u0161kim napadima, nego i sa \u010dinjenicom da sistem ne radi i da ne mogu do\u0107i do pravde. Koliki je to problem?<\/strong><\/p>\n\n\n\n<p>U filmu vidimo da su u ovoj borbi novinari jedna od karika uz, na primjer, vanredno posve\u0107ene i \u010destite policajce, kao \u0161to je inspektor Slobodan Milenkovi\u0107. Oni su tako\u0111e, izlo\u017eeni pritiscima i napadima, a tu\u017eila\u0161tva i sudovi nepodno\u0161ljivo sporo rade svoj posao, ili \u010dak i rade suprotno od onog \u0161to bi trebalo. Vjerovatno \u0107emo saznati u budu\u0107nosti i ko je od ljudi iz tu\u017eila\u010dko-sudskog sistema bio pritisnut ili sklonjen da bi istina bila potopljena. Ovo, zaista, ostavlja mu\u010dan utisak te\u0161ko dosti\u017ene pravde.<\/p>\n\n\n\n<figure class=\"wp-block-image size-full\"><img fetchpriority=\"high\" decoding=\"async\" width=\"640\" height=\"480\" src=\"https:\/\/citajizmedjuredova.me\/wp-content\/uploads\/2023\/05\/image-2.png\" alt=\"\" class=\"wp-image-3885\" srcset=\"https:\/\/citajizmedjuredova.me\/wp-content\/uploads\/2023\/05\/image-2.png 640w, https:\/\/citajizmedjuredova.me\/wp-content\/uploads\/2023\/05\/image-2-300x225.png 300w, https:\/\/citajizmedjuredova.me\/wp-content\/uploads\/2023\/05\/image-2-150x113.png 150w, https:\/\/citajizmedjuredova.me\/wp-content\/uploads\/2023\/05\/image-2-450x338.png 450w\" sizes=\"(max-width: 640px) 100vw, 640px\" \/><\/figure>\n\n\n\n<p><em>Snimanje filma \u201cCijena istine\u201d, privatna arhiva Valentina Deli\u0107<\/em><\/p>\n\n\n\n<p><strong>\u0160ta ka\u017eu podaci do kojih ste do\u0161li tokom istra\u017eivanja za film, koliko su napadi na novinare\/ke \u010desti u Srbiji ali i u zemljama regije?<\/strong><\/p>\n\n\n\n<p>Napadi su toliko u\u010destali da se pitate kako uop\u0161te neko \u017eeli da se bavi ovim poslom? Me\u0111utim, pojavila se jedna cijela nova generacija istra\u017eiva\u010dkih novinara, a uz njih su i seniori, kao \u0161to je Milan Jovanovi\u0107 iz Grocke, koji tiho i uporno rade. Mislim da to govori o tome da je potreba za istinom su\u0161tinska i ja\u010da od bilo kakvih spoljnih i dru\u0161tvenih okolnosti.<\/p>\n\n\n\n<p>U Srbiji se situacija u poslednjih sedam \u2013 osam godina promenila i utoliko \u0161to smo dobili Stalnu radnu grupu za bezijbednost novinara koja je osnovana na osnovu Sporazuma o saradnji i merama za podizanje nivoa bezbijednosti novinara izme\u0111u Republi\u010dkog javnog tu\u017eila\u0161tva, Ministarstva unutra\u0161njih poslova i novinarskih udru\u017eenja. Bilo je potrebno vrijeme da novinari steknu poverenje u policiju kao svoje saveznike. I to tako\u0111e, vidimo u filmu.<\/p>\n\n\n\n<p><strong>Zbog \u010dega je va\u017eno govoriti o napadima na novinare\/ke i stalno ukazivati na ovaj problem kroz razli\u010dite platforme, \u0161ta mo\u017eemo promijeniti?<\/strong><\/p>\n\n\n\n<p>Mislim da bi trebalo mijenjati procedure prema kojima se u ekstremnim slu\u010dajevima napada na novinare postupa. Klju\u010dno je da sve \u017ertve ekstremnog nasilja, pa tako i novinari moraju imati specijalni tretman, ne smiju biti izlo\u017eeni retraumatizaciji tokom tu\u017eila\u010dko-sudskog postupka, a to zna\u010di i da bi moralo i da se reguli\u0161e vrijeme u okviru koga moraju da se urade odre\u0111ene radnje u postupku. Ne smijemo do\u0107i u situaciju da se Milan Jovanovi\u0107 i njegova porodica sada, nakon \u010detiri godine od podmetanja po\u017eara u njihovoj ku\u0107i, ponovo razvla\u010de po sudovima i da se cijeli slu\u010daj relativizuje. Kako i za\u0161to se to de\u0161ava \u2013 vidimo u filmu.<\/p>\n\n\n\n<figure class=\"wp-block-image size-full\"><img decoding=\"async\" width=\"640\" height=\"360\" src=\"https:\/\/citajizmedjuredova.me\/wp-content\/uploads\/2023\/05\/image-3.png\" alt=\"\" class=\"wp-image-3886\" srcset=\"https:\/\/citajizmedjuredova.me\/wp-content\/uploads\/2023\/05\/image-3.png 640w, https:\/\/citajizmedjuredova.me\/wp-content\/uploads\/2023\/05\/image-3-300x169.png 300w, https:\/\/citajizmedjuredova.me\/wp-content\/uploads\/2023\/05\/image-3-150x84.png 150w, https:\/\/citajizmedjuredova.me\/wp-content\/uploads\/2023\/05\/image-3-450x253.png 450w\" sizes=\"(max-width: 640px) 100vw, 640px\" \/><\/figure>\n\n\n\n<p><em>Poster za film \u201cCijena istine\u201d<\/em><\/p>\n\n\n\n<p><strong>Kakva je prema va\u0161em mi\u0161ljenju percepcija javnosti u Srbiji kada govorimo o napadima, ali i sudskim procesima za napade na novinare\/ke, da li javnost to razumije kao dru\u0161tveni problem?<\/strong><\/p>\n\n\n\n<p>Kao i svuda, onaj dio dru\u0161tva koji je anga\u017eovan i zainteresovan prati sve i zabrinut je. No, bojim se da tu ima jedan drugi nivo: pisac i filozof Aldous Huxley je, sjetimo se, proro\u010dki rekao da \u0107e od klasi\u010dne cenzure u budu\u0107nosti biti opasnije gomilanje informacija. Istina ne\u0107e biti klasi\u010dno cenzurisana, ve\u0107 ne\u0107ete mo\u0107i da je razaznate od mora informacija koje vam se plasiraju \u2013 i to sada \u017eivimo svi, ne samo u Srbiji. To \u0161to se forsira takva medijska atmosfera je dodatni napad na ozbiljne posve\u0107ene novinare.<\/p>\n\n\n\n<p>Uz sve to postoji i jo\u0161 jedan vrlo va\u017ean pritisak \u2013 ekonomski pritisak na novinare. Ako ostavite tako va\u017enu profesiju da radi u siroma\u0161tvu, a sa druge strane, na primer, imate vest da je medijska grupacija United Medija, vlasnica televizije N1 i Nove, kupila muzi\u010dku produkciju Grand, onda se kao neko ko sve prati morate ozbiljno zapitati o tome ko i koliko zaista podr\u017eava ozbiljno novinarstvo? Govori se o ogromnoj koli\u010dni novca u ovoj transakciji prodaje Grand produkcije. Vijest o navodnih 30 miliona evra koja se prenosi u nekim medijima, nigdje ne mo\u017eete lako provjeriti. Ovo saznanje vas nikako ne ospokojava, naprotiv.<\/p>\n\n\n\n<p><strong>Koliko je sistem odnosno dr\u017eava spremna za\u0161tititi novinar\/ke da slobodno obavljaju svoj posao? \u2013 Kada govorimo o sprje\u010davanju napada na novinare\/ke gdje vidite rje\u0161enje problema, koji su to mehanizmi za\u0161tite i ko bi ih trebao pru\u017eiti?<\/strong><\/p>\n\n\n\n<p>Mi u regionu \u017eivimo zagledani u kulturne centre na\u0161eg dijela svijeta \u2013 Evrope. U tom svijetu je jedan Julian Assange ve\u0107 deceniju progonjeni su\u017eanj u najgorim uslovima. U Holandiji je pro\u0161le godine ubijen jedan od najpoznatijih tamo\u0161njih istra\u017eiva\u010dkih novinara, nakon nastupa u udarnoj ve\u010dernjoj emisiji. U Irskoj je ubijena mlada istra\u017eiva\u010dka novinarka\u2026O broju novinara u zatvorima u Turskoj da i ne govorimo. U tom kontekstu mi treba da vr\u0161imo pritiske na sistem da \u0161iti novinare. To je ono \u0161to obesrhabruje.<\/p>\n\n\n\n<p>Sa druge strane ohrabruje me prosto \u010dinjenica, koju sam ve\u0107 navela: neuta\u017eiva glad za istinom koji na\u0161e dru\u0161tvo ima \u2013 \u0161to vidimo po broju mladih novinara koji dolazi i opredeljuje se za istra\u017eiva\u010dko novinarstvo \u2013 najte\u017ei vid novinarstva. Osim toga, vjerujem da je Radna grupa za bezbijednost novinara veliki napredak i da preko nje treba da se ostvaruje i dalje pritisak da se \u0161tite oni koji su dragocijeni za zdravlje i razvoj jednog dru\u0161tva: posve\u0107eni novinari.<\/p>\n\n\n\n<p><em>Foto: Privatna arhiva, Valentina Deli\u0107<\/em><\/p>\n\n\n\n<p><em>Film je produciran u okviru projekta: SNA\u017dNI: aktivnost civilnog dru\u0161tva u osna\u017eivanju slobode medija i borbi protiv dezinformacija i mrzila\u010dke propagande na Zapadom Balkanu i Turskoj. Projekat implementiraju partnerske organizacije: SEENPM, Albanski medijski institut, Mediacentar Sarajevo, Kosovo 2.0, Institut za medije Crne Gore, Makedonski institut za medije, Novosadska novinarska \u0161kola, Mirovni in\u0161titut Ljubljana i agencija Bianet iz Turske, uz finansijsku podr\u0161ku Evropske unije.<\/em><\/p>\n","protected":false},"excerpt":{"rendered":"<p>Pi\u0161e: Marija Arnautovi\u0107 \u017divotne pri\u010de novinara\/ki iz Srbije nakon napada i pritisaka. \u201cCijena istine\u201d, novi dokumentarni film u produkciji SEENPM-a&nbsp; (Jugoisto\u010dna evropska mre\u017ea za profesionalizaciju medija) i Mediacentra Sarajevo u okviru projekta&nbsp; \u201cSna\u017eni\u201d, govori o brutalnim&nbsp; napadima na novinare i novinarke u Srbiji, njihovom vi\u0161egodi\u0161njom potragom za pravdom i \u017eivotom pod policijskom pratnjom. Film prati<\/p>\n","protected":false},"author":1,"featured_media":0,"comment_status":"open","ping_status":"open","sticky":false,"template":"","format":"standard","meta":{"footnotes":""},"categories":[59],"tags":[],"class_list":{"0":"post-3881","1":"post","2":"type-post","3":"status-publish","4":"format-standard","6":"category-aktuelnosti"},"_links":{"self":[{"href":"https:\/\/citajizmedjuredova.me\/index.php?rest_route=\/wp\/v2\/posts\/3881","targetHints":{"allow":["GET"]}}],"collection":[{"href":"https:\/\/citajizmedjuredova.me\/index.php?rest_route=\/wp\/v2\/posts"}],"about":[{"href":"https:\/\/citajizmedjuredova.me\/index.php?rest_route=\/wp\/v2\/types\/post"}],"author":[{"embeddable":true,"href":"https:\/\/citajizmedjuredova.me\/index.php?rest_route=\/wp\/v2\/users\/1"}],"replies":[{"embeddable":true,"href":"https:\/\/citajizmedjuredova.me\/index.php?rest_route=%2Fwp%2Fv2%2Fcomments&post=3881"}],"version-history":[{"count":1,"href":"https:\/\/citajizmedjuredova.me\/index.php?rest_route=\/wp\/v2\/posts\/3881\/revisions"}],"predecessor-version":[{"id":3887,"href":"https:\/\/citajizmedjuredova.me\/index.php?rest_route=\/wp\/v2\/posts\/3881\/revisions\/3887"}],"wp:attachment":[{"href":"https:\/\/citajizmedjuredova.me\/index.php?rest_route=%2Fwp%2Fv2%2Fmedia&parent=3881"}],"wp:term":[{"taxonomy":"category","embeddable":true,"href":"https:\/\/citajizmedjuredova.me\/index.php?rest_route=%2Fwp%2Fv2%2Fcategories&post=3881"},{"taxonomy":"post_tag","embeddable":true,"href":"https:\/\/citajizmedjuredova.me\/index.php?rest_route=%2Fwp%2Fv2%2Ftags&post=3881"}],"curies":[{"name":"wp","href":"https:\/\/api.w.org\/{rel}","templated":true}]}}