{"id":3894,"date":"2023-01-27T08:32:00","date_gmt":"2023-01-27T08:32:00","guid":{"rendered":"https:\/\/citajizmedjuredova.me\/?p=3894"},"modified":"2023-05-25T08:34:42","modified_gmt":"2023-05-25T08:34:42","slug":"regionalne-nvo-danas-je-30-godisnjica-od-tragicne-smrti-srdana-aleksica-stvarnog-heroja-rata","status":"publish","type":"post","link":"https:\/\/citajizmedjuredova.me\/?p=3894","title":{"rendered":"Regionalne NVO: Danas je 30. godi\u0161njica od tragi\u010dne smrti Sr\u0111ana Aleksi\u0107a, stvarnog heroja rata"},"content":{"rendered":"\n<p>Osniva\u010di Regionalne novinarske nagrade \u201cSr\u0111an Aleksi\u0107\u201d podsje\u0107aju javnost da se danas, 27. januara 2023. godine, navr\u0161ava 30 godina od tragi\u010dne smrti Sr\u0111ana Aleksi\u0107a, mladi\u0107a iz Trebinja kojeg su ubili pripadnici Vojske Republike Srpske (VRS) jer je spasio \u017eivot svom sugra\u0111aninu Alenu Glavovi\u0107u.<\/p>\n\n\n\n<p>Dana 21. januara 1993. godine \u010detvorica&nbsp;<a><\/a>pripadnika VRS po\u010deli su da maltretiraju i tuku Alena Glavov\u0107a. Sr\u0111an Aleksi\u0107 im je pri\u0161ao i rekao da ostave \u010dovjeka na miru, na \u0161ta su se oni okrenuli prema njemu i po\u010deli da ga krvni\u010dki prebijaju i udaraju kundacima pu\u0161aka. Sr\u0111an je pao u komu i nakon \u0161est dana izdahnuo u bolnici. Alen Glavovi\u0107 je uspio da pobjegne i on danas sa porodicom \u017eivi u \u0160vedskoj. Svake godine on posje\u0107uje Sr\u0111anov grob i ostavlja cvije\u0107e na njemu.<\/p>\n\n\n\n<p>Sr\u0111anov otac, Rade Aleksi\u0107, tada je napisao \u010ditulju u kojoj je naveo: \u201cUmro je vr\u0161e\u0107i svoju ljudsku du\u017enost\u201d. \u201cOn je \u0161titio \u010dovjeka, i ja sam ponosan na njega\u201d, kazao je Rade Aleksi\u0107 u jednom intervjuu.<\/p>\n\n\n\n<p>Sr\u0111anovo ubistvo desilo se u centru Trebinja, u blizini policijske stanice i gradske pijace, nao\u010digled svih. U Trebinju je vladala zavjera \u0107utanja, sve do 2007. godine, kada su novinari iz regiona po\u010deli aktivno da pi\u0161u o sudbini Sr\u0111ana Aleksi\u0107a. Potom je Sr\u0111an postao simbol i stvarni heroj ratova iz devedesetih godina. Gradovi na postjugoslovenskom prostoru po\u010deli su nazivati ulice, bulevare, pasa\u017ee\u2026 imenom Sr\u0111ana Aleksi\u0107a.<\/p>\n\n\n\n<p>Rijetki Trebinjci su pri\u010dali da je Sr\u0111an Aleksi\u0107 bio prvi i jedini vojnik koji je otvoreno, ispred op\u0161tine, zga\u0111en onim \u0161to se de\u0161avalo na dubrova\u010dkom rati\u0161tu, protestovao i bacio pu\u0161ku. Ispri\u010dali su i da je i prije tragi\u010dnog dana, on u nekoliko navrata odbranio svoje kom\u0161ije Bo\u0161njake od nasilnika i zlikovaca. Njegov sugra\u0111anin Ljubi\u0161a Glu\u0161\u010devi\u0107 rekao je da Sr\u0111an zaslu\u017eio spomenik \u201cve\u0107i od Njego\u0161evog i Du\u010di\u0107evog\u201d, jer je odbranio \u010dast i obraz Trebinja u zlim vremenima.<\/p>\n\n\n\n<p>Sr\u0111an Aleksi\u0107 imao je 26 godina kada je ubijen. Bio je juniorski rekorder u plivanju i bavio se amaterskim pozori\u0161tem.<\/p>\n\n\n\n<p>\u201cSr\u0111ova pogibija ima poruku, poruku za budu\u0107nost, poruku \u010dovjeka za \u010dovjeka. Mi koji \u017eivimo treba da vidimo tu poruku, da je gajimo i da je koristimo, kao ne\u0161to \u0161to \u0107e pomo\u0107i da dobro zavlada\u201d, rekao je u dokumentarnom filmu \u201cSr\u0111o\u201d u produkciji Radio-televizije Srbije iz 2007. godine, njegov otac Rade.<\/p>\n\n\n\n<p>Rije\u010dima Sr\u0111anovog oca: \u201cSr\u0111ana nema, postojimo mi \u017eivi. I odaju\u0107i priznanje odre\u0111enom djelu, mi u stvari odre\u0111ujemo sebe i svoj \u017eivot\u201d.<\/p>\n\n\n\n<p>Upravo iz tih razloga su Helsin\u0161ki parlament gra\u0111ana Banja Luka, Mre\u017ea za izgradnju mira, Nezavisno dru\u0161tvo novinara Vojvodine, Institut za medije Crne Gore i Udruga za promicanje medijske kulture, umjetnosti i tolerancije \u201eLupiga \u2013 svijet kroz obi\u010dne o\u010di\u201c iz Hrvatske, pro\u0161le godine ustanovili Regionalnu novinarsku nagradu \u201cSr\u0111an Aleksi\u0107\u201d. Njegov \u010din i ime simbolizuju vrijednosti koje nastoji da afirmi\u0161e i ova regionalna novinarska nagrada, a to su gra\u0111anska hrabrost i odgovornost, solidarnost, ljudskost, pravo na slobodu mi\u0161ljenja, pravo da se bude druga\u010diji.<\/p>\n\n\n\n<p>Nagrada se dodeljuje novinarkama, novinarima i medijima iz Bosne i Hercegovine, Srbije, Hrvatske i Crne Gore u tri kategorije: za novinarsku hrabrost i izuzetnost, za doprinos zajednici i za medije.<\/p>\n\n\n\n<p>Nagrade su uru\u010dene na sve\u010danosti u Banjaluci, 10. decembra 2022. godine, na Me\u0111unarodni dan ljudskih prava, a dobitnici su Viktor Ivan\u010di\u0107, Tamara Skrozza i portal KRIK.<\/p>\n\n\n\n<p>Osniva\u010di nagrade obavezuju se da \u0107e tu tradiciju odr\u017eati i u narednim godinama.<\/p>\n\n\n\n<p>Banja Luka\/Novi Sad\/Zagreb\/Podgorica, 27. januara 2023. godine<\/p>\n","protected":false},"excerpt":{"rendered":"<p>Osniva\u010di Regionalne novinarske nagrade \u201cSr\u0111an Aleksi\u0107\u201d podsje\u0107aju javnost da se danas, 27. januara 2023. godine, navr\u0161ava 30 godina od tragi\u010dne smrti Sr\u0111ana Aleksi\u0107a, mladi\u0107a iz Trebinja kojeg su ubili pripadnici Vojske Republike Srpske (VRS) jer je spasio \u017eivot svom sugra\u0111aninu Alenu Glavovi\u0107u. Dana 21. januara 1993. godine \u010detvorica&nbsp;pripadnika VRS po\u010deli su da maltretiraju i tuku<\/p>\n","protected":false},"author":1,"featured_media":3895,"comment_status":"open","ping_status":"open","sticky":false,"template":"","format":"standard","meta":{"footnotes":""},"categories":[59],"tags":[],"class_list":{"0":"post-3894","1":"post","2":"type-post","3":"status-publish","4":"format-standard","5":"has-post-thumbnail","7":"category-aktuelnosti"},"_links":{"self":[{"href":"https:\/\/citajizmedjuredova.me\/index.php?rest_route=\/wp\/v2\/posts\/3894","targetHints":{"allow":["GET"]}}],"collection":[{"href":"https:\/\/citajizmedjuredova.me\/index.php?rest_route=\/wp\/v2\/posts"}],"about":[{"href":"https:\/\/citajizmedjuredova.me\/index.php?rest_route=\/wp\/v2\/types\/post"}],"author":[{"embeddable":true,"href":"https:\/\/citajizmedjuredova.me\/index.php?rest_route=\/wp\/v2\/users\/1"}],"replies":[{"embeddable":true,"href":"https:\/\/citajizmedjuredova.me\/index.php?rest_route=%2Fwp%2Fv2%2Fcomments&post=3894"}],"version-history":[{"count":1,"href":"https:\/\/citajizmedjuredova.me\/index.php?rest_route=\/wp\/v2\/posts\/3894\/revisions"}],"predecessor-version":[{"id":3896,"href":"https:\/\/citajizmedjuredova.me\/index.php?rest_route=\/wp\/v2\/posts\/3894\/revisions\/3896"}],"wp:featuredmedia":[{"embeddable":true,"href":"https:\/\/citajizmedjuredova.me\/index.php?rest_route=\/wp\/v2\/media\/3895"}],"wp:attachment":[{"href":"https:\/\/citajizmedjuredova.me\/index.php?rest_route=%2Fwp%2Fv2%2Fmedia&parent=3894"}],"wp:term":[{"taxonomy":"category","embeddable":true,"href":"https:\/\/citajizmedjuredova.me\/index.php?rest_route=%2Fwp%2Fv2%2Fcategories&post=3894"},{"taxonomy":"post_tag","embeddable":true,"href":"https:\/\/citajizmedjuredova.me\/index.php?rest_route=%2Fwp%2Fv2%2Ftags&post=3894"}],"curies":[{"name":"wp","href":"https:\/\/api.w.org\/{rel}","templated":true}]}}