{"id":3904,"date":"2023-02-02T08:49:00","date_gmt":"2023-02-02T08:49:00","guid":{"rendered":"https:\/\/citajizmedjuredova.me\/?p=3904"},"modified":"2023-05-25T08:52:40","modified_gmt":"2023-05-25T08:52:40","slug":"povratak-osnovama-trening-o-osnovnim-novinarskim-principima-u-podgorici","status":"publish","type":"post","link":"https:\/\/citajizmedjuredova.me\/?p=3904","title":{"rendered":"\u201cPovratak osnovama\u201c: Trening o osnovnim novinarskim principima u Podgorici"},"content":{"rendered":"\n<p>Osamnaest novinara iz Albanije, Kosova, Bosne i Hercegovine, Crne Gore, Srbije i Sjeverne Makedonije u\u010destvovalo je 27. i 28. januara na treningu \u201cPovratak osnovama\u201c (Back to Basics) u Podgorici. Radionica, osmi\u0161ljena za novinare u ranoj karijeri, fokusirala se na osnovne principe novinarstva. Trenerski tim je u\u010desnike vodio kroz tri va\u017ene i ponekad zanemarene oblasti u programima edukacije i obuke mladih novinara: medijska etika, tradicionalna provjera \u010dinjenica i vje\u0161tine intervjuisanja.<\/p>\n\n\n\n<p>Prolaze\u0107i kroz razli\u010dite profesionalne dileme i izazove sa kojima se susreo tokom pedesetogodi\u0161nje karijere u novinarstvu u mnogim zemljama, Nenad Peji\u0107 je sa u\u010desnicima razgovarao o zna\u010daju medijske etike i novim eti\u010dkim izazovima koji su se pojavili posljednjih decenija. Novinari, kako ka\u017ee Peji\u0107, nikada ne treba da pretpostavljaju da su nau\u010dili sve \u0161to se mo\u017ee znati o ovom aspektu profesije.<\/p>\n\n\n\n<p>\u201cMedijska etika je vje\u010dni princip, ali nije samo neka teorija koju usvojite jednom u \u017eivotu i to je to. To je prakti\u010dna, a ne teorijska aktivnost\u201d, kazao je on.<\/p>\n\n\n\n<p>Dodao je da mu je drago \u0161to su u\u010desnici bili aktivni i \u017eeljni sticanja novih znanja i vje\u0161tina, iako su ponekad bili zbunjeni kada su se suo\u010dili sa razli\u010ditim eti\u010dkim dilemama prakti\u010dnog novinarstva.<\/p>\n\n\n\n<p>\u201cBili su vrlo otvoreni, posebno kada smo razgovarali o va\u017enim koracima u novinarstvu koje ponekad preska\u010du, \u0161to su prepoznali kao svoju slabost\u201d, istakao je Peji\u0107.<\/p>\n\n\n\n<figure class=\"wp-block-image size-large\"><img fetchpriority=\"high\" decoding=\"async\" width=\"1024\" height=\"576\" src=\"https:\/\/citajizmedjuredova.me\/wp-content\/uploads\/2023\/05\/seminar-podgorica2-1536x864-1-1024x576.jpg\" alt=\"\" class=\"wp-image-3905\" srcset=\"https:\/\/citajizmedjuredova.me\/wp-content\/uploads\/2023\/05\/seminar-podgorica2-1536x864-1-1024x576.jpg 1024w, https:\/\/citajizmedjuredova.me\/wp-content\/uploads\/2023\/05\/seminar-podgorica2-1536x864-1-300x169.jpg 300w, https:\/\/citajizmedjuredova.me\/wp-content\/uploads\/2023\/05\/seminar-podgorica2-1536x864-1-768x432.jpg 768w, https:\/\/citajizmedjuredova.me\/wp-content\/uploads\/2023\/05\/seminar-podgorica2-1536x864-1-150x84.jpg 150w, https:\/\/citajizmedjuredova.me\/wp-content\/uploads\/2023\/05\/seminar-podgorica2-1536x864-1-450x253.jpg 450w, https:\/\/citajizmedjuredova.me\/wp-content\/uploads\/2023\/05\/seminar-podgorica2-1536x864-1-1200x675.jpg 1200w, https:\/\/citajizmedjuredova.me\/wp-content\/uploads\/2023\/05\/seminar-podgorica2-1536x864-1.jpg 1536w\" sizes=\"(max-width: 1024px) 100vw, 1024px\" \/><\/figure>\n\n\n\n<p>Foto: IMCG<\/p>\n\n\n\n<p>\u017darka Radoja, novinarka i urednica iz Srbije, koja je dr\u017eala predavanje o tradicionalnoj provjeri \u010dinjenica i zna\u010daju konteksta u novinarstvu, ka\u017ee da je ohrabrena stepenom interesovanja u\u010desnika i njihovim aktivnim u\u010de\u0161\u0107em u prakti\u010dnim vje\u017ebama.<\/p>\n\n\n\n<p>\u201cBilo je zanimljivo videti kako razmi\u0161ljaju u\u010desnici koji rade u razli\u010ditim vrstama medija \u2013 televiziji, istra\u017eiva\u010dkim medijima, od novinara koji rade za novinsku agenciju do onih koji imaju dovoljno vremena da razmisle o mogu\u0107im temama svojih pri\u010da\u201d, objasnila je Radoja.<\/p>\n\n\n\n<p>Svoje predavanje je fokusirala na osnovne korake verifikacije i objasnila za\u0161to su staromodni na\u010dini podizanja slu\u0161alice i pozivanja mogu\u0107ih izvora i dalje va\u017eni.<\/p>\n\n\n\n<p>\u201cEksplozija digitalnih alata natjerala nas je da zaboravimo da je zapravo mogu\u0107e do\u0107i do nekoga telefonom ili SMS-om umjesto slanja poruke putem mobilnih aplikacija. Danas u\u010dimo vi\u0161e o digitalnim alatima nego o osnovama novinarstva\u201d, kazala je ona.<\/p>\n\n\n\n<p>Kao osnova gotovo svih novinarskih \u017eanrova, ovladavanje vje\u0161tinama intervjuisanja, va\u017ean je korak za novinare u ranoj karijeri. Petar Komneni\u0107, autor emisije \u201eNa\u010disto\u201c, popularne emisije na TV Vijesti Crne Gore, dao je savjete i trikove o tome kako odabrati pitanja i sagovornika. Ipak, ta novinarska vje\u0161tina mo\u017ee se savladati samo iskustvom, kako je rekao Komneni\u0107.<\/p>\n\n\n\n<p>\u201cPostoji teorijska osnova, ali novinarstvo je zanat i savladava se tako \u0161to se na\u0111e\u0161 u raznim situacijama. I danas se suo\u010dim sa nekim novim situacijama i svaka je posebna. Kasnije imate refleksnu reakciju na ono \u0161to vam profesija donosi\u201d, naveo je on.<\/p>\n\n\n\n<figure class=\"wp-block-image size-large is-resized\"><img decoding=\"async\" src=\"https:\/\/citajizmedjuredova.me\/wp-content\/uploads\/2023\/05\/seminar-podgorica3-1024x576.jpg\" alt=\"\" class=\"wp-image-3906\" width=\"780\" height=\"438\" srcset=\"https:\/\/citajizmedjuredova.me\/wp-content\/uploads\/2023\/05\/seminar-podgorica3-1024x576.jpg 1024w, https:\/\/citajizmedjuredova.me\/wp-content\/uploads\/2023\/05\/seminar-podgorica3-300x169.jpg 300w, https:\/\/citajizmedjuredova.me\/wp-content\/uploads\/2023\/05\/seminar-podgorica3-768x432.jpg 768w, https:\/\/citajizmedjuredova.me\/wp-content\/uploads\/2023\/05\/seminar-podgorica3-150x84.jpg 150w, https:\/\/citajizmedjuredova.me\/wp-content\/uploads\/2023\/05\/seminar-podgorica3-450x253.jpg 450w, https:\/\/citajizmedjuredova.me\/wp-content\/uploads\/2023\/05\/seminar-podgorica3-1200x675.jpg 1200w, https:\/\/citajizmedjuredova.me\/wp-content\/uploads\/2023\/05\/seminar-podgorica3.jpg 1536w\" sizes=\"(max-width: 780px) 100vw, 780px\" \/><\/figure>\n\n\n\n<p>Foto: IMCG<\/p>\n\n\n\n<p>Me\u0111u u\u010desnicima je bila i novinarka iz Albanije Oliverda Allmuca. Ona ka\u017ee da edukativne aktivnosti poput treninga u Podgorici pru\u017eaju jedinstvenu priliku za novinare koji su \u010desto previ\u0161e zauzeti da bi raspravljali o dilemama koje se ti\u010du njihove profesije.<\/p>\n\n\n\n<p>\u201cU Albanij,i na primjer, mladi novinari su odmah suo\u010deni s poslom i nemamo vremena da razgovaramo o tome \u0161ta se zapravo de\u0161ava sa samim novinarstvom. Sve se mijenja i razvija i morate sagledati stvari iz razli\u010ditih uglova, ali mi to ne radimo jer nemamo vremena\u201d, navela je Allmuca.<\/p>\n\n\n\n<p>Radionica \u201cPovratak osnovama\u201c bila je prva aktivnost u okviru projekta \u201cIzgradnja sna\u017enog novinarstva\u201d na Zapadnom Balkanu (Building Resilient Journalism in the Western Balkans) kojeg sprovodi SEENPM u partnerstvu sa Transitions, BIRN Kosovo i \u010dlanovima SEENPM-a Mediacentrom Sarajevo, Institutom za medije Crne Gore, Albanskim medijskim institutom, Novosadskom \u0161kolom novinarstva i Makedonskim institutom za medije. Projekat je podr\u017eao National Endowment for Democracy NED.<\/p>\n\n\n\n<p>Dvogodi\u0161nji projekat \u0107e se fokusirati na produkciju kvalitetnog medijskog sadr\u017eaja, uklju\u010duju\u0107i prekograni\u010dne pri\u010de, kao i na kreiranje novih programa edukacije, obuke i konsultacija za novinare i urednike na Zapadnom Balkanu.<\/p>\n\n\n\n<p>Izvor:&nbsp;<a href=\"https:\/\/seenpm.org\/back-to-basics-workshop-on-core-journalistic-principles-held-in-podgorica\/\">SEENPM<\/a><\/p>\n\n\n\n<p><\/p>\n","protected":false},"excerpt":{"rendered":"<p>Osamnaest novinara iz Albanije, Kosova, Bosne i Hercegovine, Crne Gore, Srbije i Sjeverne Makedonije u\u010destvovalo je 27. i 28. januara na treningu \u201cPovratak osnovama\u201c (Back to Basics) u Podgorici. Radionica, osmi\u0161ljena za novinare u ranoj karijeri, fokusirala se na osnovne principe novinarstva. Trenerski tim je u\u010desnike vodio kroz tri va\u017ene i ponekad zanemarene oblasti u<\/p>\n","protected":false},"author":1,"featured_media":0,"comment_status":"open","ping_status":"open","sticky":false,"template":"","format":"standard","meta":{"footnotes":""},"categories":[59],"tags":[],"class_list":{"0":"post-3904","1":"post","2":"type-post","3":"status-publish","4":"format-standard","6":"category-aktuelnosti"},"_links":{"self":[{"href":"https:\/\/citajizmedjuredova.me\/index.php?rest_route=\/wp\/v2\/posts\/3904","targetHints":{"allow":["GET"]}}],"collection":[{"href":"https:\/\/citajizmedjuredova.me\/index.php?rest_route=\/wp\/v2\/posts"}],"about":[{"href":"https:\/\/citajizmedjuredova.me\/index.php?rest_route=\/wp\/v2\/types\/post"}],"author":[{"embeddable":true,"href":"https:\/\/citajizmedjuredova.me\/index.php?rest_route=\/wp\/v2\/users\/1"}],"replies":[{"embeddable":true,"href":"https:\/\/citajizmedjuredova.me\/index.php?rest_route=%2Fwp%2Fv2%2Fcomments&post=3904"}],"version-history":[{"count":1,"href":"https:\/\/citajizmedjuredova.me\/index.php?rest_route=\/wp\/v2\/posts\/3904\/revisions"}],"predecessor-version":[{"id":3907,"href":"https:\/\/citajizmedjuredova.me\/index.php?rest_route=\/wp\/v2\/posts\/3904\/revisions\/3907"}],"wp:attachment":[{"href":"https:\/\/citajizmedjuredova.me\/index.php?rest_route=%2Fwp%2Fv2%2Fmedia&parent=3904"}],"wp:term":[{"taxonomy":"category","embeddable":true,"href":"https:\/\/citajizmedjuredova.me\/index.php?rest_route=%2Fwp%2Fv2%2Fcategories&post=3904"},{"taxonomy":"post_tag","embeddable":true,"href":"https:\/\/citajizmedjuredova.me\/index.php?rest_route=%2Fwp%2Fv2%2Ftags&post=3904"}],"curies":[{"name":"wp","href":"https:\/\/api.w.org\/{rel}","templated":true}]}}