{"id":3908,"date":"2023-02-08T08:52:00","date_gmt":"2023-02-08T08:52:00","guid":{"rendered":"https:\/\/citajizmedjuredova.me\/?p=3908"},"modified":"2023-05-25T08:55:01","modified_gmt":"2023-05-25T08:55:01","slug":"reagovanje-pogresnim-kontekstom-uskraceno-postovanje-zenama-i-djevojkama-koje-su-prezivjele-osvetnicku-pornografiju","status":"publish","type":"post","link":"https:\/\/citajizmedjuredova.me\/?p=3908","title":{"rendered":"Reagovanje: Pogre\u0161nim kontekstom uskra\u0107eno po\u0161tovanje \u017eenama i djevojkama koje su pre\u017eivjele osvetni\u010dku pornografiju"},"content":{"rendered":"\n<p>Institut za medije Crne Gore (IMCG) uputio je prigovor Ombudsmanki RTCG Danijeli Popovi\u0107 na prilog novinara Seada Sadikovi\u0107a o osvetni\u010dkoj pornografiji, emitovanog 08.02.2023. godine, u emisiji \u201eGledajmo se\u201c na prvom programu RTCG-a, sa zahtjvom da se razmotre primjedbe kojima se ukazuje na kr\u0161enje profesionalnih standarda.<\/p>\n\n\n\n<p>Autor emisije i spornog priloga je u prilogu o \u017eenama i djevojakama koje su pre\u017eivjele osvetni\u010dku pornografiju i onlajn nasilja, fotomonta\u017eom sa fotografijom aktuelnog predsjednika Crne Gore Mila \u0110ukanovi\u0107a i svojom fotografijom, \u010dinjenice stavio u pogre\u0161an kontekst i skrenuo pa\u017enju sa va\u017ene teme, na ismijavanje predsjednika.<\/p>\n\n\n\n<p>Sadikovi\u0107 nije ponudio niti jednu \u010dinjenicu da predsjednik Crne Gore mo\u017ee biti stavljeni u kontekst osvetni\u010dke pornografije i onlajn nasilja. Autor nije jasno i nedvosmisleno objasnio javnosti na koji to problem fotomonta\u017eom \u017eeli da uka\u017ee. Naprotiv takva intervencija unijela je konfuziju, u osjetljivu temu uvela neprimjerenu dosjetku, odvukla pa\u017enju od su\u0161tine problema, a \u017eene, sagovornice priloga i one koje su pre\u017eivjele ovu vrstu nasilja, autor je time stavio u drugi plan i uskratio im puno po\u0161tovanje.<\/p>\n\n\n\n<p>Dobra namjera autora priloga, da otvori temu o \u017ertvama osvetni\u010dke pornografije i onlajn nasilja, posebno u malim, tradicionanim sredinama, na taj na\u010din je obesmi\u0161ljena.<\/p>\n\n\n\n<p>Smatramo da se Sadikovi\u0107 ogrije\u0161io o nekoliko \u010dlanova Kodeksa novinara\/ki Crne Gore, da je \u010dinjenice zloupotrijebio i stavio ih u pogre\u0161an kontekst, da nije jasno odvojio li\u010dni komentar i objasnio ga javnosti.<\/p>\n\n\n\n<p>Dru\u0161tvena kritika jeste po\u017eeljna, a satira i humor kao njen provokativniji, grublji izraz, po \u010demu Sadikovi\u0107ev novinarski rad jeste autenti\u010dan, su dodatno za\u0161ti\u0107eni konvencijama o slobodi govora. Upotreba humora i satire u konkretnom prilogu, po na\u0161em sudu i iz navedenih razloga, nije u skladu sa profesionalnim standardima. To posebno, ako imamo u vidu osjetljivost teme i ranjivost \u017eena i djevojaka koje su se suo\u010dile sa ovim problemom.<\/p>\n\n\n\n<p>Na\u0161e reagovanje ne sugeri\u0161u zabranu upotrebe lika i djela predsjednika ili bilo koje javne li\u010dnosti, u po\u017eeljnoj dru\u0161tvenoj kritici i satiri. Podsje\u0107amo na to da su javne li\u010dnosti u obavezi da trpe ve\u0107i stepen kritike, \u010dak i kada je ona ostra\u0161\u0107ena, gruba, ali i na to je obaveza novinara da i u tim slu\u010dajevima po\u0161tuje ljudsko dostajnstvo i ne zloupotrebljava \u010dinjenice stavljaju\u0107i ih u pogre\u0161an kontekst.<\/p>\n","protected":false},"excerpt":{"rendered":"<p>Institut za medije Crne Gore (IMCG) uputio je prigovor Ombudsmanki RTCG Danijeli Popovi\u0107 na prilog novinara Seada Sadikovi\u0107a o osvetni\u010dkoj pornografiji, emitovanog 08.02.2023. godine, u emisiji \u201eGledajmo se\u201c na prvom programu RTCG-a, sa zahtjvom da se razmotre primjedbe kojima se ukazuje na kr\u0161enje profesionalnih standarda. Autor emisije i spornog priloga je u prilogu o \u017eenama<\/p>\n","protected":false},"author":1,"featured_media":3909,"comment_status":"open","ping_status":"open","sticky":false,"template":"","format":"standard","meta":{"footnotes":""},"categories":[59],"tags":[],"class_list":{"0":"post-3908","1":"post","2":"type-post","3":"status-publish","4":"format-standard","5":"has-post-thumbnail","7":"category-aktuelnosti"},"_links":{"self":[{"href":"https:\/\/citajizmedjuredova.me\/index.php?rest_route=\/wp\/v2\/posts\/3908","targetHints":{"allow":["GET"]}}],"collection":[{"href":"https:\/\/citajizmedjuredova.me\/index.php?rest_route=\/wp\/v2\/posts"}],"about":[{"href":"https:\/\/citajizmedjuredova.me\/index.php?rest_route=\/wp\/v2\/types\/post"}],"author":[{"embeddable":true,"href":"https:\/\/citajizmedjuredova.me\/index.php?rest_route=\/wp\/v2\/users\/1"}],"replies":[{"embeddable":true,"href":"https:\/\/citajizmedjuredova.me\/index.php?rest_route=%2Fwp%2Fv2%2Fcomments&post=3908"}],"version-history":[{"count":1,"href":"https:\/\/citajizmedjuredova.me\/index.php?rest_route=\/wp\/v2\/posts\/3908\/revisions"}],"predecessor-version":[{"id":3910,"href":"https:\/\/citajizmedjuredova.me\/index.php?rest_route=\/wp\/v2\/posts\/3908\/revisions\/3910"}],"wp:featuredmedia":[{"embeddable":true,"href":"https:\/\/citajizmedjuredova.me\/index.php?rest_route=\/wp\/v2\/media\/3909"}],"wp:attachment":[{"href":"https:\/\/citajizmedjuredova.me\/index.php?rest_route=%2Fwp%2Fv2%2Fmedia&parent=3908"}],"wp:term":[{"taxonomy":"category","embeddable":true,"href":"https:\/\/citajizmedjuredova.me\/index.php?rest_route=%2Fwp%2Fv2%2Fcategories&post=3908"},{"taxonomy":"post_tag","embeddable":true,"href":"https:\/\/citajizmedjuredova.me\/index.php?rest_route=%2Fwp%2Fv2%2Ftags&post=3908"}],"curies":[{"name":"wp","href":"https:\/\/api.w.org\/{rel}","templated":true}]}}