{"id":3911,"date":"2023-02-22T08:55:00","date_gmt":"2023-02-22T08:55:00","guid":{"rendered":"https:\/\/citajizmedjuredova.me\/?p=3911"},"modified":"2023-05-25T08:56:47","modified_gmt":"2023-05-25T08:56:47","slug":"ombudsmanka-rtcg-a-prihvatila-prigovor-imcg-u-slucaju-sadikovic","status":"publish","type":"post","link":"https:\/\/citajizmedjuredova.me\/?p=3911","title":{"rendered":"Ombudsmanka RTCG-a prihvatila prigovor IMCG u slu\u010daju Sadikovi\u0107"},"content":{"rendered":"\n<p>Ombudsmanka RTCG-a, Danijela Popovi\u0107 prihvatila je prigovor Instituta za medije Crne Gore (IMCG) na prilog novinara Seada Sadikovi\u0107a o osvetni\u010dkoj pornografiji, emitovanog 08.02.2023. u emisiji \u201eGledajmo se\u201c na prvom programu RTCG-a.<\/p>\n\n\n\n<p>IMCG podnio je prigovor ombusmanki jer smatra da je autor emisije i spornog priloga u prilogu o \u017eenama i djevojakama koje su pre\u017eivjele osvetni\u010dku pornografiju i onlajn nasilja, fotomonta\u017eom sa fotografijom aktuelnog predsjednika Crne Gore Mila \u0110ukanovi\u0107a i svojom fotografijom, \u010dinjenice stavio u pogre\u0161an kontekst i skrenuo pa\u017enju sa va\u017ene teme, na ismijavanje predsjednika.<\/p>\n\n\n\n<p>Popovi\u0107 navodi da je ovim prilogom prekr\u0161en Eti\u010dki kodeks novinara i novinarki Crne Gore i to Ne\u010delo 2 i 2.1.<\/p>\n\n\n\n<p>\u201eZa novinare su \u010dinjenice neprikosnovene, a njegova obazeva je da ih stavlja u pravilan kontekst i onemogu\u0107i njihovu zloupotrebu, bilo da se radi o tekstu, slici i tonu. Komentar ne smije da bude prezentovan tako da stvara utisak da se radi o utvr\u0111enoj \u010dinjenici\u201c, navodi ombudsmanka.<\/p>\n\n\n\n<p>Popovi\u0107 smatra da je uzimaju\u0107i u obzir navedeno \u201eurednik emisije \u201eGledajmo se\u201c, Sead Sadikovi\u0107 ugrozio integritet osobe, u konkretnom slu\u010daju aktuelnog predsjednika Crne Gore\u201c.<\/p>\n\n\n\n<p>Sadikovi\u0107 u svom odgovoru isti\u010de da \u201egrubo napravljena monta\u017ea ni u kojem slu\u010daju ne mo\u017ee iskriviti stvarnost i da niko ne mo\u017ee pomisliti da se radi o stvarnosti\u201c.<\/p>\n\n\n\n<p>\u201eMonta\u017ea pokazuje mehaniziam za lako krivljenje stvarnosti, \u0161to je i tema pri\u010de u kojoj je ta lagana intervencija na mom liku (ne samo na liku predsjednika Dr\u017eave) imala za cilj da skrene pa\u017enju gledalaca i ni u kom slu\u010daju da izvrgne ruglu Predsjednika\u201c, naveo je.<\/p>\n\n\n\n<p>Sadikovi\u0107 je kazao i da su \u201eza sli\u010dne uradke uvijek pogodnije javne li\u010dnosti, a manje poznate treba \u0161tititi, \u0161to ni u kom slu\u010daju ne dovodi predsjednika dr\u017eave u vezu sa nasilni\u010dkom pornografijom\u201c.<\/p>\n\n\n\n<p>Zapisnik i mi\u0161ljenje ombudsmanke na prigovor IMCG-a dostupan je na sajtu RTCG-a.<\/p>\n","protected":false},"excerpt":{"rendered":"<p>Ombudsmanka RTCG-a, Danijela Popovi\u0107 prihvatila je prigovor Instituta za medije Crne Gore (IMCG) na prilog novinara Seada Sadikovi\u0107a o osvetni\u010dkoj pornografiji, emitovanog 08.02.2023. u emisiji \u201eGledajmo se\u201c na prvom programu RTCG-a. IMCG podnio je prigovor ombusmanki jer smatra da je autor emisije i spornog priloga u prilogu o \u017eenama i djevojakama koje su pre\u017eivjele osvetni\u010dku<\/p>\n","protected":false},"author":1,"featured_media":3909,"comment_status":"open","ping_status":"open","sticky":false,"template":"","format":"standard","meta":{"footnotes":""},"categories":[59],"tags":[],"class_list":{"0":"post-3911","1":"post","2":"type-post","3":"status-publish","4":"format-standard","5":"has-post-thumbnail","7":"category-aktuelnosti"},"_links":{"self":[{"href":"https:\/\/citajizmedjuredova.me\/index.php?rest_route=\/wp\/v2\/posts\/3911","targetHints":{"allow":["GET"]}}],"collection":[{"href":"https:\/\/citajizmedjuredova.me\/index.php?rest_route=\/wp\/v2\/posts"}],"about":[{"href":"https:\/\/citajizmedjuredova.me\/index.php?rest_route=\/wp\/v2\/types\/post"}],"author":[{"embeddable":true,"href":"https:\/\/citajizmedjuredova.me\/index.php?rest_route=\/wp\/v2\/users\/1"}],"replies":[{"embeddable":true,"href":"https:\/\/citajizmedjuredova.me\/index.php?rest_route=%2Fwp%2Fv2%2Fcomments&post=3911"}],"version-history":[{"count":1,"href":"https:\/\/citajizmedjuredova.me\/index.php?rest_route=\/wp\/v2\/posts\/3911\/revisions"}],"predecessor-version":[{"id":3912,"href":"https:\/\/citajizmedjuredova.me\/index.php?rest_route=\/wp\/v2\/posts\/3911\/revisions\/3912"}],"wp:featuredmedia":[{"embeddable":true,"href":"https:\/\/citajizmedjuredova.me\/index.php?rest_route=\/wp\/v2\/media\/3909"}],"wp:attachment":[{"href":"https:\/\/citajizmedjuredova.me\/index.php?rest_route=%2Fwp%2Fv2%2Fmedia&parent=3911"}],"wp:term":[{"taxonomy":"category","embeddable":true,"href":"https:\/\/citajizmedjuredova.me\/index.php?rest_route=%2Fwp%2Fv2%2Fcategories&post=3911"},{"taxonomy":"post_tag","embeddable":true,"href":"https:\/\/citajizmedjuredova.me\/index.php?rest_route=%2Fwp%2Fv2%2Ftags&post=3911"}],"curies":[{"name":"wp","href":"https:\/\/api.w.org\/{rel}","templated":true}]}}