{"id":3916,"date":"2023-02-28T09:05:00","date_gmt":"2023-02-28T09:05:00","guid":{"rendered":"https:\/\/citajizmedjuredova.me\/?p=3916"},"modified":"2023-07-06T09:30:56","modified_gmt":"2023-07-06T09:30:56","slug":"sto-za-crnu-goru-znaci-akt-o-digitalnim-uslugama","status":"publish","type":"post","link":"https:\/\/citajizmedjuredova.me\/?p=3916","title":{"rendered":"\u0160to za Crnu Goru zna\u010di akt o digitalnim uslugama?"},"content":{"rendered":"\n<p><strong>Pi\u0161e: D. Bogdanovi\u0107, T. \u0110urni\u0107<\/strong><\/p>\n\n\n\n<p>Uloga Akta o digitalnim uslugama (DSA) bi\u0107e istorijska, jer \u0107e onlajn platforme morati da pove\u0107aju stepen odgovornosti prema sadr\u017eaju u \u010dijoj distribuciji posreduju.<\/p>\n\n\n\n<p>Ovako su na\u0161i sagovornici ocijenili DSA, novi na\u010din borbe protiv \u0161irenja nezakonitih i \u0161tetnih sadr\u017eaja na internetu, koji se odnosi se na sve kompanije koje pru\u017eaju usluge u okviru Evropske unije (EU).<\/p>\n\n\n\n<p>Platforme poput Fejsbuka, Gugla i Amazona, bi\u0107e primorane da se od maja ove godine bolje pozabave nezakonitim i \u0161tetnim sadr\u017eajem, \u0161to zna\u010di da \u0107e se smatrati odgovornim za sam sadr\u017eaj u \u010dijoj distribuciji posreduju.<\/p>\n\n\n\n<p>Direktorica Agencije za elektronske medije Sun\u010dica Baki\u0107 smatra da \u0107e se usvajanjem ovog akta situacija u EU znatno promijeniti, jer u zavisnosti od veli\u010dine platforme, one \u0107e morati da zadovolje odre\u0111ene obaveze i proporcionalno pove\u0107avaju stepen odgovornosti prema sadr\u017eaju.<\/p>\n\n\n\n<p>\u201cSve platforme, osim najmanjih (sa manje od 50 zaposlenih i godi\u0161njim prometom i\/ili ukupnom godi\u0161njim bilansom manjim od 10 miliona eura), mora\u0107e da uspostave mehanizme za podno\u0161enje pritu\u017ebi, ostvarivanje prava na pravnu za\u0161titu i vansudsko rje\u0161avanje sporova, kao i da sara\u0111uju sa pouzdanim ozna\u010diva\u010dima, rje\u0161avaju prigovore i obezbjede transparentnost ogla\u0161avanja u onlajn prostoru za korisnike\u201d, kazala je Baki\u0107.<\/p>\n\n\n\n<p>Za velike internetske platforme i pretra\u017eiva\u010de s najmanje 45 miliona korisnika, tj. &nbsp;deset odsto evropskog stanovni\u0161tva, primjenjuju se posebna pravila zbog rizika koje takve platforme predstavljaju u pogledu \u0161irenja nezakonitog sadr\u017eaja i djelovanja \u0161tetnih po dru\u0161tvo.<\/p>\n\n\n\n<p>Direktor Media centra Goran \u0110urovi\u0107 vjeruje da je uloga DSA istorijska, zato \u0161to je \u201cEU kona\u010dno odlu\u010dila da preduzme prve ozbiljne korake u rje\u0161avanju decenijskog problema \u0161irenja dezinformacija, govora mr\u017enje i drugih protivzakonitih pojava putem dru\u0161tvenih mre\u017ea i velikih platformi za komunikaciju\u201d.<\/p>\n\n\n\n<p>\u201cPredugo je \u010ditav svijet, pa i Evropa izlo\u017eena negativnom uticaju negativnih i zakonima zabranjenih pojava koji su se pravdali slobodom govora. Svaka sloboda pojedinca je ograni\u010dena pravima drugih pojedinaca. Sva zabranjena pona\u0161anja (\u0161irenje dezinformacija, govora mr\u017enje, prevarnih i drugih nedozvoljenih sadr\u017eaja) moraju biti ograni\u010dena i eliminisana sa komunikacionih platformi i pretra\u017eiva\u010da. Zna\u010daj DSA je i u tome \u0161to je postao dio primarne pravne tekovine EU i kao takav \u0107e proizvesti dejstvo i u zemljama koje pristupaju EU, uklju\u010duju\u0107i i Crnu Goru\u201d, navodi \u0110urovi\u0107.<\/p>\n\n\n\n<p>Neke od mjera uklju\u010denih u DSA zahtijeva\u0107e od velikih onlajn platformi i internet pretra\u017eiva\u010da da preduzmu specifi\u010dne mjere tokom krize, \u0161to je podstaknuto invazijom Rusije na Ukrajinu i dezinformacijama vezanim za to.<\/p>\n\n\n\n<p>Direktorica AEM-a Baki\u0107 smatra da izvje\u0161tavanje o krizi u Ukrajini predstavlja najnoviji i poseban izazov za tradicionalne i nove medije koji imaju za cilj da svojim gledaocima, slu\u0161aocima i \u010ditaocima pru\u017ee balgovremene, objektivne i cjelovite informacije. Ka\u017ee da se ti mediji \u010desto suo\u010davaju sa izvorima \u010dija pouzdanost i kredibilitet mogu biti upitni, pa samim tim i informacije koje plasiraju mogu biti nepotvr\u0111ene, nepotpune i neobjektivne.<\/p>\n\n\n\n<p>Nadzor nad primjenom DSA vr\u0161i\u0107e Komisija (odgovorna za velike internetske platforme)&nbsp; i dr\u017eave \u010dlanice EU (odgovorne za manje platforme u skladu sa njihovim sjedi\u0161tem). Dr\u017eave \u010dlanice su u obavezi da do 17. februara 2024. godine imenuju koordinatore digitalnih usluga, koji \u0107e predstavljati nezavisno tijelo, a \u010dija \u0107e du\u017enost biti da ispunjava stroge zahtjeve u pogledu nezavisnog i transparentnog funkcionisanja.<\/p>\n\n\n\n<p>Goran \u0110urovi\u0107 smatra da \u0107e onlajn platforme i pretra\u017eiva\u010di morati da ulo\u017ee zna\u010dajna sredstva od svog \u201cenormnog\u201d dobitka da ograni\u010de, preveniraju i onemogu\u0107e \u0161irenje \u0161tetnog i opasnog sadr\u017eaja.<\/p>\n\n\n\n<p>\u201cVjerujem da \u0107e EU morati da donese dodatnu regulativu kako bi precizirala sve procedure i situacije koje \u0107e se kroz praksu u primjeni DSA pojaviti kao problemati\u010dne. Onlajn platforme i pretra\u017eiva\u010di mora\u0107e da primijene pravila i svoju djelatnost obavljaju u skladu sa zabranama jer \u0107e se u suprotnom suo\u010diti sa sankcijama. Ne mislim da \u0107e onlajn platforme i pretra\u017eiva\u010di rizikovati da trpe sankcije i ulaze u sukob sa EU u vezi sa primjenom DSA, a i dugih akata kojima se kona\u010dno poku\u0161ava uvesti red na onlajn platformama\u201d, kazao je.<\/p>\n\n\n\n<p>Kada je rije\u010d o Crnoj Gori, Baki\u0107 smatra da je te\u0161ko porediti DSA sa bilo kojim sli\u010dnim dokumentom koji bi se mogao efikasno primjenivati u na\u0161oj zemlji zbog ogromne razlike u veli\u010dini zajedni\u010dkog tr\u017ei\u0161ta EU i crnogorskog tr\u017ei\u0161ta i nadnacionalnog karaktera samog akta.<\/p>\n\n\n\n<p>\u201c\u010cini se da je u trenutnoj situaciji svrsishodnije razmi\u0161ljati o na\u010dinima da se efikasnije sprovedu ve\u0107 postoje\u0107e zakonske i regulatorne norme, kao i samoregulatorni mehanizmi, paralelno sa unaprije\u0111vanjem zakonskeg okvira u ovoj oblasti\u201d, isti\u010de Baki\u0107.<\/p>\n\n\n\n<p>\u0110urovi\u0107 smatra da se moraju stvoriti zakonske osnove da se crnogorske regulatorne institucije uklju\u010de u primjenu DSA.<\/p>\n\n\n\n<p>\u201cBi\u0107e potrebno da se urede nove nadle\u017enosti postoje\u0107ih institucija i mogu\u0107e uspostave nove koje treba da osiguraju da se dezinformacije, govor mr\u017enje i druge nedozvoljene pojave protjeraju sa dru\u0161tvenih mre\u017ea i na\u0161ih portala. Nadam se da \u0107e nadle\u017eni dr\u017eavni organi biti proaktivni i da \u0107e u \u0161to skorijem roku donijeti odluku o po\u010detku izrade regulative kojom \u0107e se osigurati primjena pravila iz DSA i u na\u0161oj dr\u017eavi\u201d, istakao je.<\/p>\n\n\n\n<p>Baki\u0107 zaklju\u010duje da je u me\u0111uvremenu \u201cpotrebno ja\u010dati administrativne i kadrovske kapacitete za budu\u0107e u\u010de\u0161\u0107e u me\u0111unarodnij koordinaciji neophodnoj za efikasnu implementaciju Akta o digitalnim uslugama, te da je tako\u0111e potrebno raditi na uspostavljanju i produbljivanju saradnje sa drugim regulatorima u regionu u cilju \u0161to efikasnije regulacije pitanja koji imaju prekograni\u010dni karakter\u201d.<\/p>\n\n\n\n<p>Osim Akta o digitalnim uslugama, usvojen je i Akt od digitalnim tr\u017ei\u0161tima koji, pak, ima ima za cilj da kontroli\u0161e uticaj najve\u0107ih digitalnih kompanija da obezbijede\u00a0jednake tr\u017ei\u0161ne uslove i da sprije\u010di zloupotrebu dominantnog polo\u017eaja. Tehnolo\u0161ki d\u017einovi tako vi\u0161e ne\u0107e mo\u0107i da rangiraju svoje proizvode ili usluge iznad proizvoda i usluga drugih u\u010desnika na tr\u017ei\u0161tu.<\/p>\n\n\n\n<p><em>Ovaj tekst je ura\u0111en uz podr\u0161ku Fonda za podsticanje pluralizma i raznovrsnosti medija<\/em>.<\/p>\n\n\n\n<p><em>Ovaj tekst je ura\u0111en uz finansijsku podr\u0161ku Nacionalne zadu\u017ebine za demokratiju. Sadr\u017eaj je isklju\u010divo odgovornost autora i izdava\u010da Instituta za medije Crne Gore i nu\u017eno ne odra\u017eava stavove donatora.<\/em><\/p>\n","protected":false},"excerpt":{"rendered":"<p>Pi\u0161e: D. Bogdanovi\u0107, T. \u0110urni\u0107 Uloga Akta o digitalnim uslugama (DSA) bi\u0107e istorijska, jer \u0107e onlajn platforme morati da pove\u0107aju stepen odgovornosti prema sadr\u017eaju u \u010dijoj distribuciji posreduju. Ovako su na\u0161i sagovornici ocijenili DSA, novi na\u010din borbe protiv \u0161irenja nezakonitih i \u0161tetnih sadr\u017eaja na internetu, koji se odnosi se na sve kompanije koje pru\u017eaju usluge<\/p>\n","protected":false},"author":1,"featured_media":3917,"comment_status":"open","ping_status":"open","sticky":false,"template":"","format":"standard","meta":{"footnotes":""},"categories":[59],"tags":[],"class_list":{"0":"post-3916","1":"post","2":"type-post","3":"status-publish","4":"format-standard","5":"has-post-thumbnail","7":"category-aktuelnosti"},"_links":{"self":[{"href":"https:\/\/citajizmedjuredova.me\/index.php?rest_route=\/wp\/v2\/posts\/3916","targetHints":{"allow":["GET"]}}],"collection":[{"href":"https:\/\/citajizmedjuredova.me\/index.php?rest_route=\/wp\/v2\/posts"}],"about":[{"href":"https:\/\/citajizmedjuredova.me\/index.php?rest_route=\/wp\/v2\/types\/post"}],"author":[{"embeddable":true,"href":"https:\/\/citajizmedjuredova.me\/index.php?rest_route=\/wp\/v2\/users\/1"}],"replies":[{"embeddable":true,"href":"https:\/\/citajizmedjuredova.me\/index.php?rest_route=%2Fwp%2Fv2%2Fcomments&post=3916"}],"version-history":[{"count":2,"href":"https:\/\/citajizmedjuredova.me\/index.php?rest_route=\/wp\/v2\/posts\/3916\/revisions"}],"predecessor-version":[{"id":4012,"href":"https:\/\/citajizmedjuredova.me\/index.php?rest_route=\/wp\/v2\/posts\/3916\/revisions\/4012"}],"wp:featuredmedia":[{"embeddable":true,"href":"https:\/\/citajizmedjuredova.me\/index.php?rest_route=\/wp\/v2\/media\/3917"}],"wp:attachment":[{"href":"https:\/\/citajizmedjuredova.me\/index.php?rest_route=%2Fwp%2Fv2%2Fmedia&parent=3916"}],"wp:term":[{"taxonomy":"category","embeddable":true,"href":"https:\/\/citajizmedjuredova.me\/index.php?rest_route=%2Fwp%2Fv2%2Fcategories&post=3916"},{"taxonomy":"post_tag","embeddable":true,"href":"https:\/\/citajizmedjuredova.me\/index.php?rest_route=%2Fwp%2Fv2%2Ftags&post=3916"}],"curies":[{"name":"wp","href":"https:\/\/api.w.org\/{rel}","templated":true}]}}