{"id":3922,"date":"2023-03-14T08:03:00","date_gmt":"2023-03-14T08:03:00","guid":{"rendered":"https:\/\/citajizmedjuredova.me\/?p=3922"},"modified":"2023-05-26T08:05:57","modified_gmt":"2023-05-26T08:05:57","slug":"borba-protiv-poplave-dezinformacija-na-zapadnom-balkanu","status":"publish","type":"post","link":"https:\/\/citajizmedjuredova.me\/?p=3922","title":{"rendered":"Borba protiv poplave dezinformacija na Zapadnom Balkanu"},"content":{"rendered":"\n<p><strong>Pi\u0161e: Hilma Unki\u0107<\/strong><\/p>\n\n\n\n<p><em>Kako bi smanjile uticaj dezinformacija, organizacije civilnog dru\u0161tva \u0161irom regije rade na ja\u010danju medijske pismenosti me\u0111u starima i mladima.<\/em><\/p>\n\n\n\n<p>Gdje god \u017eivjeli na Zapadnom Balkanu, izlo\u017eeni ste velikim koli\u010dinama dezinformacija koje mogu oblikovati va\u0161 stav prema zdravlju, politici ili javnoj sigurnosti.<\/p>\n\n\n\n<p>Kao i drugdje, tokom pandemije COVID-a 19 gra\u0111ani su se svakodnevno suo\u010davali s dezinformacijama. U jednom slu\u010daju, informacije zasnovane na fotografiji le\u0161eva za koju se la\u017eno tvrdilo da je snimljena u italijanskoj bolnici izazvale su zabrinutost kod Dijane Tiganj, 27-godi\u0161nje nastavnice srednje \u0161kole iz Crne Gore. Kasnije je utvr\u0111eno da fotografija&nbsp;<a href=\"https:\/\/raskrinkavanje.ba\/analiza\/lazna-fotografija-zrtava-koronavirusa-kruzi-drustvenim-mrezama?fbclid=IwAR0MVfHvQID3f6H8VG7NDrit6_4RFktLTWnMSGxlwIGkWLQQ4lyI0uW2wtw\">nije snimljena u bolnici<\/a>&nbsp;niti tokom pandemije COVID-a 19. Bez obzira na to, Dijana je isprva povjerovala da je informacija istinita.<\/p>\n\n\n\n<p>\u201eU mom slu\u010daju je ta informacija izazvala paniku koja je bila ograni\u010davaju\u0107a tokom pandemije COVID-a 19. Odmah sam smanjila sve dru\u0161tvene kontakte, mani\u010dno sam sve prskala alkoholom, a posebno sam bila zabrinuta za najstarije uku\u0107ane. Nisam izlazila ako nije bilo apsolutno neophodno\u201c, ka\u017ee Dijana.<\/p>\n\n\n\n<p>Prije nekoliko godina u susjednoj Srbiji, 27-godi\u0161nja omladinska radnica Gordana Adamov posumnjala je u porijeklo fotografije koja povezuje uginu\u0107e ptica sa 5G mre\u017eom u Srbiji. Gordana je tada prvi put koristila&nbsp;<a href=\"https:\/\/images.google.com\/\">obrnuto pretra\u017eivanje slika<\/a>&nbsp;da prona\u0111e originalni izvor fotografije.<\/p>\n\n\n\n<p>\u201eMislim da sam tada prvi put osjetila potrebu da prona\u0111em originalni izvor i upozorim ljude koji su dijelili la\u017ene vijesti u grupama da su to dezinformacije.\u201c<\/p>\n\n\n\n<p>La\u017eno i neta\u010dno izvje\u0161tavanje je posebno opasno ako dodatno podsti\u010de mr\u017enju i razdor, posebno u etni\u010dki podijeljenim zajednicama. Na Kosovu su gra\u0111ani nedavno bili izlo\u017eeni intenzivnim kampanjama dezinformacija oko rastu\u0107ih tenzija na sjeveru zemlje.<\/p>\n\n\n\n<p>Kada su u novembru pro\u0161le godine pojedini kosovski mediji objavili da je zapaljen automobil srpskih registarskih oznaka, naveli su da je uhap\u0161eni biv\u0161i dr\u017eavljanin Kosova. Kasnije se&nbsp;<a href=\"https:\/\/prishtinainsight.com\/fake-news-spikes-amid-high-tensions-in-the-north-mag-2\/\">ispostavilo da su te informacije neta\u010dne<\/a>&nbsp;kada je kosovska policija potvrdila da su vlasnik automobila i osumnji\u010deni kom\u0161ije. Obojica su bili dr\u017eavljani Kosova albanske nacionalnosti i najvjerovatniji motiv su bile li\u010dne razmirice. Da motiv nema nikakve veze sa nacionalno\u0161\u0107u Leonita Morina (24) iz Pri\u0161tine, asistentkinja na projektu u jednoj konsultantskoj ku\u0107i, saznala je dobijaju\u0107i informacije iz razli\u010ditih izvora.<\/p>\n\n\n\n<p>\u201eShvatila sam da je rije\u010d o dezinformacijama jer su nas neki drugi mediji i profesionalci upozoravali da se dezinformacije i la\u017ene vijesti u vezi sa situacijom na sjeveru Kosova brzo \u0161ire.\u201c<\/p>\n\n\n\n<p><strong>Odgovor OCD \u2013 borba protiv dezinformacija putem obrazovanja, istra\u017eivanja, umjetnosti i igara<\/strong><\/p>\n\n\n\n<p>Bez promocije medijske i digitalne pismenosti, borba protiv dezinformacija je nepotpuna, smatraju stru\u010dnjaci portala za provjeru \u010dinjenica&nbsp;<a href=\"https:\/\/hibrid.info\/\">Hibrid.info<\/a>&nbsp;s Kosova. S ciljem podizanja nivoa kriti\u010dkog i analiti\u010dkog razmi\u0161ljanja gra\u0111ana,&nbsp;<a href=\"https:\/\/balkansmedia.org\/en\/innovation-lab\/how-well-do-you-read-news-hibrid-launches-checkos-platform-countering-disinformation\">kreirali su Checkos<\/a>, online alat za u\u010denje zasnovan na vi\u0161e vrsta digitalnih kvizova.<\/p>\n\n\n\n<p>Ideja je jednostavna \u2013 korisnici Checkosa se upu\u0107uju da pro\u010ditaju \u010dlanke koji sadr\u017ee problemati\u010dan sadr\u017eaj, a zatim pola\u017eu kviz sastavljen od pitanja o relevantnosti \u010dinjenica, pouzdanosti izvora i strukturi \u010dlanaka koje su pro\u010ditali. Nakon popunjavanja upitnika, sistem automatski generi\u0161e rezultate kviza i ukazuje na nivo medijske pismenosti korisnika.<\/p>\n\n\n\n<p>Aplikacija trenutno nije u funkciji zbog nedostatka finansijskih sredstava, ali na portalu Hibrid.info se nadaju da \u0107e je uskoro vratiti u \u017eivot u naprednijoj verziji. Dok se to ne dogodi, nastavljaju objavljivati \u010dlanke o provjeravanju \u010dinjenica i medijskoj pismenosti, kao i istra\u017eiva\u010dke&nbsp;<a href=\"https:\/\/hibrid.info\/english-version-of-the-report\/\">izvje\u0161taje<\/a>&nbsp;o dezinformacijama.<\/p>\n\n\n\n<p>\u201eAko je publika edukovana za pristup informacijama na koje nailazi u digitalnom prostoru, efekat dezinformativnog sadr\u017eaja \u0107e biti mnogo manji\u201c, isti\u010du stru\u010dnjaci portala Hibrid.info.<\/p>\n\n\n\n<p>Druga organizacija s Kosova prona\u0161la je zanimljiv na\u010din, koriste\u0107i ilustraciju kao oblik umjetni\u010dkog izra\u017eavanja, da se pozabavi problemom dezinformacija i drugim izazovima s kojima se moderno novinarstvo suo\u010dava, kao \u0161to je nedostatak nezavisnosti. U okviru regionalnog projekta&nbsp;Sna\u017eni (Resilience)&nbsp;koji se implementira u \u0161est zemalja Zapadnog Balkana u Turskoj, organizacija&nbsp;<a href=\"https:\/\/kosovotwopointzero.com\/en\/\">Kosovo 2.0<\/a>&nbsp;je kreirala&nbsp;<a href=\"https:\/\/kosovotwopointzero.com\/en\/independent-journalism-is-under-threat\/\">seriju ironi\u010dnih crtanih ilustracija<\/a>&nbsp;koje propituju otpornost gra\u0111ana na mnoge problemati\u010dne aspekte dana\u0161njih medija.<\/p>\n","protected":false},"excerpt":{"rendered":"<p>Pi\u0161e: Hilma Unki\u0107 Kako bi smanjile uticaj dezinformacija, organizacije civilnog dru\u0161tva \u0161irom regije rade na ja\u010danju medijske pismenosti me\u0111u starima i mladima. Gdje god \u017eivjeli na Zapadnom Balkanu, izlo\u017eeni ste velikim koli\u010dinama dezinformacija koje mogu oblikovati va\u0161 stav prema zdravlju, politici ili javnoj sigurnosti. Kao i drugdje, tokom pandemije COVID-a 19 gra\u0111ani su se svakodnevno<\/p>\n","protected":false},"author":1,"featured_media":3923,"comment_status":"open","ping_status":"open","sticky":false,"template":"","format":"standard","meta":{"footnotes":""},"categories":[59],"tags":[],"class_list":{"0":"post-3922","1":"post","2":"type-post","3":"status-publish","4":"format-standard","5":"has-post-thumbnail","7":"category-aktuelnosti"},"_links":{"self":[{"href":"https:\/\/citajizmedjuredova.me\/index.php?rest_route=\/wp\/v2\/posts\/3922","targetHints":{"allow":["GET"]}}],"collection":[{"href":"https:\/\/citajizmedjuredova.me\/index.php?rest_route=\/wp\/v2\/posts"}],"about":[{"href":"https:\/\/citajizmedjuredova.me\/index.php?rest_route=\/wp\/v2\/types\/post"}],"author":[{"embeddable":true,"href":"https:\/\/citajizmedjuredova.me\/index.php?rest_route=\/wp\/v2\/users\/1"}],"replies":[{"embeddable":true,"href":"https:\/\/citajizmedjuredova.me\/index.php?rest_route=%2Fwp%2Fv2%2Fcomments&post=3922"}],"version-history":[{"count":1,"href":"https:\/\/citajizmedjuredova.me\/index.php?rest_route=\/wp\/v2\/posts\/3922\/revisions"}],"predecessor-version":[{"id":3924,"href":"https:\/\/citajizmedjuredova.me\/index.php?rest_route=\/wp\/v2\/posts\/3922\/revisions\/3924"}],"wp:featuredmedia":[{"embeddable":true,"href":"https:\/\/citajizmedjuredova.me\/index.php?rest_route=\/wp\/v2\/media\/3923"}],"wp:attachment":[{"href":"https:\/\/citajizmedjuredova.me\/index.php?rest_route=%2Fwp%2Fv2%2Fmedia&parent=3922"}],"wp:term":[{"taxonomy":"category","embeddable":true,"href":"https:\/\/citajizmedjuredova.me\/index.php?rest_route=%2Fwp%2Fv2%2Fcategories&post=3922"},{"taxonomy":"post_tag","embeddable":true,"href":"https:\/\/citajizmedjuredova.me\/index.php?rest_route=%2Fwp%2Fv2%2Ftags&post=3922"}],"curies":[{"name":"wp","href":"https:\/\/api.w.org\/{rel}","templated":true}]}}