{"id":3933,"date":"2023-03-16T08:12:00","date_gmt":"2023-03-16T08:12:00","guid":{"rendered":"https:\/\/citajizmedjuredova.me\/?p=3933"},"modified":"2023-05-26T08:33:56","modified_gmt":"2023-05-26T08:33:56","slug":"regionalni-dokumentarni-filmovi-o-medijima-i-novinarstvu-koje-morate-pogledati-sta-cini-dobar-dokumentarac","status":"publish","type":"post","link":"https:\/\/citajizmedjuredova.me\/?p=3933","title":{"rendered":"Regionalni dokumentarni filmovi o medijima i novinarstvu koje morate pogledati: \u0160ta \u010dini dobar dokumentarac?"},"content":{"rendered":"\n<p><strong>Pi\u0161e: Mirza Ajnad\u017ei\u0107<\/strong><\/p>\n\n\n\n<p>Teoreti\u010dar filma Bil Nikols pisao je o \u0161est tipova dokumentarnih filmova \u2013 poetski, ekspozitorni, refleksivni, opservacijski, performativni i participativni \u2013 svaki sa specifi\u010dnim karakteristikama. Radi se o na\u010dinu na koji pri\u010date svoju pri\u010du. Poetski dokumentarac govori uglavnom vizuelno, sa malo ili bez dijaloga i bez naracije. Drugim rije\u010dima, odgovornost je na direktoru fotografije da napravi upe\u010datljive slike koje mogu same da ispri\u010daju pri\u010du. Refleksivni dokumentarac stvara direktan odnos izme\u0111u re\u017eisera i publike, pri \u010demu re\u017eiser ima i ulogu u samom filmu. Vjerovatno jedan od prvih i jo\u0161 uvijek jedan od najboljih refleksivnih dokumentaraca jeste<a href=\"https:\/\/youtu.be\/cGYZ5847FiI\"><u>&nbsp;\u201e<\/u>\u010covjek sa filmskom kamerom<u>\u201d<\/u><\/a>&nbsp;Dzige Vetrova iz 1929.<\/p>\n\n\n\n<p>Opservacijski dokumentarni filmovi donekle su sli\u010dni poetskim utoliko \u0161to su prvenstveno fokusirani na pedantno posmatranje, a tokom snimanja dominiraju dugi kadrovi. Performativni dokumentarni filmovi \u2013 filmski stvaralac pretvara film u zabavnu predstavu. Autor \u010desto ima blizak li\u010dni interes za temu, zbog \u010dega su ovakvi dokumentarni filmovi prepuni sna\u017enih stavova. Participativni tip je onaj kada filmski stvaralac u\u010destvuje u pri\u010di, a ne da je posmatra. Nalaze se ispred kamere i postavljaju pitanja. Oni ne uti\u010du na temu, ve\u0107 govore svoju verziju istine ili kako to je vide. Najbolji primjer za ovu vrstu su filmovi&nbsp;<a href=\"https:\/\/www.imdb.com\/name\/nm0857621\/\">Luj Terua,<\/a>&nbsp;britansko-ameri\u010dkog dokumentariste i novinara.&nbsp;<\/p>\n\n\n\n<p>Naj\u010de\u0161\u0107i tip dokumentarnog filma je ekspozitorni. Takvi filmovi imaju tendenciju da obrazuju i objasne specifi\u010dne probleme, trendove ili doga\u0111aje. Sadr\u017ee intervjue, naraciju, razli\u010dite vrste arhivske gra\u0111e, vizualizovane podatke\u2026 sve kako bi tema bila \u0161to jasnija publici. Ve\u0107ina dokumentarnih filmova koje \u0107u ovdje spomenuti spada u ovu kategoriju. Da budemo jasni, tra\u017eio sam dokumentarne filmove o novinarima, koje nisu neophodno i napravili novinari. Dakle, rad novinara, borbe sa kojima se suo\u010davaju, pri\u010de za kojima tragaju su teme filmova koje sam odabrao.<\/p>\n\n\n\n<p><strong>JUNK FOLDER\/TERET ISKUSTVA\/CIJENA ISTINE\u00a0<\/strong>Serija dokumentarnih filmova u produkciji SEENPM-a i Mediacentra Sarajevo<\/p>\n\n\n\n<figure class=\"wp-block-embed is-type-video is-provider-youtube wp-block-embed-youtube wp-embed-aspect-16-9 wp-has-aspect-ratio\"><div class=\"wp-block-embed__wrapper\">\n<iframe title=\"Film - Junk Folder\" width=\"788\" height=\"443\" src=\"https:\/\/www.youtube.com\/embed\/yuYYuWjCC6c?feature=oembed\" frameborder=\"0\" allow=\"accelerometer; autoplay; clipboard-write; encrypted-media; gyroscope; picture-in-picture; web-share\" allowfullscreen><\/iframe>\n<\/div><figcaption class=\"wp-element-caption\">Video: You Tube<\/figcaption><\/figure>\n\n\n\n<p>Ova tri dokumentarna filma su producirali&nbsp;<a href=\"http:\/\/www.seenpm.org\/\">SEENPM<\/a>&nbsp;and&nbsp;<a href=\"http:\/\/www.media.ba\/\">Mediacentar<\/a>&nbsp;kao dio projekta Sna\u017eni .&nbsp;<a href=\"https:\/\/www.youtube.com\/watch?v=MiLfUKZDMhs\">Junk Folder<\/a>, u re\u017eiji Alena \u0160imi\u0107a, prvi put je prikazan u septembru 2021. godine. Pri\u010da o la\u017enim vijestima koje su uticale na dru\u0161tva Zapadnog Balkana posljednjih godina. Ovaj 30-minutni film nudi osvje\u017eavaju\u0107i stil pripovijedanja. Autori su koristili mnogo vrlo dobro osmi\u0161ljenog CGI-a za B-rolnu, kako bi stvorili ogromnu deponiju sme\u0107a, sugeri\u0161u\u0107i, koliko sam shvatio, \u0161ta je pravo mjesto za la\u017ene vijesti. Posebno je upe\u010datljiv bio snimak golubova koji jedu sa ovog smetli\u0161ta \u2013 opet pametna pri\u010da koja prikazuje dru\u0161tvo koje \u201cjede ono \u0161to se servira\u201d iako je to sme\u0107e. Odli\u010dni intervjui pomogli su \u0160imi\u0107u da napravi zabavni dokumentarac o ovoj va\u017enoj, ali ne samo filmskoj temi. Duhovit je, vizuelno zanimljiv i pri\u010da va\u017enu pri\u010du, pa je vrijedan gledanja<\/p>\n\n\n\n<p><a href=\"https:\/\/www.youtube.com\/watch?v=hxoN8F91DRA\">Teret iskustva<\/a>, u re\u017eiji Sabrine Begovi\u0107 \u0106ori\u0107, objavljen je u novembru 2022. Po pripovijedanju, vizualnosti i re\u017eiji, po meni je najbolji od svih ovdje navedenih filmova. Na vrlo jednostavan na\u010din pri\u010da pri\u010du o tri vode\u0107e novinarke iz Bosne, Kosova i Srbije. Zasnovan je na razgovoru u podkast studiju, izme\u0111u tri protagonistkinje. One razgovaraju o prijetnjama s kojima se svakodnevno suo\u010davaju zbog svog posla i kako to uti\u010de na njihov svakodnevni \u017eivot, va\u017enoj temi ispri\u010danoj na jednostavan, ali efikasan na\u010din.<\/p>\n\n\n\n<figure class=\"wp-block-embed is-type-video is-provider-youtube wp-block-embed-youtube wp-embed-aspect-16-9 wp-has-aspect-ratio\"><div class=\"wp-block-embed__wrapper\">\n<iframe title=\"Teret iskustva (Film)\" width=\"788\" height=\"443\" src=\"https:\/\/www.youtube.com\/embed\/IiW9DaeQVKk?feature=oembed\" frameborder=\"0\" allow=\"accelerometer; autoplay; clipboard-write; encrypted-media; gyroscope; picture-in-picture; web-share\" allowfullscreen><\/iframe>\n<\/div><figcaption class=\"wp-element-caption\">Video: You Tube<\/figcaption><\/figure>\n\n\n\n<p><a href=\"https:\/\/www.youtube.com\/watch?v=fWU2yYWE0Gs\">Cijena istine<\/a>\u00a0je posljednji dokumentarac u ovoj seriji, objavljen onlajn tek u februaru. Fokusira se na napade na novinare u Srbiji. \u201eFilm prati novinare Milana Jovanovi\u0107a, koji je izgubio ku\u0107u u paljevini, Vladimira Mitri\u0107a, koji ve\u0107 18 godina \u017eivi pod za\u0161titom policije, i istra\u017eiva\u010dku novinarku Jelenu Zori\u0107.\u201c \u2013 obja\u0161njava se u sinopsisu filma. Film po\u010dinje svedo\u010denjem Milana Jovanovi\u0107a, koje je u stilu naracije, dok gledaoci bivaju vizuelno prene\u0161eni stanje posle napada na njega i njegovu suprugu, odnosno paljevine njihove ku\u0107e, a zatim slijedi pri\u010da novinara Vladimira Mitri\u0107a, koji \u017eivi pod za\u0161titom policije, i istra\u017eiva\u010dke novinarke Jelene Zori\u0107. Svaka od tri pri\u010de mogla bi i sama biti zaseban dokumentarac, \u0161to sam, u izvjesnoj mjeri, i \u017eelio da budu, ali se dobro uklapaju u jedan dokumentarac sa dobrim vizuelnim pripovijedanjem autorice Valentine Deli\u0107, \u0161to ga \u010dini obaveznim za gledanje.<\/p>\n\n\n\n<figure class=\"wp-block-embed is-type-video is-provider-youtube wp-block-embed-youtube wp-embed-aspect-16-9 wp-has-aspect-ratio\"><div class=\"wp-block-embed__wrapper\">\n<iframe title=\"Cijena istine (FILM)\" width=\"788\" height=\"443\" src=\"https:\/\/www.youtube.com\/embed\/1X61FQt-EhQ?feature=oembed\" frameborder=\"0\" allow=\"accelerometer; autoplay; clipboard-write; encrypted-media; gyroscope; picture-in-picture; web-share\" allowfullscreen><\/iframe>\n<\/div><figcaption class=\"wp-element-caption\">Video: You Tube<\/figcaption><\/figure>\n\n\n\n<p>Ono \u0161to ova tri dokumentarca \u010dini zanimljivim je sinergija izme\u0111u medijski fokusiranih CSO, koje o\u010dito nastoje zagovarati va\u017ena dru\u0161tvena pitanja, i filmskih stvaralaca, \u010diji je primarni interes, naravno, filmska strana stvari.<\/p>\n\n\n\n<p>Pogledajte kratku video kompilaciju svih dokumentarnih filmova sa liste&nbsp;<a href=\"https:\/\/www.youtube.com\/watch?v=7bX8OK1T9T8\">ovdje<\/a>.&nbsp;<em>(UPOZORENJE: Sljede\u0107i video sadr\u017eaj bi nekome mogao biti uznemiruju\u0107i!)<\/em><\/p>\n\n\n\n<p><strong>ODGOVORNO\u00a0<\/strong>uloga medija i novinarstva u ratnohu\u0161ka\u010dkoj propagandi<\/p>\n\n\n\n<figure class=\"wp-block-embed is-type-video is-provider-youtube wp-block-embed-youtube wp-embed-aspect-16-9 wp-has-aspect-ratio\"><div class=\"wp-block-embed__wrapper\">\n<iframe title=\"THE RESPONSIBLE - ARHITEL\" width=\"788\" height=\"443\" src=\"https:\/\/www.youtube.com\/embed\/wWqWmR-zLsk?feature=oembed\" frameborder=\"0\" allow=\"accelerometer; autoplay; clipboard-write; encrypted-media; gyroscope; picture-in-picture; web-share\" allowfullscreen><\/iframe>\n<\/div><figcaption class=\"wp-element-caption\">Video: You Tube<\/figcaption><\/figure>\n\n\n\n<p><a href=\"https:\/\/www.arhitel.com\/\">Arhitel<\/a>produkcija iz Srbije je osnovana 1993. godine, i prvi put se istakla serijom \u201c<a href=\"https:\/\/www.youtube.com\/watch?v=pkvJuCK2Njo\">Slike<\/a>&nbsp;i rije\u010di mr\u017enje\u201d. Glavni cilj ove produkcije je borba protiv cenzure i zloupotrebe medija kada je u pitanju suo\u010davanje s pro\u0161lo\u0161\u0107u. Jednosatni film iz 2022.,&nbsp;<a href=\"https:\/\/www.youtube.com\/watch?v=GdudXfwdcuE\">\u201cOdgovorno\u201d,<\/a>&nbsp;autora Ivane Lali\u0107 i re\u017eije Gorana Kova\u010di\u0107a, prikazuje kako su mediji kori\u0161\u0107eni kao propagandno oru\u0111e u Srbiji devedesetih godina pro\u0161log vijeka. Sadr\u017ei intervjue s novinarima i arhivske snimke o medijima, urednicima i novinarima koji su tada bili dio ratnohu\u0161ka\u010dke ma\u0161inerije. \u201cOdgovorno\u201d je klasi\u010dni narativni, ekspozitorni TV dokumentarac koji nastoji da objasni probleme i obrazuje javnost, u ovom slu\u010daju o tome kako i za\u0161to medijski profesionalci zavr\u0161avaju kao propagandno oru\u0111e. Film koristi jednostavan, ali vjerovatno najefikasniji metod pri\u010danja ovakve pri\u010de, uz niz intervjua u krupnom kadru, koji pokre\u0107u naraciju. \u201cOdgovorno\u201d nas vodi od 1990-ih do danas, pokazuju\u0107i va\u017enost medija poslu\u0161nih nedemokratskim politi\u010dkim re\u017eimima i tjera nas da se zapitamo kako bi se stvari odvijale da su mediji nezavisni.<\/p>\n\n\n\n<p><strong>SILOM NA SEDMU \u2013 SLU\u010cAJ CRNA GORA<\/strong>&nbsp;\u201cUkratko \u2013 sumorna slika atmosfere u kojoj medijima nije dozvoljeno da rade slobodno i imaju mogu\u0107nost da budu korektiv vlasti i jedan od stubova demokratije.\u201d \u2013 citat naratora iz dokumentarca.<\/p>\n\n\n\n<figure class=\"wp-block-embed is-type-video is-provider-youtube wp-block-embed-youtube wp-embed-aspect-16-9 wp-has-aspect-ratio\"><div class=\"wp-block-embed__wrapper\">\n<iframe title=\",,\u041e\u043f\u0430\u0441\u043d\u0430 \u043c\u0440\u0435\u0436\u0430\u201c - \u0434\u043e\u043a\u0443\u043c\u0435\u043d\u0442\u0430\u0440\u0435\u0446 \u043d\u0430 \u041f\u0418\u041d\u0410 \u0437\u0430 \u043e\u043d\u043b\u0430\u0458\u043d \u0432\u043e\u0437\u043d\u0435\u043c\u0438\u0440\u0443\u0432\u0430\u045a\u0435\u0442\u043e \u0432\u0440\u0437 \u043d\u043e\u0432\u0438\u043d\u0430\u0440\u043a\u0438\u0442\u0435\" width=\"788\" height=\"443\" src=\"https:\/\/www.youtube.com\/embed\/aJwFcbq8moY?feature=oembed\" frameborder=\"0\" allow=\"accelerometer; autoplay; clipboard-write; encrypted-media; gyroscope; picture-in-picture; web-share\" allowfullscreen><\/iframe>\n<\/div><figcaption class=\"wp-element-caption\">Video: You Tube<\/figcaption><\/figure>\n\n\n\n<p>Dvanaestominutni dokumentarac&nbsp;<a href=\"https:\/\/www.youtube.com\/watch?v=aJwFcbq8moY\">Opasna mre\u017ea<\/a>&nbsp;iz Sjeverne Makedonije govori o onlajn napadima na novinarke. Zasnovan je na&nbsp;<a href=\"https:\/\/pina.mk\/6341-pina-over-81-of-103-female-journalists-surveyed-have-faced-online-harassment\/\">PINAinom istra\u017eivanju<\/a>(Platforma za istra\u017eiva\u010dko novinarstvo i analizu). Ovaj dokumentarac balansira izme\u0111u video reporta\u017ee, filma i propagandnog videa. Autori su koristili CGI (kompjuterski generisanu animaciju), intervjue i B-rolnu koja prati i otkriva djelove svakodnevnog \u017eivota u\u010desnika, doprinose\u0107i filmi\u010dnijem iskustvu.<\/p>\n\n\n\n<p><strong>UMJESTO ZAKLJU\u010cKA<\/strong><\/p>\n\n\n\n<p>Novinarstvo i dokumentarni film imaju mnogo toga zajedni\u010dkog. I jedno i drugo tra\u017ee pri\u010de vrijedne pri\u010danja, posebno one koje treba ispri\u010dati. Postoji rastu\u0107i trend da novinari i medijske ku\u0107e proizvode dokumentarne filmove kako bi ispri\u010dali pri\u010du. Novinarima je \u010desto te\u0161ko usvojiti pristup \u201epoka\u017ei ali ne pri\u010daj\u201c, tehniku filmske pri\u010de koja se prvenstveno oslanja na vizuelni sadr\u017eaj. Ono \u0161to mo\u017eda nedostaje u stvaranju dokumentarnog filma od strane novinara i medija u regionu su novi pristupi u njihovom vizuelnom pripovijedanju. To ne zna\u010di da nema mjesta za jednostavan narativni ekspozicijski film \u2013 ponekad je to ipak najbolji na\u010din da se ispri\u010da odre\u0111ena pri\u010da.<\/p>\n\n\n\n<p>Na\u010din na koji smo odabrali da ispri\u010damo pri\u010du ponekad je va\u017ean koliko i sama pri\u010da. Samo pogledajte film iz 2008\u00a0<a href=\"https:\/\/www.imdb.com\/title\/tt1185616\/\">\u201cWaltz with Bashir\u201d<\/a>\u00a0od Ari Formana. Ovo je animirani dokumentarac u kojem re\u017eiser intervjui\u0161e svoje kolege ratne veterane kako bi popunio praznine u sje\u0107anju na doga\u0111aje iz 1982. godine u Libanu. Pri\u010da bi bila nevjerovatna bez obzira na sve, ali na\u010din na koji je ispri\u010dana u\u010dinio ju je sjajnim filmom. Ako ste u isku\u0161enju da mislite da filmovima o novinarstvu ili novinarskim filmovima nedostaje drama, svakako pogledajte rumunski dokumentarac iz 2019.\u00a0<a href=\"https:\/\/www.imdb.com\/title\/tt10706602\/?ref_=adv_li_tt\">\u201cCollectiv<\/a>e\u201d od Aleksandra Nanaua. I \u010desto koriste nove pristupe snimanju filmova. Uzmite kameru ili pametni telefon i snimite ono \u0161to mislite da bi mogla biti dobra pri\u010da ispri\u010dana iz va\u0161e perspektive, a poduhvat bi mogao zavr\u0161iti kao prekrasan film, kao \u0161to je \u201cCameraperson\u201d Kirsten D\u017eonson, iz 2016., ili \u010dak nevjerovatan, kao film iz 2019.,<a href=\"https:\/\/www.imdb.com\/title\/tt9617456\/\">\u201cFor Sama\u201d\u00a0<\/a>od Uad Al-Kateaba.\u00a0\u00a0 Ono \u0161to poku\u0161avam da istaknem je da bih volio da vidim da mediji i novinari koriste, tamo gdje je to mogu\u0107e i primjereno, razigranije pristupe u svom dokumentarnom radu.<\/p>\n\n\n\n<figure class=\"wp-block-image size-full\"><img decoding=\"async\" width=\"183\" height=\"122\" src=\"https:\/\/citajizmedjuredova.me\/wp-content\/uploads\/2023\/05\/image-4.png\" alt=\"\" class=\"wp-image-3934\" srcset=\"https:\/\/citajizmedjuredova.me\/wp-content\/uploads\/2023\/05\/image-4.png 183w, https:\/\/citajizmedjuredova.me\/wp-content\/uploads\/2023\/05\/image-4-150x100.png 150w\" sizes=\"(max-width: 183px) 100vw, 183px\" \/><\/figure>\n\n\n\n<p>Projekat finansira EU<\/p>\n\n\n\n<p><em>Regionalni program&nbsp;<\/em>SNA\u017dNI<em>: Akciju civilnog dru\u0161tva za reafirmaciju slobode medija i suzbijanje dezinformacija i propagande mr\u017enje na Zapadnom Balkanu i Turskoj, uz finansijsku podr\u0161ku Evropske unije, sprovode partnerske organizacije&nbsp;<\/em><a href=\"https:\/\/www.seenpm.org\/\"><em>SEENPM<\/em><\/a><em>,&nbsp;<\/em><a href=\"http:\/\/www.institutemedia.org\/\"><em>Albanski<\/em><\/a><em>&nbsp;institut za medije<\/em><em>,&nbsp;<\/em><a href=\"http:\/\/www.media.ba\/\"><em>Mediacentar Sarajevo<\/em><\/a><em>,<\/em>&nbsp;<a href=\"https:\/\/kosovotwopointzero.com\/en\/\"><em>Kosovo 2.0<\/em><\/a><em>,&nbsp;<\/em><a href=\"https:\/\/www.mminstitute.org\/\"><em>Institut<\/em><\/a><em>&nbsp;za medije Crne Gore<\/em><em>,&nbsp;<\/em><a href=\"http:\/\/mim.org.mk\/en\/\"><em>Makedonski<\/em><\/a><em>&nbsp;institut za mediumi<\/em><em>,&nbsp;<\/em><a href=\"http:\/\/www.novinarska-skola.org.rs\/sr\/?lang=en\"><em>Novosadska<\/em><\/a><em>&nbsp;novinarska \u0161kola<\/em><em>,&nbsp;<\/em><a href=\"http:\/\/www.mirovni-institut.si\/en\/\"><em>Peace Institute<\/em><\/a><em>&nbsp;i&nbsp;<\/em><a href=\"http:\/\/bianet.org\/english\"><em>Bianet<\/em><\/a><em>.<\/em><\/p>\n\n\n\n<p><em>Ovaj \u010dlanak je nastao uz finansijsku podr\u0161ku Evropske unije. Njegov sadr\u017eaj je isklju\u010diva odgovornost SEENPM-a i ne odra\u017eava nu\u017eno stavove Evropske unije.<\/em><\/p>\n","protected":false},"excerpt":{"rendered":"<p>Pi\u0161e: Mirza Ajnad\u017ei\u0107 Teoreti\u010dar filma Bil Nikols pisao je o \u0161est tipova dokumentarnih filmova \u2013 poetski, ekspozitorni, refleksivni, opservacijski, performativni i participativni \u2013 svaki sa specifi\u010dnim karakteristikama. Radi se o na\u010dinu na koji pri\u010date svoju pri\u010du. Poetski dokumentarac govori uglavnom vizuelno, sa malo ili bez dijaloga i bez naracije. Drugim rije\u010dima, odgovornost je na direktoru<\/p>\n","protected":false},"author":1,"featured_media":3935,"comment_status":"open","ping_status":"open","sticky":false,"template":"","format":"standard","meta":{"footnotes":""},"categories":[59],"tags":[],"class_list":{"0":"post-3933","1":"post","2":"type-post","3":"status-publish","4":"format-standard","5":"has-post-thumbnail","7":"category-aktuelnosti"},"_links":{"self":[{"href":"https:\/\/citajizmedjuredova.me\/index.php?rest_route=\/wp\/v2\/posts\/3933","targetHints":{"allow":["GET"]}}],"collection":[{"href":"https:\/\/citajizmedjuredova.me\/index.php?rest_route=\/wp\/v2\/posts"}],"about":[{"href":"https:\/\/citajizmedjuredova.me\/index.php?rest_route=\/wp\/v2\/types\/post"}],"author":[{"embeddable":true,"href":"https:\/\/citajizmedjuredova.me\/index.php?rest_route=\/wp\/v2\/users\/1"}],"replies":[{"embeddable":true,"href":"https:\/\/citajizmedjuredova.me\/index.php?rest_route=%2Fwp%2Fv2%2Fcomments&post=3933"}],"version-history":[{"count":1,"href":"https:\/\/citajizmedjuredova.me\/index.php?rest_route=\/wp\/v2\/posts\/3933\/revisions"}],"predecessor-version":[{"id":3936,"href":"https:\/\/citajizmedjuredova.me\/index.php?rest_route=\/wp\/v2\/posts\/3933\/revisions\/3936"}],"wp:featuredmedia":[{"embeddable":true,"href":"https:\/\/citajizmedjuredova.me\/index.php?rest_route=\/wp\/v2\/media\/3935"}],"wp:attachment":[{"href":"https:\/\/citajizmedjuredova.me\/index.php?rest_route=%2Fwp%2Fv2%2Fmedia&parent=3933"}],"wp:term":[{"taxonomy":"category","embeddable":true,"href":"https:\/\/citajizmedjuredova.me\/index.php?rest_route=%2Fwp%2Fv2%2Fcategories&post=3933"},{"taxonomy":"post_tag","embeddable":true,"href":"https:\/\/citajizmedjuredova.me\/index.php?rest_route=%2Fwp%2Fv2%2Ftags&post=3933"}],"curies":[{"name":"wp","href":"https:\/\/api.w.org\/{rel}","templated":true}]}}