{"id":3944,"date":"2023-03-23T08:44:00","date_gmt":"2023-03-23T08:44:00","guid":{"rendered":"https:\/\/citajizmedjuredova.me\/?p=3944"},"modified":"2023-05-26T08:50:37","modified_gmt":"2023-05-26T08:50:37","slug":"projekat-jacanje-uloge-medija-u-suocavanju-sa-klimatskom-krizom","status":"publish","type":"post","link":"https:\/\/citajizmedjuredova.me\/?p=3944","title":{"rendered":"Projekat \u201cJa\u010danje uloge medija u suo\u010davanju sa klimatskom krizom\u201d"},"content":{"rendered":"\n<p>Projekat \u201cJa\u010danje uloge medija u suo\u010davanju sa klimatskom krizom\u201d pokrenut je sa ciljem da pobolj\u0161a informisanost gra\u0111ana i gra\u0111anki o klimatskim promenama u regionu Zapadnog Balkana. Naime, istra\u017eivanja su pokazala da ljudi u regionu nedovoljno znaju o klimatskim promenama, a novinari nemaju dovoljno znanja i ve\u0161tina da bi adekvatno izve\u0161tavali o ovom sve kriti\u010dnijem fenomenu.<\/p>\n\n\n\n<p>Ovakva situacija ozbiljno naru\u0161ava ulogu medija u suo\u010davanju sa klimatskom krizom, bilo kroz izve\u0161tavanje, nadgledanje ili kampanje za sistemati\u010dniji i sinhronizovaniji odgovor na izazove klimatskih promena. Novinarska zajednica u celini nedovoljno shvata obim i pretnju koju klimatske promene predstavljaju u regionu Zapadnog Balkana i hitnost u osiguravanju brzog, sinhronizovanog zajedni\u010dkog odgovora na regionalnom nivou. Novinari nedovoljno poznaju nauku o klimatskim promenama, a mnogi od me\u0111unarodnih dokumenata i rezolucija koje su zemlje regiona Zapadnog Balkana usvojile i obavezale se da \u0107e ih sprovoditi sadr\u017ee terminologiju koju novinari sami ne poznaju, a samim tim ne mogu ni da objasne gra\u0111anima njihovo zna\u010denje, va\u017enost i primenu u svakodnevnom \u017eivotu. Va\u017ene inicijative civilnog dru\u0161tva, aktivista i relevantnih vlasti su nedovoljno pokrivene u medijima, delom zbog nedostatka povezivanja klju\u010dnih aktera i medija.<\/p>\n\n\n\n<p>Cilj projekta je da se unapredi profesionalno izve\u0161tavanje medija o klimatskoj krizi u Bosni i Hercegovini, Severnoj Makedoniji, Crnoj Gori, Albaniji i Srbiji.<\/p>\n\n\n\n<p>Konkretni ciljevi su: 1) podizanje svesti i kapaciteta novinara i urednika u regionu Zapadnog Balkana o klimatskoj krizi, pretnjama koje ona predstavlja za odr\u017eivi razvoj u ciljnim zemljama i hitnosti sinhronizovanog odgovora na regionalnom nivou; 2) ja\u010danje veza izme\u0111u gra\u0111ana, organizacija civilnog dru\u0161tva aktivnih u zagovaranju pitanja klimatskih promena, stru\u010dnjaka i nau\u010dnika, dr\u017eavnih i regionalnih institucija sa ovla\u0161\u0107enjem\/mandatom da razvijaju i sprovode ekolo\u0161ke politike i novinara\/medija; 3) uklju\u010divanje novinara u izve\u0161tavanje o klimatskoj krizi zasnovano na \u010dinjenicama, na na\u010din da postavljaju pitanja, istra\u017euju i nadgledaju napore nacionalnih vlada.<\/p>\n\n\n\n<p>Projekat \u201cJa\u010danje uloge medija u suo\u010davanju sa klimatskom krizom\u201d sprovodi Novosadska novinarska \u0161kola uz podr\u0161ku partnerskih organizacija \u2013 Albanskog medijskog instituta, Fondacije Mediacentar, Instituta za medije Crne Gore i Makedonskog instituta za medije. Projekat \u0107e trajati od 1. januara 2023. do 30. juna 2024. godine.<\/p>\n\n\n\n<p>Aktivnosti se realizuje iz sredstava projekta SMART Balkans \u2013 Civilno dru\u0161tvo za povezan Zapadni Balkan koji realizuju Centar za promociju civilnog dru\u0161tva (CPCD) iz Bosne i Hercegovine, zajedno sa partnerskim organizacijama iz Albanije \u2013 Institut za demokratiju i medijaciju (IDM) i Severne Makedonije \u2013 Centar za istra\u017eivanje i kreiranje politike (CRPM) koji finansira Norve\u0161ko Ministarstvo spoljnih poslova.<\/p>\n","protected":false},"excerpt":{"rendered":"<p>Projekat \u201cJa\u010danje uloge medija u suo\u010davanju sa klimatskom krizom\u201d pokrenut je sa ciljem da pobolj\u0161a informisanost gra\u0111ana i gra\u0111anki o klimatskim promenama u regionu Zapadnog Balkana. Naime, istra\u017eivanja su pokazala da ljudi u regionu nedovoljno znaju o klimatskim promenama, a novinari nemaju dovoljno znanja i ve\u0161tina da bi adekvatno izve\u0161tavali o ovom sve kriti\u010dnijem fenomenu.<\/p>\n","protected":false},"author":1,"featured_media":3945,"comment_status":"open","ping_status":"open","sticky":false,"template":"","format":"standard","meta":{"footnotes":""},"categories":[59],"tags":[],"class_list":{"0":"post-3944","1":"post","2":"type-post","3":"status-publish","4":"format-standard","5":"has-post-thumbnail","7":"category-aktuelnosti"},"_links":{"self":[{"href":"https:\/\/citajizmedjuredova.me\/index.php?rest_route=\/wp\/v2\/posts\/3944","targetHints":{"allow":["GET"]}}],"collection":[{"href":"https:\/\/citajizmedjuredova.me\/index.php?rest_route=\/wp\/v2\/posts"}],"about":[{"href":"https:\/\/citajizmedjuredova.me\/index.php?rest_route=\/wp\/v2\/types\/post"}],"author":[{"embeddable":true,"href":"https:\/\/citajizmedjuredova.me\/index.php?rest_route=\/wp\/v2\/users\/1"}],"replies":[{"embeddable":true,"href":"https:\/\/citajizmedjuredova.me\/index.php?rest_route=%2Fwp%2Fv2%2Fcomments&post=3944"}],"version-history":[{"count":1,"href":"https:\/\/citajizmedjuredova.me\/index.php?rest_route=\/wp\/v2\/posts\/3944\/revisions"}],"predecessor-version":[{"id":3946,"href":"https:\/\/citajizmedjuredova.me\/index.php?rest_route=\/wp\/v2\/posts\/3944\/revisions\/3946"}],"wp:featuredmedia":[{"embeddable":true,"href":"https:\/\/citajizmedjuredova.me\/index.php?rest_route=\/wp\/v2\/media\/3945"}],"wp:attachment":[{"href":"https:\/\/citajizmedjuredova.me\/index.php?rest_route=%2Fwp%2Fv2%2Fmedia&parent=3944"}],"wp:term":[{"taxonomy":"category","embeddable":true,"href":"https:\/\/citajizmedjuredova.me\/index.php?rest_route=%2Fwp%2Fv2%2Fcategories&post=3944"},{"taxonomy":"post_tag","embeddable":true,"href":"https:\/\/citajizmedjuredova.me\/index.php?rest_route=%2Fwp%2Fv2%2Ftags&post=3944"}],"curies":[{"name":"wp","href":"https:\/\/api.w.org\/{rel}","templated":true}]}}