{"id":3947,"date":"2023-03-27T08:51:00","date_gmt":"2023-03-27T08:51:00","guid":{"rendered":"https:\/\/citajizmedjuredova.me\/?p=3947"},"modified":"2023-05-26T08:54:26","modified_gmt":"2023-05-26T08:54:26","slug":"institut-za-medije-crne-gore-objavio-prirucnik-za-nastavu-iz-predmeta-medijska-pismenost-u-osnovnim-skolama","status":"publish","type":"post","link":"https:\/\/citajizmedjuredova.me\/?p=3947","title":{"rendered":"Institut za medije Crne Gore objavio priru\u010dnik za nastavu iz predmeta Medijska pismenost u osnovnim \u0161kolama"},"content":{"rendered":"\n<p>Medijska pismenost za nastavnike i nastavnice u III ciklusu osnovno\u0161kolskog obrazovanja, je priru\u010dnik za nastavu iz predmeta Medijska pismenost koji \u0107e se naredne \u0161kolske godine izu\u010davatu u osnovnim \u0161kolama u Crnoj Gori.<\/p>\n\n\n\n<p>\u201cPriru\u010dnik koji je pred vama ima za cilj da ohrabri nastavnice\/nastavnike i u\u010denice\/u\u010denike da novi nastavni predmet Medijska pismenost prihvate kao prostor zajedni\u010dke odgovornosti, rada i zajedni\u010dkog razvoja\u201d , rije\u010d je autorke i autora ove publikacije, Svetlane Joveti\u0107 \u2013 Koprivice i Miroslava Mini\u0107a.<\/p>\n\n\n\n<p>Vjerujemo da \u0107e sadr\u017eaj namijenjen nastavnicima i nastavnicama iz raznih predmeta dovesti do toga da kroz godine koje dolaze dobijemo publiku koja odgovorno i kriti\u010dki promi\u0161lja o sadr\u017eajima kojima je izlo\u017eena, koja ne\u0107e imati ultimativni otpor ka medijima, ve\u0107 zdravu sumnju i zahtjev ka njima da budu bolji.<\/p>\n\n\n\n<p>Priru\u010dnik je dostupan&nbsp;<a href=\"https:\/\/www.mminstitute.org\/wp-content\/uploads\/2023\/04\/MIL-Guidelines-MMI-Montenegro-09-05-23-DEF.pdf\">na na\u0161em sajtu.<\/a><\/p>\n\n\n\n<p>Priru\u010dnik je izdao Institut za medije Crne Gore, uz podr\u0161ku Evropske unije i UNESCO-a.<\/p>\n","protected":false},"excerpt":{"rendered":"<p>Medijska pismenost za nastavnike i nastavnice u III ciklusu osnovno\u0161kolskog obrazovanja, je priru\u010dnik za nastavu iz predmeta Medijska pismenost koji \u0107e se naredne \u0161kolske godine izu\u010davatu u osnovnim \u0161kolama u Crnoj Gori. \u201cPriru\u010dnik koji je pred vama ima za cilj da ohrabri nastavnice\/nastavnike i u\u010denice\/u\u010denike da novi nastavni predmet Medijska pismenost prihvate kao prostor zajedni\u010dke<\/p>\n","protected":false},"author":1,"featured_media":3948,"comment_status":"open","ping_status":"open","sticky":false,"template":"","format":"standard","meta":{"footnotes":""},"categories":[59],"tags":[],"class_list":{"0":"post-3947","1":"post","2":"type-post","3":"status-publish","4":"format-standard","5":"has-post-thumbnail","7":"category-aktuelnosti"},"_links":{"self":[{"href":"https:\/\/citajizmedjuredova.me\/index.php?rest_route=\/wp\/v2\/posts\/3947","targetHints":{"allow":["GET"]}}],"collection":[{"href":"https:\/\/citajizmedjuredova.me\/index.php?rest_route=\/wp\/v2\/posts"}],"about":[{"href":"https:\/\/citajizmedjuredova.me\/index.php?rest_route=\/wp\/v2\/types\/post"}],"author":[{"embeddable":true,"href":"https:\/\/citajizmedjuredova.me\/index.php?rest_route=\/wp\/v2\/users\/1"}],"replies":[{"embeddable":true,"href":"https:\/\/citajizmedjuredova.me\/index.php?rest_route=%2Fwp%2Fv2%2Fcomments&post=3947"}],"version-history":[{"count":1,"href":"https:\/\/citajizmedjuredova.me\/index.php?rest_route=\/wp\/v2\/posts\/3947\/revisions"}],"predecessor-version":[{"id":3949,"href":"https:\/\/citajizmedjuredova.me\/index.php?rest_route=\/wp\/v2\/posts\/3947\/revisions\/3949"}],"wp:featuredmedia":[{"embeddable":true,"href":"https:\/\/citajizmedjuredova.me\/index.php?rest_route=\/wp\/v2\/media\/3948"}],"wp:attachment":[{"href":"https:\/\/citajizmedjuredova.me\/index.php?rest_route=%2Fwp%2Fv2%2Fmedia&parent=3947"}],"wp:term":[{"taxonomy":"category","embeddable":true,"href":"https:\/\/citajizmedjuredova.me\/index.php?rest_route=%2Fwp%2Fv2%2Fcategories&post=3947"},{"taxonomy":"post_tag","embeddable":true,"href":"https:\/\/citajizmedjuredova.me\/index.php?rest_route=%2Fwp%2Fv2%2Ftags&post=3947"}],"curies":[{"name":"wp","href":"https:\/\/api.w.org\/{rel}","templated":true}]}}