{"id":3950,"date":"2023-04-04T08:55:00","date_gmt":"2023-04-04T08:55:00","guid":{"rendered":"https:\/\/citajizmedjuredova.me\/?p=3950"},"modified":"2023-05-26T08:59:04","modified_gmt":"2023-05-26T08:59:04","slug":"poziv-na-panel-diskusiju-na-temu-ima-li-dijaloga-u-medijima-u-crnoj-gori-da-li-smo-odustali-od-principa-druge-strane","status":"publish","type":"post","link":"https:\/\/citajizmedjuredova.me\/?p=3950","title":{"rendered":"Poziv na panel diskusiju na temu \u201eIma li dijaloga u medijima u Crnoj Gori \u2013 da li smo odustali od principa \u2018druge strane\u2019?\u201c"},"content":{"rendered":"\n<p>Konstatacija da su mediji u Crnoj Gori polarizovani je odavno postala op\u0161te mjesto doma\u0107ih i me\u0111unarodnih izvje\u0161taja o stanju medijskih sloboda u Crnoj Gori. Me\u0111utim, \u010dini se da se sa porastom zna\u010daja dru\u0161tvenih mre\u017ea, ere post-istine i eho-grupa istomi\u0161ljenika stanje pogor\u0161ava. Vidljivo je da antagonizmi izme\u0111u razli\u010ditih grupa rastu, kao i njihovo me\u0111usobno ignorisanje, \u0161to za posledicu ima isklju\u010divost i nesposobnost da se sagleda druga\u010dija perspektiva \u0161to dovodi do porasta polarizacije u dru\u0161tvu, a u kona\u010dnom i do porasta agresivnosti u javnom diskursu i \u017eivotu van medija.<\/p>\n\n\n\n<p>Zbog svega navedenog, Institut za medije Crne Gore (IMCG) organizuje panel diskusiju \u201eIma li dijaloga u crnogorskim medijima \u2013 da li smo odustali od principa \u2018druge strane\u2019?\u201c.<\/p>\n\n\n\n<p><strong><u>Gdje:<\/u><\/strong>&nbsp;Hotel \u201eRamada\u201c, adresa: Bulevar Save Kova\u010devi\u0107a 74<\/p>\n\n\n\n<p><strong><u>Kada:<\/u><\/strong>&nbsp;\u010detvrtak, 06. april 2023. godine, sa po\u010detkom u 12h<\/p>\n\n\n\n<p>Pitanja o kojima \u0107emo razgovarati:<\/p>\n\n\n\n<ul class=\"wp-block-list\">\n<li>Da li mediji odustaju od svoje primarne uloge da su prostor susreta, razmjene, dijaloga razli\u010ditih mi\u0161ljenja?<\/li>\n\n\n\n<li>Kako je do\u0161lo do isklju\u010divosti u medijima i poricanja \u2018drugim stranama\u2019 prava na razli\u010dito mi\u0161ljenje?<\/li>\n\n\n\n<li>Da li propaganda preuzima dominaciju nad novinarstvom?<\/li>\n\n\n\n<li>Da li odustvom dijaloga i argumentivane rasprave u medijima, mediji&nbsp; doprinosi polarizaciji javnosti i \u201etjeraju\u201c ljude da se grupi\u0161u u grupe istomi\u0161ljenika?<\/li>\n\n\n\n<li>Kako da mediji ponovo postanu mjesto dijaloga i argumentovane rasprave?<\/li>\n<\/ul>\n\n\n\n<p>U\u010desnici diskusije su:<\/p>\n\n\n\n<ul class=\"wp-block-list\">\n<li><strong>Sonja Drobac<\/strong>, novinarka, direktorica TV E<\/li>\n\n\n\n<li><strong>Rajka Rai\u010devi\u0107<\/strong>, novinarka, programska direktorica Adria TV<\/li>\n\n\n\n<li><strong>Nenad Peji\u0107<\/strong>, novinar, osniva\u010d redakcije Radija Slobodna Evropa na ju\u017enoslovenskim jezicima<\/li>\n<\/ul>\n\n\n\n<p>Diskusiju \u0107e moderirati&nbsp;<strong>Vesna Rajkovi\u0107 Nenadi\u0107,<\/strong>&nbsp;novinarka, Institut za medije Crne Gore.<\/p>\n\n\n\n<p>Potvrdu o u\u010de\u0161\u0107u mo\u017eete poslati na mejl&nbsp;<a href=\"mailto:imcg@mminstitute.org\">imcg@mminstitute.org<\/a>&nbsp;.<\/p>\n\n\n\n<p>Planirano trajanje diskusije je dva \u010dasa, nakon \u010dega je predvi\u0111en ru\u010dak za u\u010desnike.<\/p>\n\n\n\n<p>Ova aktivnost dio je projekta&nbsp;<strong>,,<em>Resursni centar za organizacije civilnog dru\u00b1tva u Crnoj Gori-faza II\u201c<\/em>&nbsp;<\/strong>koji sprovodi Centar za razvoj nevladinih organizacija (CRNVO) u partnerstvu sa NVO Natura i Institutom za medije Crne Gore (IMCG). Op\u0161ti cilj ovog projekta je osna\u017eeno civilno dru\u0161tvo i mediji koji aktivno u\u010destvuju u dono\u0161enju odluka i doprinose ja\u010danju participativne demokratije u Crnoj Gori, dok je specifi\u010dni cilj pobolj\u0161anje kapaciteta NVO i medija da budu proaktivni, odgovorni i efikasni akteri i da doprinesu podsticajnom okru\u017eenju za njihovo djelovanje. Ovaj projekat finansira Evropska unija.&nbsp;<\/p>\n","protected":false},"excerpt":{"rendered":"<p>Konstatacija da su mediji u Crnoj Gori polarizovani je odavno postala op\u0161te mjesto doma\u0107ih i me\u0111unarodnih izvje\u0161taja o stanju medijskih sloboda u Crnoj Gori. Me\u0111utim, \u010dini se da se sa porastom zna\u010daja dru\u0161tvenih mre\u017ea, ere post-istine i eho-grupa istomi\u0161ljenika stanje pogor\u0161ava. Vidljivo je da antagonizmi izme\u0111u razli\u010ditih grupa rastu, kao i njihovo me\u0111usobno ignorisanje, \u0161to<\/p>\n","protected":false},"author":1,"featured_media":3951,"comment_status":"open","ping_status":"open","sticky":false,"template":"","format":"standard","meta":{"footnotes":""},"categories":[59],"tags":[],"class_list":{"0":"post-3950","1":"post","2":"type-post","3":"status-publish","4":"format-standard","5":"has-post-thumbnail","7":"category-aktuelnosti"},"_links":{"self":[{"href":"https:\/\/citajizmedjuredova.me\/index.php?rest_route=\/wp\/v2\/posts\/3950","targetHints":{"allow":["GET"]}}],"collection":[{"href":"https:\/\/citajizmedjuredova.me\/index.php?rest_route=\/wp\/v2\/posts"}],"about":[{"href":"https:\/\/citajizmedjuredova.me\/index.php?rest_route=\/wp\/v2\/types\/post"}],"author":[{"embeddable":true,"href":"https:\/\/citajizmedjuredova.me\/index.php?rest_route=\/wp\/v2\/users\/1"}],"replies":[{"embeddable":true,"href":"https:\/\/citajizmedjuredova.me\/index.php?rest_route=%2Fwp%2Fv2%2Fcomments&post=3950"}],"version-history":[{"count":1,"href":"https:\/\/citajizmedjuredova.me\/index.php?rest_route=\/wp\/v2\/posts\/3950\/revisions"}],"predecessor-version":[{"id":3952,"href":"https:\/\/citajizmedjuredova.me\/index.php?rest_route=\/wp\/v2\/posts\/3950\/revisions\/3952"}],"wp:featuredmedia":[{"embeddable":true,"href":"https:\/\/citajizmedjuredova.me\/index.php?rest_route=\/wp\/v2\/media\/3951"}],"wp:attachment":[{"href":"https:\/\/citajizmedjuredova.me\/index.php?rest_route=%2Fwp%2Fv2%2Fmedia&parent=3950"}],"wp:term":[{"taxonomy":"category","embeddable":true,"href":"https:\/\/citajizmedjuredova.me\/index.php?rest_route=%2Fwp%2Fv2%2Fcategories&post=3950"},{"taxonomy":"post_tag","embeddable":true,"href":"https:\/\/citajizmedjuredova.me\/index.php?rest_route=%2Fwp%2Fv2%2Ftags&post=3950"}],"curies":[{"name":"wp","href":"https:\/\/api.w.org\/{rel}","templated":true}]}}