{"id":3953,"date":"2023-04-06T08:59:00","date_gmt":"2023-04-06T08:59:00","guid":{"rendered":"https:\/\/citajizmedjuredova.me\/?p=3953"},"modified":"2023-05-26T09:00:57","modified_gmt":"2023-05-26T09:00:57","slug":"odustajanje-od-principa-druge-strane-kolektivna-nevinost","status":"publish","type":"post","link":"https:\/\/citajizmedjuredova.me\/?p=3953","title":{"rendered":"Odustajanje od principa \u2018druge strane\u2019-kolektivna nevinost"},"content":{"rendered":"\n<p>Mediji nijesu odustali od principa ,,druge strane\u201c, ali se suo\u010davaju sa brojnim izazovima koji ih sprije\u010davaju da prika\u017eu druga\u010dije mi\u0161ljenje, poru\u010deno je na panel diskusiji ,,Ima li dijaloga u medijima u Crnoj Gori \u2013 da li smo odustali od principa druge strane\u201c koju je organizovao Institut za medije Crne Gore.<\/p>\n\n\n\n<p>Novinar i osniva\u010d redakcije Radija Slobodna Evropa na ju\u017enoslovenskim jezicima, Nenad Peji\u0107 smatra da su mediji \u201enavikli\u201c \u010ditaoce i korisnike da ne tra\u017ee drugu stranu.<br><br>\u201cPosebno u vremenu sukoba ljudi ne tra\u017ee drugu stranu, ne \u017eele da saznaju istinu i \u010dinjenice ve\u0107 gledaju onaj mediji koji potvr\u0111uje mi\u0161ljenje \u010ditaoca \u201c, kazao je Peji\u0107 koji takvu pojavu naziva \u201ekolektivna nevinost\u201c.<\/p>\n\n\n\n<p>Svaka pri\u010da, smatra on, ne mora nu\u017eno imati drugu stranu, navode\u0107i pri\u010de o Holokaustu, o silovanju, klimatskim promjenama gdje su mi\u0161ljenja ,,druge strane\u201c neta\u010dne ili irelevantna. Sonja Drobac, novinarka i direktorica TV E, je ocijenila da pojava da mediji odustaju od principa \u201edruge strane\u201c nije nova i da mediji \u201epostaju propagandna alatka\u201c u nastojanjima politi\u010dara da ostvare uticaj.<\/p>\n\n\n\n<p>Ona je navela da u televizijskom radu pri\u010da mora imati najmanje dvije strane \u2013 stranu koja je odgovorna za neko de\u0161avanje i stranu na koju se to de\u0161avanje odnosi. \u201eTaj princip ,,druge strane\u201c je sidro koje ti daje snagu da ne leluja\u0161 ka propagandi\u201c, pojasnila je Drobac.<\/p>\n\n\n\n<p>Govore\u0107i o izazovima koji uti\u010du na profesionalni rad medija, Drobac je kazala da su kapaciteti crnogorskih medija \u201eminimalni\u201c, da je brzina postala va\u017enija od \u010dinjenica, te da \u010desto u izvje\u0161tajima i vijestima izostaje pozadina i \u0161iri kontekst.<br><br>Me\u0111utim, ona smatra da su ,,crnogorski mediji, sve do jednog, propagandne alatke u rukama raznih grupacija i izvora mo\u0107i\u201c.<\/p>\n\n\n\n<p>,,\u017dalosno je da se mediji s manje ili vi\u0161e uspjeha bore protiv te\u017enje razli\u010ditih centara mo\u0107i da ih pretvore u propagdande alatke. Ta domanacije ne po\u010dinje i ne zavr\u0161ava na granicama ove dr\u017eave\u201c, kazala je ona.<\/p>\n\n\n\n<p>Novinarka i programska direktorka Adria TV Rajka Rai\u010devi\u0107, smatra da su mediji \u201edoprinijeli\u201c jednostranosti i pristrasnosti, ali da nijesu \u201eoti\u0161li toliko daleko da ne tra\u017ee drugu stranu ve\u0107 da u nastojanju da je obezbijede ,, nailaze na zid\u201c. Navela je primjer televizije u kojoj ona radi, a u \u010dijim programu dio politi\u010dara odbija da gostuje.<\/p>\n\n\n\n<p>Ona je naglasila da je \u201eboljka\u201c medija to \u0161to nekada nemaju vremena, kadrovskih kapaciteta, a nekad i ne \u017eele da provjere informaciju i postave pitanja.<\/p>\n\n\n\n<p>Dugogodi\u0161nji novinar Nenad Peji\u0107 ukazao je da je propagnda danas \u201edruga\u010dija i agresivnija\u201c nego \u0161to je to bio ranije slu\u010daj , te da su mediji \u201edozvolili\u201c politi\u010darima da upravljaju pa\u017enjom. Govore\u0107i o tome da li novinar mora uvijek biti neutralan, Peji\u0107 navodi da postoje brojne situacije kada novinar mora imati svoj stav i ne smije biti neutralan.<\/p>\n\n\n\n<p>Komentari\u0161u\u0107i slu\u010daj iz izborne no\u0107i kada je novinarka TV Vijesti Danijela Lasica u izbornom \u0161tabu kandidata Demokratske partije socijalista (DPS) Mila \u0110ukanovi\u0107a, sprije\u010dena da postavi pitanje, Rai\u010devi\u0107 je ocijenila da je takav postupak bio neprimjeren. I Drobac je kazala da je neprimjereno sprije\u010diti novinarku da postavi pitanje, ali da nije dovoljno samo osuditi spre\u010davanje novinara da postavi pitanje, ve\u0107 da \u201estvaro treba staviti u kontekst kako je do\u0161lo do toga i otkud ta ljutnja.\u201c<\/p>\n\n\n\n<p>Sa njom se saglasio Peji\u0107, koji je ukazao da ,,ako se bilo koji od tih segmenata uzme, a drugi se pre\u0107utkuje, da dolazimo u situaciju da subjektivan stav o ne\u010demu ima ve\u0107u vrijednost i doma\u0161aj od \u010dinjenice\u201c.<\/p>\n\n\n\n<p>U\u010desnici panel diskusije osvrnuli su se i na trend u medijima da sadr\u017eaj uskla\u0111uju sa ukusima publike.<\/p>\n\n\n\n<p>,,Promovisanjem takvog sadr\u017eaja stvara se dru\u0161tvo neodgovornih ljudi koji ne zahtijevaju vi\u0161e znanja i kod kojih sve mo\u017ee da pro\u0111e, Iza toga stoji nauka upravljanja pa\u017enjom, zapravo pa\u017enjom glasa\u010da\u201c, pojasnio je Peji\u0107.<\/p>\n\n\n\n<p>Rai\u010devi\u0107 i Drobac pomenule su i da takav sadr\u017eaj pove\u0107ava gledanost medija i interes ogla\u0161iva\u010da, \u0161to u krajnjem uti\u010de na finansijsku odr\u017eivost medija.<\/p>\n\n\n\n<p><br>Na panelu je u\u010destvovalo oko 30 novinara, studenata novinarstva, predava\u010da na fakultetima za medije i novinarstvo, civilnih aktivista i predstavnika Direktorara za medije.<\/p>\n\n\n\n<p><br>Panel diskusija organizovana je u okviru projekta ,,Resursni centar za organizacije civilnog dru\u0161tva u Crnoj Gori \u2013 faza II\u201c koju sprovodi Centar za razvoj nevladinih organizacija (CRNVO) u partnerstvu sa NVO Natura i Institutom za medije Crne Gore, a finansira ga Evropska unija.<\/p>\n","protected":false},"excerpt":{"rendered":"<p>Mediji nijesu odustali od principa ,,druge strane\u201c, ali se suo\u010davaju sa brojnim izazovima koji ih sprije\u010davaju da prika\u017eu druga\u010dije mi\u0161ljenje, poru\u010deno je na panel diskusiji ,,Ima li dijaloga u medijima u Crnoj Gori \u2013 da li smo odustali od principa druge strane\u201c koju je organizovao Institut za medije Crne Gore. Novinar i osniva\u010d redakcije Radija<\/p>\n","protected":false},"author":1,"featured_media":3954,"comment_status":"open","ping_status":"open","sticky":false,"template":"","format":"standard","meta":{"footnotes":""},"categories":[59],"tags":[],"class_list":{"0":"post-3953","1":"post","2":"type-post","3":"status-publish","4":"format-standard","5":"has-post-thumbnail","7":"category-aktuelnosti"},"_links":{"self":[{"href":"https:\/\/citajizmedjuredova.me\/index.php?rest_route=\/wp\/v2\/posts\/3953","targetHints":{"allow":["GET"]}}],"collection":[{"href":"https:\/\/citajizmedjuredova.me\/index.php?rest_route=\/wp\/v2\/posts"}],"about":[{"href":"https:\/\/citajizmedjuredova.me\/index.php?rest_route=\/wp\/v2\/types\/post"}],"author":[{"embeddable":true,"href":"https:\/\/citajizmedjuredova.me\/index.php?rest_route=\/wp\/v2\/users\/1"}],"replies":[{"embeddable":true,"href":"https:\/\/citajizmedjuredova.me\/index.php?rest_route=%2Fwp%2Fv2%2Fcomments&post=3953"}],"version-history":[{"count":1,"href":"https:\/\/citajizmedjuredova.me\/index.php?rest_route=\/wp\/v2\/posts\/3953\/revisions"}],"predecessor-version":[{"id":3955,"href":"https:\/\/citajizmedjuredova.me\/index.php?rest_route=\/wp\/v2\/posts\/3953\/revisions\/3955"}],"wp:featuredmedia":[{"embeddable":true,"href":"https:\/\/citajizmedjuredova.me\/index.php?rest_route=\/wp\/v2\/media\/3954"}],"wp:attachment":[{"href":"https:\/\/citajizmedjuredova.me\/index.php?rest_route=%2Fwp%2Fv2%2Fmedia&parent=3953"}],"wp:term":[{"taxonomy":"category","embeddable":true,"href":"https:\/\/citajizmedjuredova.me\/index.php?rest_route=%2Fwp%2Fv2%2Fcategories&post=3953"},{"taxonomy":"post_tag","embeddable":true,"href":"https:\/\/citajizmedjuredova.me\/index.php?rest_route=%2Fwp%2Fv2%2Ftags&post=3953"}],"curies":[{"name":"wp","href":"https:\/\/api.w.org\/{rel}","templated":true}]}}