{"id":3960,"date":"2023-04-11T10:49:00","date_gmt":"2023-04-11T10:49:00","guid":{"rendered":"https:\/\/citajizmedjuredova.me\/?p=3960"},"modified":"2023-05-26T10:52:14","modified_gmt":"2023-05-26T10:52:14","slug":"nasi-mediji-inicijativa-za-unapredenje-medijske-pismenosti-dijalog-i-aktivizam-2023-2026","status":"publish","type":"post","link":"https:\/\/citajizmedjuredova.me\/?p=3960","title":{"rendered":"Na\u0161i mediji: Inicijativa za unapre\u0111enje medijske pismenosti, dijalog i aktivizam (2023-2026)"},"content":{"rendered":"\n<p>Institut za medije Crne Gore, u saradnji sa partnerima Mre\u017eom za&nbsp;profesionalizaciju medija Jugoisto\u010dne Evrope (SEENPM) i njenim \u010dlanicama Mediacentar Sarajevo, Albanski medijski institut, Vije\u0107e za \u0161tampu Kosova, Makedonski institut za medije, Novosadska novinarska \u0161kola, Mirovni institut i Bianet pokre\u0107e trogodi\u0161nji projekat ,,Na\u0161i mediji: Inicijativa za unapre\u0111enje medijske pismenosti, dijalog i aktivizam\u201d.<\/p>\n\n\n\n<p>Projekat finansira Evropska unija.<\/p>\n\n\n\n<p>Primarni fokus ovog projekta je ja\u010danje kapaciteta organizacija civilnog dru\u0161tva, medijskih profesionalaca, mladih aktivista i gra\u0111ana kako bi unaprijedili svoje razumijevanje trendova i izazova vezanih za slobodu medija i medijski integritet, kao i razvoj i odr\u017eivost medija na Zapadnom Balkanu i Turskoj.<\/p>\n\n\n\n<p>Projekat otvara istra\u017eiva\u010dke aktivnosti koje \u0107e nastojati da identifikuju glavne trendove, rizike i mogu\u0107nosti za odr\u017eivost medija u regionu, te mapiraju dobre prakse u medijskom aktivizmu kao podr\u0161ku slobodi medija i medijskoj i informacionoj pismenosti (MIL). Rezultati istra\u017eivanja \u0107e se koristiti za ja\u010danje kapaciteta medijskih OCD i drugih zainteresovanih strana za suo\u010davanje sa izazovima u medijskom sektoru.<\/p>\n\n\n\n<p>Profesionalni kapaciteti novinara, medija i medijskih institucija \u0107e se rje\u0161avati kroz planirano zagovaranje i anga\u017eman u nacionalnim koalicijama za medijsku pismenost. Kroz medijski aktivizam, lokalni i nacionalni mediji i drugi akteri \u0107e biti izazvani da se pozabave rodnim nejednakostima u medijima. Mladi lideri \u0107e biti osna\u017eeni da izazovu \u0161tetne politike i prakse, da se bore protiv diskriminacije i rodnih stereotipa i da promovi\u0161u rodnu ravnopravnost kroz svoj budu\u0107i rad. Kroz finansijsku podr\u0161ku organizacijama civilnog dru\u0161tva u urbanim i ruralnim sredinama, projekat \u0107e doprijeti do lokalnih zajednica u cilju unapre\u0111enja medijske pismenosti gra\u0111ana, promovisanju slobode i integriteta medija i suprotstavljanja polarizaciji koja proizlazi iz propagande, govora mr\u017enje i dezinformacija.<\/p>\n\n\n\n<p><strong>Projekat u brojevima<\/strong><\/p>\n\n\n\n<ul class=\"wp-block-list\">\n<li>200 predstavnika organizacija civilnog dru\u0161tva \u0107e biti direktno ovla\u0161\u0107eno da kreiraju efikasne prakse medijske pismenosti, a najmanje 18 organizacija civilnog dru\u0161tva u urbanim i ruralnim podru\u010djima u \u0161est zemalja bi\u0107e podr\u017eano da rade na lokalnom nivou i kreiraju akcije u ovoj oblasti.<\/li>\n\n\n\n<li>70 medijskih profesionalaca i predstavnika samoregulatornih tijela nau\u010dit \u0107e o stanju samoregulacije u svojim zemljama i regionu Zapadnog Balkana, te kako unaprijediti eti\u010dke kodekse i standarde\/prakse samoregulacije.<\/li>\n\n\n\n<li>15.000 mladih ljudi \u0107e u\u010destvovati i u\u010diti kroz interaktivne kvizove medijske pismenosti; najmanje 500 \u0107e biti osna\u017eeno u akcijama nacionalne koalicije za medijsku pismenost.<\/li>\n\n\n\n<li>21 mladi (aktivisti, omladinski radnici, edukatori, novinari, mladi politi\u010dari) \u0107e unaprijediti kompetencije za medijsku pismenost i aktivizam, uklju\u010duju\u0107i teme poput slobode i integriteta medija, politi\u010dke ekonomije medija, medijske ekologije, digitalne participacije.<\/li>\n<\/ul>\n\n\n\n<figure class=\"wp-block-image size-full\"><img decoding=\"async\" width=\"183\" height=\"122\" src=\"https:\/\/citajizmedjuredova.me\/wp-content\/uploads\/2023\/05\/image-1-1.png\" alt=\"\" class=\"wp-image-3961\" srcset=\"https:\/\/citajizmedjuredova.me\/wp-content\/uploads\/2023\/05\/image-1-1.png 183w, https:\/\/citajizmedjuredova.me\/wp-content\/uploads\/2023\/05\/image-1-1-150x100.png 150w\" sizes=\"(max-width: 183px) 100vw, 183px\" \/><\/figure>\n\n\n\n<p><strong>Finansira Evropska unija<\/strong><\/p>\n\n\n\n<p><strong>Regionalni projekat Na\u0161i mediji: Inicijativa za unapre\u0111enje medijske pismenosti, dijalog i aktivizam sprovode, uz finansijsku podr\u017eu Evropske unije, partnerske organizacije SEENPM, Albanski medijski institut, Vije\u0107e za \u0161tampu Kosova, Makedonski institut za medije, Novosadska novinarska \u0161kola, Mirovni institut i Bianet. Ovaj \u010dlanak je nastao uz finansijsku podr\u0161ku Evropske unije. Sadr\u017eaj je isklju\u010diva odgovornost SEENPM-a i ne odra\u017eava nu\u017eno stavove Evropske unije.<\/strong><\/p>\n","protected":false},"excerpt":{"rendered":"<p>Institut za medije Crne Gore, u saradnji sa partnerima Mre\u017eom za&nbsp;profesionalizaciju medija Jugoisto\u010dne Evrope (SEENPM) i njenim \u010dlanicama Mediacentar Sarajevo, Albanski medijski institut, Vije\u0107e za \u0161tampu Kosova, Makedonski institut za medije, Novosadska novinarska \u0161kola, Mirovni institut i Bianet pokre\u0107e trogodi\u0161nji projekat ,,Na\u0161i mediji: Inicijativa za unapre\u0111enje medijske pismenosti, dijalog i aktivizam\u201d. Projekat finansira Evropska unija.<\/p>\n","protected":false},"author":1,"featured_media":3962,"comment_status":"open","ping_status":"open","sticky":false,"template":"","format":"standard","meta":{"footnotes":""},"categories":[59],"tags":[],"class_list":{"0":"post-3960","1":"post","2":"type-post","3":"status-publish","4":"format-standard","5":"has-post-thumbnail","7":"category-aktuelnosti"},"_links":{"self":[{"href":"https:\/\/citajizmedjuredova.me\/index.php?rest_route=\/wp\/v2\/posts\/3960","targetHints":{"allow":["GET"]}}],"collection":[{"href":"https:\/\/citajizmedjuredova.me\/index.php?rest_route=\/wp\/v2\/posts"}],"about":[{"href":"https:\/\/citajizmedjuredova.me\/index.php?rest_route=\/wp\/v2\/types\/post"}],"author":[{"embeddable":true,"href":"https:\/\/citajizmedjuredova.me\/index.php?rest_route=\/wp\/v2\/users\/1"}],"replies":[{"embeddable":true,"href":"https:\/\/citajizmedjuredova.me\/index.php?rest_route=%2Fwp%2Fv2%2Fcomments&post=3960"}],"version-history":[{"count":1,"href":"https:\/\/citajizmedjuredova.me\/index.php?rest_route=\/wp\/v2\/posts\/3960\/revisions"}],"predecessor-version":[{"id":3963,"href":"https:\/\/citajizmedjuredova.me\/index.php?rest_route=\/wp\/v2\/posts\/3960\/revisions\/3963"}],"wp:featuredmedia":[{"embeddable":true,"href":"https:\/\/citajizmedjuredova.me\/index.php?rest_route=\/wp\/v2\/media\/3962"}],"wp:attachment":[{"href":"https:\/\/citajizmedjuredova.me\/index.php?rest_route=%2Fwp%2Fv2%2Fmedia&parent=3960"}],"wp:term":[{"taxonomy":"category","embeddable":true,"href":"https:\/\/citajizmedjuredova.me\/index.php?rest_route=%2Fwp%2Fv2%2Fcategories&post=3960"},{"taxonomy":"post_tag","embeddable":true,"href":"https:\/\/citajizmedjuredova.me\/index.php?rest_route=%2Fwp%2Fv2%2Ftags&post=3960"}],"curies":[{"name":"wp","href":"https:\/\/api.w.org\/{rel}","templated":true}]}}