{"id":3968,"date":"2023-04-20T10:55:00","date_gmt":"2023-04-20T10:55:00","guid":{"rendered":"https:\/\/citajizmedjuredova.me\/?p=3968"},"modified":"2023-05-26T10:57:10","modified_gmt":"2023-05-26T10:57:10","slug":"panel-diskusija-moderacija-komentara-na-mrezama-i-izazovi-za-medije","status":"publish","type":"post","link":"https:\/\/citajizmedjuredova.me\/?p=3968","title":{"rendered":"Panel diskusija: Moderacija komentara na mre\u017eama i izazovi za medije"},"content":{"rendered":"\n<p>Institut za medije Crne Gore i Mediacentar Sarajevo, uz podr\u0161ku Share fondacije, u \u010detvrtak,&nbsp;<strong>27. aprila 2023. u 11:00 sati&nbsp;<\/strong>organiziraju online panel diskusiju o moderaciji komentara na dru\u0161tvenim mre\u017eama. Cilj diskusije jeste podstaknuti raspravu o potrebama medija za bolju moderaciju komentara na dru\u0161tvenim mre\u017eama te pripremiti smjernice za medijske redakcije za bolju i efikasniju moderaciju komentara.<\/p>\n\n\n\n<p>Mediji na Zapadnom Balkanu se suo\u010davaju sa brojim izazovima pri moderaciji komentara na dru\u0161tvenim mre\u017eama i ve\u0107ina nema kapacitete i smjernice za pra\u0107enje i moderaciju problemati\u010dnog sadr\u017eaja. Mnogi se suo\u010davaju i sa neadekvatnim mehanizmima uklanjanja sadr\u017eaja na mre\u017eama, a neki i sa smanjenim dosegom.<\/p>\n\n\n\n<p>Jedna od preporuka iz istra\u017eivanja Instituta za medije Crne Gore i Mediacentra Sarajevo jeste da su medijima potrebne smjernica za moderaciju komentara ali i uputstva \u010ditaocima kako da se konstruktivnije uklju\u010de u raspravu na dru\u0161tvenim mre\u017eama. Prije doga\u0111aja u\u010desnicima \u0107e se dostaviti&nbsp;<a href=\"https:\/\/media.ba\/bs\/magazin-novinarstvo\/moderiranje-komentara-na-nalozima-medija-na-drustvenim-mrezama-u-bih-i-crnoj\">\u010dlanak o praksama i mehanizmima uklanjanja komentara&nbsp;<\/a>u Crnoj Gori i BiH, te nacrt smjernica za bolje moderiranje komentara na mre\u017eama, kao i nacrt preporuka za \u010ditaoce.<\/p>\n\n\n\n<p>Ukoliko \u017eelite da prisustvujete panelu i uklju\u010dite se u diskusiju, mo\u017eete se prijaviti na sljede\u0107em<a href=\"https:\/\/us02web.zoom.us\/webinar\/register\/WN_MRXnfQ8UTfm8FWBxMJ-OKQ\">&nbsp;linku<\/a>. &nbsp;<\/p>\n\n\n\n<p><strong>Agenda:<\/strong><\/p>\n\n\n\n<p>11:00 \u2013 11:10 Uvod<\/p>\n\n\n\n<p>11:10 \u2013 12:00 Panel diskusija<\/p>\n\n\n\n<p>Meliha Ke\u0161mer, Radio Slobodna Evropa<\/p>\n\n\n\n<p>Branko \u010cupi\u0107, moderator, portal Vijesti online, Crna Gora<\/p>\n\n\n\n<p>Dalio Sijah, urednik, portal&nbsp;Istinomjer<\/p>\n\n\n\n<p>Anida Sokol, istra\u017eiva\u010dica, Mediacentar Sarajevo<\/p>\n\n\n\n<p>Moderira: Milica Bogdanovi\u0107, Institut za medije Crna Gora<\/p>\n\n\n\n<p>12:00 \u2013 12:30<\/p>\n\n\n\n<p>Diskusija sa u\u010desnicima<\/p>\n","protected":false},"excerpt":{"rendered":"<p>Institut za medije Crne Gore i Mediacentar Sarajevo, uz podr\u0161ku Share fondacije, u \u010detvrtak,&nbsp;27. aprila 2023. u 11:00 sati&nbsp;organiziraju online panel diskusiju o moderaciji komentara na dru\u0161tvenim mre\u017eama. Cilj diskusije jeste podstaknuti raspravu o potrebama medija za bolju moderaciju komentara na dru\u0161tvenim mre\u017eama te pripremiti smjernice za medijske redakcije za bolju i efikasniju moderaciju komentara.<\/p>\n","protected":false},"author":1,"featured_media":3969,"comment_status":"open","ping_status":"open","sticky":false,"template":"","format":"standard","meta":{"footnotes":""},"categories":[59],"tags":[],"class_list":{"0":"post-3968","1":"post","2":"type-post","3":"status-publish","4":"format-standard","5":"has-post-thumbnail","7":"category-aktuelnosti"},"_links":{"self":[{"href":"https:\/\/citajizmedjuredova.me\/index.php?rest_route=\/wp\/v2\/posts\/3968","targetHints":{"allow":["GET"]}}],"collection":[{"href":"https:\/\/citajizmedjuredova.me\/index.php?rest_route=\/wp\/v2\/posts"}],"about":[{"href":"https:\/\/citajizmedjuredova.me\/index.php?rest_route=\/wp\/v2\/types\/post"}],"author":[{"embeddable":true,"href":"https:\/\/citajizmedjuredova.me\/index.php?rest_route=\/wp\/v2\/users\/1"}],"replies":[{"embeddable":true,"href":"https:\/\/citajizmedjuredova.me\/index.php?rest_route=%2Fwp%2Fv2%2Fcomments&post=3968"}],"version-history":[{"count":1,"href":"https:\/\/citajizmedjuredova.me\/index.php?rest_route=\/wp\/v2\/posts\/3968\/revisions"}],"predecessor-version":[{"id":3970,"href":"https:\/\/citajizmedjuredova.me\/index.php?rest_route=\/wp\/v2\/posts\/3968\/revisions\/3970"}],"wp:featuredmedia":[{"embeddable":true,"href":"https:\/\/citajizmedjuredova.me\/index.php?rest_route=\/wp\/v2\/media\/3969"}],"wp:attachment":[{"href":"https:\/\/citajizmedjuredova.me\/index.php?rest_route=%2Fwp%2Fv2%2Fmedia&parent=3968"}],"wp:term":[{"taxonomy":"category","embeddable":true,"href":"https:\/\/citajizmedjuredova.me\/index.php?rest_route=%2Fwp%2Fv2%2Fcategories&post=3968"},{"taxonomy":"post_tag","embeddable":true,"href":"https:\/\/citajizmedjuredova.me\/index.php?rest_route=%2Fwp%2Fv2%2Ftags&post=3968"}],"curies":[{"name":"wp","href":"https:\/\/api.w.org\/{rel}","templated":true}]}}