{"id":3977,"date":"2023-05-02T11:01:06","date_gmt":"2023-05-02T11:01:06","guid":{"rendered":"https:\/\/citajizmedjuredova.me\/?p=3977"},"modified":"2023-05-26T11:02:31","modified_gmt":"2023-05-26T11:02:31","slug":"drzava-da-kvalitetnim-medijskim-politikama-i-zakonima-te-njihovom-dosljednom-primjenom-zastiti-medijski-sektor-u-crnoj-gori","status":"publish","type":"post","link":"https:\/\/citajizmedjuredova.me\/?p=3977","title":{"rendered":"Dr\u017eava da kvalitetnim medijskim politikama i zakonima, te njihovom dosljednom primjenom za\u0161titi medijski sektor u Crnoj Gori"},"content":{"rendered":"\n<p>Mediji u Crnoj Gori i ovaj Dan slobode medija do\u010dekuju sa problemima opstanka u sve slo\u017eenijem medijskom i politi\u010dkom okru\u017eenju, izlo\u017eeni pritiscima razli\u010ditih centara mo\u0107i, neprimjerenim uticajem sa strane, nepovoljnim socio-ekonomskim polo\u017eajem medijskih radnika\/ca, \u0161to sve ugro\u017eava profesionalnih integritet i rezultira padom profesionalnih standarda.<\/p>\n\n\n\n<p>Svjetski dan slobode medija, 3. maj, je prilika da podsjetimo vlasti na obaveze preuzete prema slobodi medija, medijsku zajednicu na odgovornost koju svi zajedno imamo u o\u010divanju povjerenja u medije, ali i da odamo priznanje i po\u010dast svim na\u0161im kolegama i koleginicama koji, uprkos svemu, istrajavaju u o\u010duvanju novinarske etike.<\/p>\n\n\n\n<p>Dr\u017eava je pokazala volju da reguli\u0161e nagomilane probleme u medijskom sektoru, kroz medijsku strategiju i promjenu zakona. No ni poslije 18 mjeseci rada na tim dokumentima nije izvjesno kada \u0107e oni biti usvojeni. Ako i kada se suvoje, praksa \u0107e pokazat da li su ovim dokumentima adresirani klju\u010dni problemi medijskog sektora u Crnoj Gori, poput odr\u017eivosti medija, koncetracije vlasni\u0161tva I transparetsnoti medija, nelojalne konkurencije, uticaja sa strane, dobrog upravljnja medijima, bezbjednosti i socio-ekonomskog statusa novinara\/ki. To je svakako predmet nekih budu\u0107ih analiza.<\/p>\n\n\n\n<p>Pobolj\u0161anja ima u samoj \u010dinjenici da se dr\u017eava odlu\u010dila da po prvi put kroz medijsku startegiju mapira probleme i ponudi rje\u0161enja. Nacrti zakona poku\u0161avaju da stanu na put neregistrovanim portalima kroz zabranu reklamiranja dr\u017eavnih preduze\u0107a na takvim platformama, a briga za odr\u017eivost medija se vidi kroz spremnist za pove\u0107anje iznosa novca namijenjenog Fondu za medijski pluralizam. Politi\u010dki uticaj na ure\u0111iva\u010dku nezavisnost i upravlja\u010dke strukture Javnog servisa Radio Televizije Crne Gore poku\u0161ava se rije\u0161iti kroz ja\u010danje nezavisnosti tih struktura od neprimjerenog politi\u010dkog uticaja.<\/p>\n\n\n\n<p>Problem i dalje ostaju neregistrovani portali, nelojalna konkurencija, neprimjeren uticaj medija sa strane. \u010cinjenicom da je samo jedan medij s nacionalnom pokriveno\u0161\u0107u u doma\u0107em vlasni\u0161tvu, Crnu Goru svrstava u red rijetkih zemalja sa takvom strukturom emitera. Takav pristup mo\u017ee se tuma\u010diti kao politi\u010dka nespremnost da se za\u0161titi medijski sistem dr\u017eave od prekomjernog uticaja.<\/p>\n\n\n\n<p>Ostaje za brigu broj napada na novinara i hipoteka nerasvijtljenih napada i ubistva novinara iz prethodnog perioda. Pored toga svjedoci smo neprimjerenog uticaja i targetiranja medija od strane politi\u010dara, \u0161to govori o nastojanju politi\u010dara i drugih centara mo\u0107i da ih stave pod kontrolu i pretvore &nbsp;u propagandnu alatku za proizvodnju neprijatelja i podjela.<\/p>\n\n\n\n<p>Brine lo\u0161 socio ekonomski polo\u017eaj i \u010dinjenica da zna\u010dajan broj novinara I novinarki radi za platu ispod dr\u017eavnog prosjeka, da nemaju kvalitetne ugovore o radu, niti adekvatne benificije za stresan i odgovoran posao kakav je novinarstvo. Redakcije rade sa minimumom kapaciteta, a da novinarstvo odavno nije atraktivna profesija, svjedo\u010di sve manji interes mladih da ostanu u medijima.<\/p>\n\n\n\n<p>Sve ve\u0107a izlo\u017eenost gra\u0111ana medijima, posebno mladih, zahtijeva ja\u010danje medijske pismenosti svih gra\u0111ana, \u0161to od dr\u017eave tra\u017ei vi\u0161e pa\u017enje za ovu temu, kako bi se gra\u0111ani osna\u017eili da budu otporni na propagndu, manipulacije, dezinformacije i govor mr\u017enje.<\/p>\n\n\n\n<p>Odajemo po\u0161tovanje svim na\u0161im kolegama i koleginicama, koji uprkos svemu, ostaju doslednji profesionalnoj etici. Dr\u017eavu pozivamo da kvalitetnim medijskim politikama, zakonima, te njihovom dosljednom primjenom, pomogne odr\u017eivosti medija, bez favorizovanja i neprimjerenog uticaja na njihov rad.<\/p>\n","protected":false},"excerpt":{"rendered":"<p>Mediji u Crnoj Gori i ovaj Dan slobode medija do\u010dekuju sa problemima opstanka u sve slo\u017eenijem medijskom i politi\u010dkom okru\u017eenju, izlo\u017eeni pritiscima razli\u010ditih centara mo\u0107i, neprimjerenim uticajem sa strane, nepovoljnim socio-ekonomskim polo\u017eajem medijskih radnika\/ca, \u0161to sve ugro\u017eava profesionalnih integritet i rezultira padom profesionalnih standarda. Svjetski dan slobode medija, 3. maj, je prilika da podsjetimo vlasti<\/p>\n","protected":false},"author":1,"featured_media":3909,"comment_status":"open","ping_status":"open","sticky":false,"template":"","format":"standard","meta":{"footnotes":""},"categories":[59],"tags":[],"class_list":{"0":"post-3977","1":"post","2":"type-post","3":"status-publish","4":"format-standard","5":"has-post-thumbnail","7":"category-aktuelnosti"},"_links":{"self":[{"href":"https:\/\/citajizmedjuredova.me\/index.php?rest_route=\/wp\/v2\/posts\/3977","targetHints":{"allow":["GET"]}}],"collection":[{"href":"https:\/\/citajizmedjuredova.me\/index.php?rest_route=\/wp\/v2\/posts"}],"about":[{"href":"https:\/\/citajizmedjuredova.me\/index.php?rest_route=\/wp\/v2\/types\/post"}],"author":[{"embeddable":true,"href":"https:\/\/citajizmedjuredova.me\/index.php?rest_route=\/wp\/v2\/users\/1"}],"replies":[{"embeddable":true,"href":"https:\/\/citajizmedjuredova.me\/index.php?rest_route=%2Fwp%2Fv2%2Fcomments&post=3977"}],"version-history":[{"count":1,"href":"https:\/\/citajizmedjuredova.me\/index.php?rest_route=\/wp\/v2\/posts\/3977\/revisions"}],"predecessor-version":[{"id":3980,"href":"https:\/\/citajizmedjuredova.me\/index.php?rest_route=\/wp\/v2\/posts\/3977\/revisions\/3980"}],"wp:featuredmedia":[{"embeddable":true,"href":"https:\/\/citajizmedjuredova.me\/index.php?rest_route=\/wp\/v2\/media\/3909"}],"wp:attachment":[{"href":"https:\/\/citajizmedjuredova.me\/index.php?rest_route=%2Fwp%2Fv2%2Fmedia&parent=3977"}],"wp:term":[{"taxonomy":"category","embeddable":true,"href":"https:\/\/citajizmedjuredova.me\/index.php?rest_route=%2Fwp%2Fv2%2Fcategories&post=3977"},{"taxonomy":"post_tag","embeddable":true,"href":"https:\/\/citajizmedjuredova.me\/index.php?rest_route=%2Fwp%2Fv2%2Ftags&post=3977"}],"curies":[{"name":"wp","href":"https:\/\/api.w.org\/{rel}","templated":true}]}}