{"id":3982,"date":"2023-05-04T11:04:29","date_gmt":"2023-05-04T11:04:29","guid":{"rendered":"https:\/\/citajizmedjuredova.me\/?p=3982"},"modified":"2023-05-26T11:06:14","modified_gmt":"2023-05-26T11:06:14","slug":"zlocin-u-beogradu-i-odgovornost-medija","status":"publish","type":"post","link":"https:\/\/citajizmedjuredova.me\/?p=3982","title":{"rendered":"Zlo\u010din u Beogradu i odgovornost medija"},"content":{"rendered":"\n<p><strong>Pi\u0161e: Nenad Peji\u0107<\/strong><\/p>\n\n\n\n<p><strong>Foto: Beta\/Milo\u0161 Mi\u0161kov<\/strong><\/p>\n\n\n\n<p>Ljudi stvaraju okru\u017eenje u kojem se \u017eivi, a djeca rastu u tom okru\u017eenju. Ako okru\u017eenje ka\u017ee da svi moraju biti po\u0161teni, po\u0161tovati zakon, biti dobri i sli\u010dno, onda \u0107e to i djeca prihvatiti kao svoju mantru. Na\u017ealost, okru\u017eenje u kojem na Balkanu \u017eivimo je druga\u010dije. Dru\u0161tva nam \u017eive u okru\u017eenju nasilja, kreiranom od strane vlasti i medija.<\/p>\n\n\n\n<p>Politi\u010dari nekontrolirano koriste govor prijetnje, mediji to prenose, nasla\u0111uju se i ne dovode takav govor u pitanje. Mediji promoviraju kriminalce u medijske zvijezde i dobijaju za to podr\u0161ku dr\u017eave. Ratni zlo\u010dinci postaju narodni heroji. Vlasti u BiH razdvajaju djecu razli\u010ditih nacionalnosti i organiziraju \u0161kolske odmore odvojeno kako se djeca ne bi srela!?<\/p>\n\n\n\n<p>Dru\u0161tva su bolesna, a bolesna dru\u0161tva uti\u010du i na djecu. Nije dozvoljeno promovirati mr\u017enju ali mediji to rade. Navija\u010di ko\u0161arka\u0161a Partizana na utakmici sa Real Madridom navijaju sa izlivima mr\u017enje, na nogometnim utakmicama se ve\u0107 godinama vi\u010de \u201cno\u017e \u017eica Srebrenica.\u201d U Sarajevu se navija za Tursku protiv Hrvatske, U Mostaru za Gr\u010dku protiv BiH! Mediji to ne osu\u0111uju. Nasilje traje u zabavnim emisijima, muzici, u komentarima na objavljene tekstove. Nasilje se vr\u0161i nad istorijom u ud\u017ebenicima kad se izbacuje sve \u0161to nije po volji vlastima. Nedavno su u Sarajevu bili tinejd\u017eeri iz Srbije i ostali \u0161okirani kad su saznali da je Sarajevo bilo pod opsadom. Nikad im to niko nije rekao.&nbsp; Nasilje se time vr\u0161i nad memorijom.<\/p>\n\n\n\n<p>Senzacija je postala metodologija medijske jurnjave za klikovima. Tako je bilo i u izvje\u0161tavanju o augostovskom masakru na Cetinju, tako je i danas nakon zlo\u010dina u Beogradu. Mediji pi\u0161u da je dje\u010dak-ubica \u0161treber, da je dobar u matematici i istoriji, da je dan prije zlo\u010dina bio na ro\u0111endanu, znamo mu navike, a \u010dak se pi\u0161e u medijima u Srbiji, a mediji u Crnoj Gori to prenose, \u0161ta je jutros radio!? U bosanskohercegova\u010dkim medijima dje\u010daka ubicu iz Beograda predstavljaju kao najokrutnije dijete u istoriji.<a>&nbsp;<\/a>Pojedini zagreba\u010dki i podgori\u010dki mediji, kao i mnogi drugi u regionu, objavljuju fotografiju dje\u010daka, njegovo puno ime i prezime.<\/p>\n\n\n\n<p><a>Nije nijedno dru\u0161tvo bolesno zato \u0161to se de\u0161avaju zlo\u010dini, nego je bolesno kako te zlo\u010dine tretira. Toj bolesti ne samo da doprinosi, nego je kreiraju mediji koji sve tretiraju kao senzaciju. Ako se sve tretira kao senzacija, tada senzacije vi\u0161e nema, ona je postala stvarnost. Te\u0161ko dru\u0161tvu u kojem je stvarnost senzacija, te\u0161ko djeci koja u takvom dru\u0161tvu rastu.<\/a><\/p>\n\n\n\n<p>Jo\u0161 gore, senzacija je postala nasilje nad gra\u0111anima koji koriste medije! Za\u0161to se onda \u010duditi da jedna tre\u0107ina gra\u0111ana BiH po istra\u017eivanje Udru\u017eenja novinara BiH, opravdava nasilje nad novinarima, dok u entitetu RS \u010dak 74% njih smatra opravdanim ponekad napasti, udariti novinara!<\/p>\n\n\n\n<p>\u010cak i na dan zlo\u010dina se kr\u0161i i novinarska profesija i zakon \u2013 kad se objavljuje ime dje\u010daka ili njegova fotografija; kad predsjednik Srbije objavi psiholo\u0161ke procjene o dje\u010daku-ubici; kad ljekar podijeli svoje procjene sa bilo kime; kad se objavljuju fotografije ku\u0107e u kojoj \u017eivi porodica dje\u010daka i tako dalje. To nije osobina profesionalnog medija. Profesionalni medij istra\u017euje, na primjer, ko je u streljani prekr\u0161io zakon kad je ovaj 13-ogodi\u0161njak vje\u017ebao pucanje! Koliko je u\u010denika ka\u017enjeno radi vr\u0161nja\u010dkog nasilja? Kako su to roditelji koji za sebe ka\u017eu da su bili malo&nbsp; \u201cbezobrazniji\u201d probili kordon policije i odveli djecu iz \u0161kole; ko je odgovoran za to; kakav je to kordon policije i za\u0161to je dozvoljeno da samo \u201cbezobrazniji\u201d probijaju policijske kordone; ko je od novinara odgovarao radi kr\u0161enja zakona i tako dalje.<\/p>\n\n\n\n<p>Za\u0161to se \u010duditi rastu vr\u0161nja\u010dkog i svakog drugog nasilja koje je, o\u010dligledno, trpio i dje\u010dak-ubica, ako se nasilje promovira u medijima? U Srbiji je,&nbsp;<a href=\"https:\/\/www.unicef.org\/serbia\/media\/13456\/file\/sitan_2019.pdf\">prema podacima UNICEFA-a iz 2019. godine<\/a>, oko 65 odsto u\u010denika i u\u010denica bar jednom do\u017eivjelo nasilje, a 22 odsto od njih je prijavilo u\u010destalo vr\u0161nja\u010dko nasilje. Za\u0161to se \u010dudimo kad dijete koje trpi nasilje, i to du\u017ee vrijeme, uzme oru\u017eje u ruke i po\u010dini zlo\u010din? Da li je \u0161kola reagirala na upozorenje roditelja o nasilju nad njihovim djetetom? Premjestila ga je u drugu smjenu i nasilje se nastavilo. Da li je neko ka\u017enjen? Za\u0161to se \u010dudimo \u0161to na dru\u0161tvenim mre\u017eama ima dosta reakcija koje dje\u010daka-ubicu zovu \u2013 \u201ccar\u201d, \u201cnajja\u010di si mali\u201d, \u201ckralj\u201d i sli\u010dno.<\/p>\n\n\n\n<p>Pri\u010da da je uzrok zlo\u010dina u uticaju zapadnih vrijednosti koju plasiraju neki zvani\u010dnici u Srbiji je zabijanje glave u pijesak! Kona\u010dno, dru\u0161tvenu mre\u017eu koja najvi\u0161e promovira nasilje, TikTok, svjetskom tr\u017ei\u0161tu je ponudila Kina! Mo\u017ee se govoriti, naravno, o utjecaju tehnologije i video igrica, ali ne\u0107e valjda neko kriviti igrice za zlo\u010din u Beogradu ili onaj na Cetinju, ili bilo koji drugi?<\/p>\n\n\n\n<p>Institut za medije i razli\u010ditost \u2013 Zapadni Balkan iz Beograda apelira na medije da odgovorno, profesionalno i u skladu sa Kodeksom novinara izve\u0161tavaju o pucnjavi u Beogradu. Pozivaju ih da se uzdr\u017ee od senzacionalisti\u010dkog izve\u0161tavanja da po\u0161tuju sva\u010dije dostojanstvo, ne zloupotrebljavaju emociju, podsje\u0107aju da je po kodeksu novinara Srbije (i ne samo Srbije) novinar\/ka \u201cdu\u017ean\/na da po\u0161tuje i \u0161titi prava i dostojanstvo dece, \u017ertava zlo\u010dina, osoba sa hendikepom i drugih ugro\u017eenih grupa.\u201d<\/p>\n\n\n\n<p>\u010citaju li novinari novinarski kodeks?<\/p>\n\n\n\n<p>Me\u0111u prvima reagira i obiltelj Novaka \u0110okovi\u0107a koja tra\u017ei, s pravom, ukidanje postoje\u0107ih reality TV emisija. Na dru\u0161tvenim mre\u017eama se pojavljuju prvi komentari koji postavljaju sli\u010dna pitanja. Na portalu Pje\u0161\u010danik.net ukazuju na prave uzroke tako\u0111er. Ali, to je toliko malo da vi\u0161e slu\u017ei kao dokaz da mediji dr\u017ee glavu u pijesku \u2013 preduboko. Ako Srbija, (ne samo Srbija) na kraju, za sve okrivi zapadne uticaje i video igrice, pa kontrolirani mediji u tome podr\u017ee vlasti, i sama \u0107e ostati u \u2013 video igrici, a mediji tek jedna komanda na njoj.<\/p>\n\n\n\n<p>A danas je u Obrenovcu jedan drugi dje\u010dak vitlao \u2013 plasti\u010dnim pi\u0161toljem. Mladi\u0107 iz Biha\u0107a je objavio na dru\u0161tvenim mre\u017eama poruku kako se sprema da po\u010dini zlo\u010din u srednjoj \u0161koli. Obojica su zavr\u0161ila u policiji.&nbsp; Da li bi bili privedeni da se ju\u010der nije dogodio zlo\u010din u Beogradu, te tretirani kao \u201cnesta\u0161na\u201d djeca?<\/p>\n\n\n\n<p><em>Ovaj tekst je ura\u0111en uz finansijsku podr\u0161ku Nacionalne zadu\u017ebine za demokratiju. Sadr\u017eaj je isklju\u010divo odgovornost autora i izdava\u010da Instituta za medije Crne Gore i nu\u017eno ne odra\u017eava stavove donatora.<\/em><\/p>\n","protected":false},"excerpt":{"rendered":"<p>Pi\u0161e: Nenad Peji\u0107 Foto: Beta\/Milo\u0161 Mi\u0161kov Ljudi stvaraju okru\u017eenje u kojem se \u017eivi, a djeca rastu u tom okru\u017eenju. Ako okru\u017eenje ka\u017ee da svi moraju biti po\u0161teni, po\u0161tovati zakon, biti dobri i sli\u010dno, onda \u0107e to i djeca prihvatiti kao svoju mantru. Na\u017ealost, okru\u017eenje u kojem na Balkanu \u017eivimo je druga\u010dije. Dru\u0161tva nam \u017eive u<\/p>\n","protected":false},"author":1,"featured_media":3983,"comment_status":"open","ping_status":"open","sticky":false,"template":"","format":"standard","meta":{"footnotes":""},"categories":[59],"tags":[],"class_list":{"0":"post-3982","1":"post","2":"type-post","3":"status-publish","4":"format-standard","5":"has-post-thumbnail","7":"category-aktuelnosti"},"_links":{"self":[{"href":"https:\/\/citajizmedjuredova.me\/index.php?rest_route=\/wp\/v2\/posts\/3982","targetHints":{"allow":["GET"]}}],"collection":[{"href":"https:\/\/citajizmedjuredova.me\/index.php?rest_route=\/wp\/v2\/posts"}],"about":[{"href":"https:\/\/citajizmedjuredova.me\/index.php?rest_route=\/wp\/v2\/types\/post"}],"author":[{"embeddable":true,"href":"https:\/\/citajizmedjuredova.me\/index.php?rest_route=\/wp\/v2\/users\/1"}],"replies":[{"embeddable":true,"href":"https:\/\/citajizmedjuredova.me\/index.php?rest_route=%2Fwp%2Fv2%2Fcomments&post=3982"}],"version-history":[{"count":1,"href":"https:\/\/citajizmedjuredova.me\/index.php?rest_route=\/wp\/v2\/posts\/3982\/revisions"}],"predecessor-version":[{"id":3984,"href":"https:\/\/citajizmedjuredova.me\/index.php?rest_route=\/wp\/v2\/posts\/3982\/revisions\/3984"}],"wp:featuredmedia":[{"embeddable":true,"href":"https:\/\/citajizmedjuredova.me\/index.php?rest_route=\/wp\/v2\/media\/3983"}],"wp:attachment":[{"href":"https:\/\/citajizmedjuredova.me\/index.php?rest_route=%2Fwp%2Fv2%2Fmedia&parent=3982"}],"wp:term":[{"taxonomy":"category","embeddable":true,"href":"https:\/\/citajizmedjuredova.me\/index.php?rest_route=%2Fwp%2Fv2%2Fcategories&post=3982"},{"taxonomy":"post_tag","embeddable":true,"href":"https:\/\/citajizmedjuredova.me\/index.php?rest_route=%2Fwp%2Fv2%2Ftags&post=3982"}],"curies":[{"name":"wp","href":"https:\/\/api.w.org\/{rel}","templated":true}]}}