{"id":3985,"date":"2023-05-10T11:06:39","date_gmt":"2023-05-10T11:06:39","guid":{"rendered":"https:\/\/citajizmedjuredova.me\/?p=3985"},"modified":"2023-05-26T11:08:52","modified_gmt":"2023-05-26T11:08:52","slug":"seenpm-poziva-urednike-da-postuju-profesionalne-standarde","status":"publish","type":"post","link":"https:\/\/citajizmedjuredova.me\/?p=3985","title":{"rendered":"SEENPM poziva urednike da po\u0161tuju profesionalne standarde"},"content":{"rendered":"\n<p><strong><a href=\"https:\/\/seenpm.org\/seenpm-calls-on-editors-to-respect-professional-standards\/\">Povodom kr\u0161enja etike u izvje\u0161tajima o dva masovna ubistva u Srbiji<\/a><\/strong><\/p>\n\n\n\n<p>Ve\u0107ina onlajn medija na zapadnom Balkanu prekr\u0161ili su eti\u010dke standarde kada su izvje\u0161tavali&nbsp;<a href=\"https:\/\/www.bbc.co.uk\/news\/world-europe-65490418\">o dvije masovne pucnjave u Srbiji&nbsp;<\/a>pro\u0161le sedmice. U pravilu &nbsp;su o ovim tragi\u010dnim doga\u0111ajima izvje\u0161tavali senzacionalisti\u010dki, objavljuju\u0107i informacije koje nisu od javnog interesa. U mnogim slu\u010dajevima,onlajn mediji su kr\u0161ili eti\u010dke kodekse koje ti mediji prihvatili; u dosta slu\u010dajeva, informacije su objavljene protivzakonito.<\/p>\n\n\n\n<p>\u010cak ni etablirani mediji, a kamoli brojni \u2018portali\u2019 spornog porijekla, uglavnom nisu marili ni za osje\u0107anja \u017ertava, ni za njihove porodice, zanemaruju\u0107i&nbsp;<a href=\"https:\/\/www.unicef.org\/montenegro\/en\/ethical-guidelines-reporting-children#:~:text=Do%20not%20further%20stigmatize%20any,the%20child%27s%20story%20or%20image.\">Smjernice UNICEF-a za izvje\u0161tavanje o djeci<\/a>.<\/p>\n\n\n\n<p>Naslovi su sadr\u017eavali groteskna pretjerivanja, mnogo nepotrebnih detalja i pretjerano slikovitih opisa. Mnoge medijske ku\u0107e objavile su i ime i fotografiju maloljetnog po\u010dinitelja, kao i video zapise, fotografije i detaljne opise navodnih mjesta zlo\u010dina, objavljuju\u0107i sadr\u017eaj sa informacijama koje nisu provjerene i koje su nepotrebne. Ovo je bilo propra\u0107eno beskrajnim naga\u0111anjima o motivima, uz brojne izjave svjedoka, djece i njihovih roditelja, kako bi se pove\u0107ao gledala\u010dki i \u010ditala\u010dki doseg. Eti\u010dki kodeksi upozoravaju novinare na zloupotrebu osje\u0107anja tuge i boli osoba koje su u\u010destvovale u tragi\u010dnim doga\u0111ajima.<\/p>\n\n\n\n<p>Od javnih li\u010dnosti razli\u010ditih profila tra\u017eeno je, ili su one dobrovoljno dale, mi\u0161ljenje. Ipak, malo koje od tih mi\u0161ljenja je pomoglo da se javnost smiri i umiri. Odre\u0111eni broj politi\u010dara, poput predsednika Srbije Aleksandra Vu\u010di\u0107a, dali su svoj doprinos ispraznim govorima, koji kao da su bili posebno osmi\u0161ljeni da nanesu dodatnu bol pre\u017eivjelima, njihovim porodicama i \u0161iroj javnosti. U Srbiji su zvani\u010dnici \u010dak dijelili informacije \u010dije je objavljivanje zabranjeno Zakonom o za\u0161titi podataka o li\u010dnosti i Zakonom o pravima pacijenata. Ne samo da su mediji, sa vrlo malim izuzecima, spremno objavljivali takve izjave doslovno, nego urednici obi\u010dno nisu uspijevali umanjiti mogu\u0107i uticaj takvog uvredljivog sadr\u017eaja bilo kakvim kriti\u010dkim osvrtom ili dodatnim informacijama.<\/p>\n\n\n\n<p>\u0160iroko rasprostranjena praksa kopiranja sadr\u017eaja koji su ranije objavili drugi mediji, bez provjere njegove vjerodostojnosti, bila je pretjerana,&nbsp; na \u0161ta eti\u010dki kodeksi tako\u0111e sna\u017eno upozoravaju. Bezbrojni korisnici dru\u0161tvenih mre\u017ea nekriti\u010dki su dijelili takav sadr\u017eaj, poja\u010davaju\u0107i njegov doseg i uticaj.<\/p>\n\n\n\n<p>Izme\u0111u ostalog, medijski eti\u010dki kodeksi u regionu zahtijevaju od autora i urednika da budu krajnje oprezni kada izvje\u0161tavaju o djeci i maloljetnicima, uzimaju\u0107i, prije svega, u obzir interes djece i po\u0161tuju\u0107i&nbsp;<a href=\"https:\/\/www.unicef.org.uk\/what-we-do\/un-convention-child-rights\/\">Konvenciju UN o pravima djeteta<\/a>. Kako su upozoravali savjeti za medije u regionu, objavljivanje informacija na osnovu kojih se mogu identifikovati djeca i maloljetnici koji su bili \u017ertve, svjedoci ili navodni po\u010dinioci zlo\u010dina, kao \u0161to su njihova imena ili fotografije, ili imena i fotografije \u010dlanova njihovih porodica, odnosno mjesta njihovog prebivali\u0161ta, suprotno je profesionalnim standardima. Kodeksi, tako\u0111e, nala\u017eu da se sve teme vezane za li\u010dne tragedije tretiraju s du\u017enom pa\u017enjom. Urednicima se tako\u0111e izri\u010dito savjetuje da se uzdr\u017ee od objavljivanja sadr\u017eaja koji bi \u010ditala\u010dkoj i gledala\u010dkoj publici mogao nanijeti bol, osim u slu\u010dajevima kada objavljivanje takvog sadr\u017eaja slu\u017ei javnom interesu. Va\u017eno je da nesporna tra\u017enja javnosti za takvim sadr\u017eajem ne smije biti opravdanje za objavljivanje informacija koje naru\u0161avaju privatnost osoba.<\/p>\n\n\n\n<p><em>SEENPM poziva urednike medija u regionu da odmah prekinu praksu senzacionalisti\u010dkog izvje\u0161tavanja o traumati\u010dnim doga\u0111ajima. Pozivamo urednike da pa\u017eljivo pregledaju nacionalne kodekse novinara i druge savjete o profesionalnim standardima i ponovo upoznaju svoje zaposlene sa tim standardima.<\/em><\/p>\n\n\n\n<p><em>SEENPM tako\u0111e poziva urednike da prestanu sa praksom nekriti\u010dkog objavljivanja izjava politi\u010dara i drugih javnih li\u010dnosti, posebno kada one imaju potencijal da uvrijede, uznemire ili traumatizuju javnost.<\/em><\/p>\n\n\n\n<p><em>SEENPM poziva urednike da prekinu sa praksom doslovnog preno\u0161enja sadr\u017eaja drugih medija bez provjere i odobrenja autorskih prava.<\/em><\/p>\n\n\n\n<p><em>SEENPM poziva korisnike dru\u0161tvenih mre\u017ea da budu oprezni s vijestima o traumati\u010dnim doga\u0111ajima i da se suzdr\u017ee od dijeljenja vijesti koje kr\u0161e standarde profesionalnog novinarstva.<\/em><\/p>\n","protected":false},"excerpt":{"rendered":"<p>Povodom kr\u0161enja etike u izvje\u0161tajima o dva masovna ubistva u Srbiji Ve\u0107ina onlajn medija na zapadnom Balkanu prekr\u0161ili su eti\u010dke standarde kada su izvje\u0161tavali&nbsp;o dvije masovne pucnjave u Srbiji&nbsp;pro\u0161le sedmice. U pravilu &nbsp;su o ovim tragi\u010dnim doga\u0111ajima izvje\u0161tavali senzacionalisti\u010dki, objavljuju\u0107i informacije koje nisu od javnog interesa. U mnogim slu\u010dajevima,onlajn mediji su kr\u0161ili eti\u010dke kodekse koje<\/p>\n","protected":false},"author":1,"featured_media":3986,"comment_status":"open","ping_status":"open","sticky":false,"template":"","format":"standard","meta":{"footnotes":""},"categories":[59],"tags":[],"class_list":{"0":"post-3985","1":"post","2":"type-post","3":"status-publish","4":"format-standard","5":"has-post-thumbnail","7":"category-aktuelnosti"},"_links":{"self":[{"href":"https:\/\/citajizmedjuredova.me\/index.php?rest_route=\/wp\/v2\/posts\/3985","targetHints":{"allow":["GET"]}}],"collection":[{"href":"https:\/\/citajizmedjuredova.me\/index.php?rest_route=\/wp\/v2\/posts"}],"about":[{"href":"https:\/\/citajizmedjuredova.me\/index.php?rest_route=\/wp\/v2\/types\/post"}],"author":[{"embeddable":true,"href":"https:\/\/citajizmedjuredova.me\/index.php?rest_route=\/wp\/v2\/users\/1"}],"replies":[{"embeddable":true,"href":"https:\/\/citajizmedjuredova.me\/index.php?rest_route=%2Fwp%2Fv2%2Fcomments&post=3985"}],"version-history":[{"count":1,"href":"https:\/\/citajizmedjuredova.me\/index.php?rest_route=\/wp\/v2\/posts\/3985\/revisions"}],"predecessor-version":[{"id":3987,"href":"https:\/\/citajizmedjuredova.me\/index.php?rest_route=\/wp\/v2\/posts\/3985\/revisions\/3987"}],"wp:featuredmedia":[{"embeddable":true,"href":"https:\/\/citajizmedjuredova.me\/index.php?rest_route=\/wp\/v2\/media\/3986"}],"wp:attachment":[{"href":"https:\/\/citajizmedjuredova.me\/index.php?rest_route=%2Fwp%2Fv2%2Fmedia&parent=3985"}],"wp:term":[{"taxonomy":"category","embeddable":true,"href":"https:\/\/citajizmedjuredova.me\/index.php?rest_route=%2Fwp%2Fv2%2Fcategories&post=3985"},{"taxonomy":"post_tag","embeddable":true,"href":"https:\/\/citajizmedjuredova.me\/index.php?rest_route=%2Fwp%2Fv2%2Ftags&post=3985"}],"curies":[{"name":"wp","href":"https:\/\/api.w.org\/{rel}","templated":true}]}}