{"id":3988,"date":"2023-05-30T08:11:00","date_gmt":"2023-05-30T08:11:00","guid":{"rendered":"https:\/\/citajizmedjuredova.me\/?p=3988"},"modified":"2023-06-02T10:45:57","modified_gmt":"2023-06-02T10:45:57","slug":"cutanje-kad-patrijarh-vrijeda","status":"publish","type":"post","link":"https:\/\/citajizmedjuredova.me\/?p=3988","title":{"rendered":"\u0106utanje kad patrijarh vrije\u0111a"},"content":{"rendered":"\n<p><strong>Pi\u0161e: Jelena Martinovi\u0107, novinarka<\/strong><\/p>\n\n\n\n<p>Kada patrijarh Srpske pravoslavne crkve (SPC) Porfirije ka\u017ee za \u017eenu da je jadnica i bijeda, u Crnoj Gori niko od \u017eena koje su na pozicijama mo\u0107i ne reaguje.&nbsp;<\/p>\n\n\n\n<p>Nijesu vidjele ni\u0161ta sporno ni u njegovoj izjavi da je senzitivni jezik \u201cborba protiv braka i porodice\u201c.<\/p>\n\n\n\n<p>A da \u017eene koje djeluju u javnom i politi\u010dkom prostoru znaju da treba reagovati na uvrede i govor mr\u017enje pokazuje posljednji slu\u010daj kada je portal Aktuelno objavio sraman tekst \u201eOdlazak starleta politi\u010dke prostitucije\u201c u kome targetira poslanice URA-e, Bo\u017eenu Jelu\u0161i\u0107 i Suadu Zoronji\u0107.<\/p>\n\n\n\n<p>Sa pravom, naravno. Problem je ,me\u0111utim, \u0161to mizoginiju nijesu vidjeli kod svog vjerskog poglavara.<\/p>\n\n\n\n<p>Predsjednica Skup\u0161tine Crne Gore Danijela \u0110urovi\u0107 je povodom pisanja portala navela da se ne smije \u0107utati na ovaj i sli\u010dne slu\u010dajeve omalova\u017eavanja \u017eena i da se mora u\u010diniti sve da stvorimo uslove u kojima \u0107e \u017eene mo\u0107i slobodno i bez prepreka da se bave politikom.<\/p>\n\n\n\n<p>Ipak, kada Porfirije za neku \u017eenu ka\u017ee da je \u201cjadnica\u201c i \u201ebeda\u201c ona \u0107uti. \u010cak i onda kada je Srpska pravoslavna crkva nekoliko dana kasnije objasnila da se taj uvredljivi govor nije odnosio na sve \u017eene, koje SPC po\u0161tuje, ve\u0107 na jednu funkcionerku.<\/p>\n\n\n\n<p>\u0110urovi\u0107 je ranije za sebe rekla da je vjernica SPC.<\/p>\n\n\n\n<p>Ni predsjednica Skup\u0161tine Glavnog grada &nbsp;Jelena Borovini\u0107 Bojovi\u0107 &nbsp;nije reagovala na patrijarhovo uni\u017eavanje \u017eena , niti na njegove \u201eprobleme\u201c sa rodno osjetljivim jezikom \u201ekoji uru\u0161ava patrijarhat\u201c.<\/p>\n\n\n\n<p>Ona je takodje vjernica SPC, \u0161to je isticala prilikom predizbornih kampanja i u javnim istupima, ali i kao ljekarka.<\/p>\n\n\n\n<p>Sada\u0161nja predsjednica Skup\u0161tine Glavnog grada i nekada\u0161nja ministarka zdravlja je medjutim tako\u0111e reagovala na tekst postala Aktuelno i na Tviteru napisala da \u201euvrede upu\u0107ene poslanicama Bo\u017eeni Jelu\u0161i\u0107 i Suadi Zoronji\u0107 na portalu koji je ve\u0107 odavno prepoznat po govoru mr\u017enje i nepristojnosti ne smiju pro\u0107i bez reakcije\u201c.<\/p>\n\n\n\n<p>Dodala je da &nbsp;\u201epraksa da se u pojedim javnim glasilima mo\u017ee pro\u010ditati ono \u0161to pristojna osoba ni u afektu ne bi izgovorila mora biti zaustavljena za dobrobit cijelog dru\u0161tva\u201c.<\/p>\n\n\n\n<p>Da predsjednica Skup\u0161tine Podgorice zna da treba reagovati pokazala je i prije dvije godine kada je o\u0161tro osudila uvrede i spornu karikaturu na kojoj je bila prikazana Vesna Brati\u0107, kao ministarka prosvjete, nauke,kulture i sporta.<\/p>\n\n\n\n<p>\u201eDa li je mogu\u0107e da su mizoginija i skarednost nadvladale \u010dojstvo i juna\u0161tvo u Crnoj Gori? Ako ostanemo nijemi, ako se tome ne suprotstavimo, svi smo sau\u010desnici \u201e, pitala se tada ona.<\/p>\n\n\n\n<p>Biv\u0161a ministarka prosvjete, nauke, kulture i sporta, koja je bila aktivna u posljednjoj kampanji Demokratskog fronta za predsjedni\u010dke izbore Vesna Brati\u0107, iako je sama \u010desto bilo na meti uvreda, mizoginije i govora mr\u017enje, ot\u0107utala je patrijarhove uvrede.<\/p>\n\n\n\n<p>Ipak tekst u kome se Zoronji\u0107 i Jelu\u0161i\u0107 opisuju kao &nbsp;\u201ePrekaljene starlete licemjerja i vje\u010dite uzdr\u017eanosti, poslanice jedne od najve\u0107ih politi\u010dkih prevara u istoriji Crne Gore\u201c i koje su \u201erashodovane su nakon \u0161to su u posljednje ne\u0161to vi\u0161e od dvije i po godine, na podmukao na\u010din obavile zna\u010dajan posao za velikosrpske hegemonisti\u010dke ciljeve\u201c, kako pi\u0161e u nepotpisanom tekstu na tom portalu (jer navodni inicijali U.P.A koji se nalaze ispod ovakvog teksta se ne mogu tretirati kao potpis) \u2013 nai\u0161li su na na reakciju Vesne Brati\u0107.<\/p>\n\n\n\n<p>\u201e\u041aad god vrije\u0111aju \u017eene, i najzagri\u017eenije politi\u010dke protivnice, na njihovoj sam strani. \u041aao \u017eena i kao ljudsko bi\u0107e. Draginju, Aleksandru, Bo\u017eenu. Suadu stvarno volim tako da je ona u posebnoj kategoriji dragih \u017eena\u201c, &nbsp;napisala je Brati\u0107 na svom tviter nalogu nakon tog teksta.<\/p>\n\n\n\n<p>Povodom pisanja portala Aktuelno se oglasila i Zdenka Popovi\u0107, poslanica Demokrata u Parlamentu.<\/p>\n\n\n\n<p>\u201cNajo\u0161trije osu\u0111ujem uvrede izre\u010dene na ra\u010dun koleginica poslanica Jelu\u0161i\u0107 i Zoronji\u0107, koje je autor, mu\u0161ki sakriven pod pla\u0161tom anonimnosti, izrekao u otrovnom tekstu na jednom opskurnom portalu\u201d, \u201e,kazala je Popovi\u0107 i izme\u0111u ostalog kazala da se na takvo \u0161to ne smje sjedjeti skr\u0161tenih ruku.<\/p>\n\n\n\n<p>Reagovala je pro\u0161le godine na izjavu Vladimira Jokov\u0107a kada je kazao: \u201cNe mo\u017eete glasati za nekoga da vodi va\u0161u djecu, ko nema svoju djecu. Ni ku\u010deta ni ma\u010deta\u2026 Vi\u0161e ja i moj potpredsjednik Dragoslav \u0160\u0107eki\u0107 imamo djece nego \u010ditav poslani\u010dki klub Demokrata.\u201d<\/p>\n\n\n\n<p>Ona je tada pozvala ministarke u Vladi, pitala \u201cza\u0161to \u0107ute poslanice SNP i URA na uvrede, stupidnosti i gadosti&nbsp;Vladimira Jokovi\u0107a\u201d.<\/p>\n\n\n\n<p>No, i ona je ot\u0107utala izjave patrijarha. Popovi\u0107eva je bila me\u0111u onima koji su ga do\u010dekali uo\u010di ustoli\u010denja mitropolita\u00a0Joanikija\u00a0na Cetinju.<\/p>\n\n\n\n<p>U Crnoj Gori je nakon patrijarhovih izjava o rodno senzitivnom jeziku pisano kriti\u010dki u medijima, a reagovala je i Aida Petrovi\u0107 iz NVO \u00a0CrnogorskI \u017eenskI lobi koja je kazala da bi patrijarh Porfirije trebalo da zna da rodni jezik ne proizvodi: nasilje nad \u017eenama u porodici i van nje; rodni jezik ne siluje \u0111ecu\u2026<\/p>\n\n\n\n<p>Na rije\u010di patrijarha nijesu reagovale ni one koje svoju vjeru ne izjavljuju javno, niti one koje su na suprotnoj strani od politike koju SPC sprovodi u Crnoj Gori.<\/p>\n\n\n\n<p>Porfirije je dva puta u mjesec dana imao mizogine nastupe, koji su pro\u0161li u Crnoj Gori bez reakcija onih koji su du\u017eni da za\u0161tite Ustav i zakone.<\/p>\n\n\n\n<p>Koliko je SPC mo\u0107na i da joj je dozvoljeno da vrije\u0111a pokazuje i primjer&nbsp; igumana manastira&nbsp; Podmaine Rafailo Boljevi\u0107 koji je prosvjetne radnike smrdnosnosnicima i smrdonosnicama. Ni prosvjetna zajednica, niti Ministarstvo prosvjete \u2013 niko nije na\u0161ao za shodno da reaguje.<\/p>\n\n\n\n<p><em>Ovaj tekst je ura\u0111en uz finansijsku podr\u0161ku Nacionalne zadu\u017ebine za demokratiju. Sadr\u017eaj je isklju\u010divo odgovornost autora i izdava\u010da Instituta za medije Crne Gore i nu\u017eno ne odra\u017eava stavove donatora.<\/em><\/p>\n","protected":false},"excerpt":{"rendered":"<p>Pi\u0161e: Jelena Martinovi\u0107, novinarka Kada patrijarh Srpske pravoslavne crkve (SPC) Porfirije ka\u017ee za \u017eenu da je jadnica i bijeda, u Crnoj Gori niko od \u017eena koje su na pozicijama mo\u0107i ne reaguje.&nbsp; Nijesu vidjele ni\u0161ta sporno ni u njegovoj izjavi da je senzitivni jezik \u201cborba protiv braka i porodice\u201c. A da \u017eene koje djeluju u<\/p>\n","protected":false},"author":1,"featured_media":3990,"comment_status":"open","ping_status":"open","sticky":false,"template":"","format":"standard","meta":{"footnotes":""},"categories":[59],"tags":[],"class_list":{"0":"post-3988","1":"post","2":"type-post","3":"status-publish","4":"format-standard","5":"has-post-thumbnail","7":"category-aktuelnosti"},"_links":{"self":[{"href":"https:\/\/citajizmedjuredova.me\/index.php?rest_route=\/wp\/v2\/posts\/3988","targetHints":{"allow":["GET"]}}],"collection":[{"href":"https:\/\/citajizmedjuredova.me\/index.php?rest_route=\/wp\/v2\/posts"}],"about":[{"href":"https:\/\/citajizmedjuredova.me\/index.php?rest_route=\/wp\/v2\/types\/post"}],"author":[{"embeddable":true,"href":"https:\/\/citajizmedjuredova.me\/index.php?rest_route=\/wp\/v2\/users\/1"}],"replies":[{"embeddable":true,"href":"https:\/\/citajizmedjuredova.me\/index.php?rest_route=%2Fwp%2Fv2%2Fcomments&post=3988"}],"version-history":[{"count":1,"href":"https:\/\/citajizmedjuredova.me\/index.php?rest_route=\/wp\/v2\/posts\/3988\/revisions"}],"predecessor-version":[{"id":3991,"href":"https:\/\/citajizmedjuredova.me\/index.php?rest_route=\/wp\/v2\/posts\/3988\/revisions\/3991"}],"wp:featuredmedia":[{"embeddable":true,"href":"https:\/\/citajizmedjuredova.me\/index.php?rest_route=\/wp\/v2\/media\/3990"}],"wp:attachment":[{"href":"https:\/\/citajizmedjuredova.me\/index.php?rest_route=%2Fwp%2Fv2%2Fmedia&parent=3988"}],"wp:term":[{"taxonomy":"category","embeddable":true,"href":"https:\/\/citajizmedjuredova.me\/index.php?rest_route=%2Fwp%2Fv2%2Fcategories&post=3988"},{"taxonomy":"post_tag","embeddable":true,"href":"https:\/\/citajizmedjuredova.me\/index.php?rest_route=%2Fwp%2Fv2%2Ftags&post=3988"}],"curies":[{"name":"wp","href":"https:\/\/api.w.org\/{rel}","templated":true}]}}