{"id":3993,"date":"2023-06-15T13:25:20","date_gmt":"2023-06-15T13:25:20","guid":{"rendered":"https:\/\/citajizmedjuredova.me\/?p=3993"},"modified":"2023-06-15T13:25:21","modified_gmt":"2023-06-15T13:25:21","slug":"srecna-sloboda-junaci","status":"publish","type":"post","link":"https:\/\/citajizmedjuredova.me\/?p=3993","title":{"rendered":"Sre\u0107na sloboda, junaci"},"content":{"rendered":"\n<p><strong>Pi\u0161e: Zoran Radulovi\u0107, novinar<\/strong><\/p>\n\n\n\n<p>Svijet, izgleda, postaje sve gore mjesto za medije i novinare. A, ako \u0107emo pravo, ni njihovoj publici, \u010desto, nije mnogo bolje.<\/p>\n\n\n\n<p>\u201cOva nestabilnost je rezultat pove\u0107ane agresivnosti vlasti u mnogim zemljama i rastu\u0107eg animoziteta prema novinarima na dru\u0161tvenim mre\u017eama i u fizi\u010dkom svijetu\u201d, konstatuje se u godi\u0161njem izvje\u0161taju Reportera bez granica za 2023. godinu. \u201cNestabilnost je tako\u0111er posljedica rasta industrije la\u017enih sadr\u017eaja, koja proizvodi i distribuira dezinformacije i osigurava alate za njihovu proizvodnju.\u201d<\/p>\n\n\n\n<p>Mi u Crnoj Gori, da zlo ne \u010duje, nijesmo izgleda ni svjesni koliko nam je dobro. Toliko, da bi trebalo da nam pozavide kolege iz skoro pa pola Evropske unije i tri \u010detvrtine dr\u017eava-\u010dlanica UN. &nbsp;<\/p>\n\n\n\n<p>I sve to je lijepo obja\u0161njeno i izra\u010dunato u ovogodi\u0161njem Indeksu slobode medija u svijetu, u kome je Crna Gora rangirana na 39. mjesto. Tik iza Sjeverne Makedonije a ispred Slovenije, Hrvatske, Italije, SAD, Japana\u2026, da ne pominjemo tradicionalno neslobodne iz bli\u017eeg i malo daljeg okru\u017eenja.<\/p>\n\n\n\n<p>Po mjerilima Reportera bez granica na\u0161e stanje je \u201ezadovoljavaju\u0107e\u201c. A napredak golem. I kontinuiran.&nbsp;<\/p>\n\n\n\n<p>Lane smo bili plasirani na 63. mjesto i \u201eproblamati\u010dni\u201c, a 2021. \u010dak 104. Indeks slobode medija ra\u010dunat je, i tada i sada, u nekih 180 zemalja svijeta. Uz individualnu ocjenu (posmatraju se zakonska regulativa, politi\u010dki, ekonomski i socijalni indikatori te sigurnost izvje\u0161tavanja\/izvje\u0161ta\u010da), dr\u017eave se po pitanju medijske slobode, zavisno od konstatovanog stanja, svrstavaju i u jedno od pet kategorija: dobro, zadovoljavaju\u0107e, problemati\u010dno, te\u0161ko i veoma ozbiljno. &nbsp;&nbsp;<\/p>\n\n\n\n<p>Napretku dr\u017eave na rang listi Reportera bez granica najvi\u0161e se, javno, obradovao premijer Dritan Abazovi\u0107. Koji je napredak Crne Gore od 24 mjesta za godinu proglasio za \u2013 svjetski rekord.<\/p>\n\n\n\n<p>\u201cTime je uni\u0161tena sva kampanja o tome da se bilo kome na bilo koji na\u010din su\u017eavaju prava. Naprotiv\u201d, pohvalio se Abazovi\u0107, \u201cveliko pomjeranje na ljestvici \u2013 najve\u0107e koje je neka zemlja zabilje\u017eila \u2013 govori da smo poku\u0161ali da stvorimo ambijent koji je slobodan, fer i pluralisti\u010dki\u201d.<\/p>\n\n\n\n<p>Dalo bi se o tome polemisati.&nbsp;&nbsp;<\/p>\n\n\n\n<p>Upravo je premijer Abazovi\u0107, tokom pro\u0161le godine, u nekoliko navrata imao potrebu da u\u0111e u konflikt sa medijima koji nijesu naklonjeni njemu i njegovoj vladi. \u201cTo nije sloboda izra\u017eavanja, to nemate u Rusiji, ni Avganistanu i Ukrajini\u2026\u201d, govorio je.<\/p>\n\n\n\n<p>Pa je (pojedinim) medijima spo\u010ditavao \u0161irenje mr\u017enje, \u201cda imaju fa\u0161isti\u010dku notu i da im od prvog dana smeta to \u0161to sam pripadnik manjinskog naroda i poku\u0161avaju na svaki na\u010din da uru\u0161e imid\u017ee Crne Gore\u201d, povezivao ih sa kava\u010dkim kriminalnim klanom (\u201cTo \u0161to objavljuju\u2026 sve je povezano imenima o kojima sam govorio u Specijalnim tu\u017eila\u0161tvu\u201d)\u2026 I, kona\u010dno, priprijetio \u201cblokadom\u201d rada nekima od njih. \u201cAko smo blokirali Sputnjik, nije ni Gradska TV daleko\u201d, kazao je Abazovi\u0107 pro\u0161log ljeta.<\/p>\n\n\n\n<p>Premijer, treba napomenuti, nije bio jedini crnogorski politi\u010dar koji je u javnosti o medijima govorio stvari koje se u pristojnom dru\u0161tvu ne pominju ni pred fajront u kafani. To su registrovali i ocjenjiva\u010di Reportera bez granica.&nbsp;&nbsp;<\/p>\n\n\n\n<p>\u201cKampanje protiv profesionalnih novinara \u010desto vode politi\u010dari iz vladaju\u0107ih i opozicionih partija\u201d, isti\u010de se u njihovom Izvje\u0161taju, uz konstataciju da se mediji \u201c\u010desto optu\u017euju da rade za strane interese i izdaju naciju ili crkvu\u201d. Ovogodi\u0161nja ocjena je, ipak, bolja od prethodnih. \u201cNakon prvobitnog poraza DPS-a 2020. godine, pritisak vlasti i napadi na novinare su donekle smanjeni, ali nove vlasti i dalje poku\u0161avaju da kontroli\u0161u pojedine medije i novinare\u201d.<\/p>\n\n\n\n<p>Ne\u0161to druga\u010dije na pro\u0161lu godinu gledaju iz doma\u0107ih esnafskih udru\u017eenja. Tako su, prakti\u010dno istog dana kada su Reporteri predstavili Izvje\u0161taj za 2023, iz Sindikata medija naveli da je pro\u0161la godina \u201cobeshrabruju\u0107a\u201d po\u0161to je tokom nje zabilje\u017eeno \u010dak 28 napada na novinare. Dok se uvredama i \u201csitnim\u201d prijetnjama preko dru\u0161tvenih mre\u017ea ni broja ne zna.<\/p>\n\n\n\n<p>\u201cRegistrovan je ogroman porast u broju verbalnih prijetnji odnosno uznemiravanja novinara a pove\u0107an je i broj fizi\u010dkih napada na novinare. Zabilje\u017eeni su i politi\u010dki pritisci i prijetnje od strane najvi\u0161ih nosilaca vlasti prema medijima koji ih kritikuju\u201d, navodi se u saop\u0161tenju Sindikata medija.<\/p>\n\n\n\n<p>Zna\u010di, mo\u017eda Crna Gora jeste \u201csvjetski rekorder\u201d u napretku na globalnoj listi medijskih sloboda, ali ovda\u0161nji novinari svoj posao rade kalkuli\u0161u\u0107i sa rizikom da zbog toga budu napadnuti, vrije\u0111ani i(li) sramo\u0107eni. A to je samo najvidljiviji sloj problema sa kojim se suo\u010davamo.&nbsp;&nbsp;<\/p>\n\n\n\n<p>U poglavlju o Crnoj Gori, Izvje\u0161taj Reportera bez granica navode kako crnogorski Ustav i zakoni garantuju slobodu govora i izra\u017eavanja, \u201cali sloboda \u0161tampe i dalje je ugro\u017eena politi\u010dkim mije\u0161anjem, neka\u017enjenim napadima na novinare i ekonomskim pritiscima\u201d.<\/p>\n\n\n\n<p>Iako smo u me\u0111uvremenu napredovali za 24 pozicije na tabeli, a ocjenu (indeks) uve\u0107ali za gotovo osam bodova (sa 66,54 na 74,28 ili ne\u0161to vi\u0161e od 10 odsto), gotovo identi\u010dna konstatacija nalazila se i u pro\u0161logodi\u0161njem Izvje\u0161taju. Samo \u0161to je u njemu, za razliku od ovogodi\u0161njeg, izre\u010dena tvrdnja imala i ne\u0161to detaljnije obrazlo\u017eenje:<\/p>\n\n\n\n<p>\u201eUprkos tome \u0161to je poslednjih godina pretrpio nekoliko promjena, zakonski okvir \u010duva praznine u pogledu slobodnog pristupa javnim informacijama i za\u0161tite povjerljivosti novinarskih izvora, \u0161to dovodi do toga da je nezavisnost medija nedovoljno za\u0161ti\u0107ena od politi\u010dkih i ekonomskih uticaja\u2026\u201d.<\/p>\n\n\n\n<p>U Sindikatu medija su na\u0161li za shodno da se osvrnu i na tu temu: \u201cU ovoj godini o\u010dekujemo da kona\u010dno bude usvojen set medijskih zakona i prva Medijska strategija Crne Gore. To je veoma va\u017eno kako bi se rije\u0161ila brojna otvorena pitanja u medijskoj djelatnosti, pobolj\u0161ala autonomija novinara i medijskih radnika i uredni\u010dka nezavisnost i uspostavio okvir za ja\u010danje profesionalnih standard i ka\u017enjavanje onih medija koji ne po\u0161tuju ni osnovna pravila, kr\u0161e Kodeks novinara i \u0161ire dezinformacije.\u201d<\/p>\n\n\n\n<p>To nas vra\u0107a na po\u010detak ovog teksta. I su\u0161tinu na\u0161e pri\u010de o novinarstvu i novinarima.<\/p>\n\n\n\n<p>Nema, valjda, potrebe previ\u0161e \u0161iriti pri\u010du o (ne)po\u0161tovanju profesionalnih standarda i Kodeksa, tra\u017eenju mjere u odnosu sa vlasnicima\/poslodavcima, izvorima, sagovornicima i publikom ili izazovima koje donose nove tehnologije i tzv. vje\u0161ta\u010dka inteligencija\u2026 Dovoljno je pomenuti nedavne \u201cfotografije\u201d Donalda Trampa sa lisicama na rukama ili Vladimira Putina koji, na koljenima, ljubi ruku kineskog predsjednika. Nepostoje\u0107i doga\u0111aji u visokoj rezoluciji. Odnosno, novi iskorak u eri \u201calternativnih \u010dinjenica\u201d.<\/p>\n\n\n\n<p>\u201cNagradno pitanje\u201d je mnogo jednostavnije: Kako da na\u0161 \u201cmedijski proizvod\u201d u\u010dinimo boljim (to nije isto \u0161to i popularnijim, gledanijim, \u010ditanijim) a uslove rada u svojim redakcijama i na terenu boljim. Ili makar podno\u0161ljivijim.<\/p>\n\n\n\n<p>\u017delimo li da se nadme\u0107emo sami sa sobom kako bi postali bolji? Ako je tako pred nama je mnogo suza&nbsp; i znoja a ne treba isklju\u010dliti ni poneki okrvavljen nos. Da ne slutimo \u010demu gorem. Ili nam je, ipak, va\u017enije da zabilje\u017eimo \u0161to vi\u0161e \u0161trikova kako bi zauzeli bolji globalni rejting. Raduju\u0107i se, ujedno, svakoj krizi koja bi nekom drugom mogla uzeti p<a><\/a>ar poena a nas pogurati ka vrhu ljestvice. U tom slu\u010daju: sre\u0107na sloboda medijski junaci, vama i va\u0161im vlasnicima.<\/p>\n\n\n\n<p><em>Ovaj tekst je ura\u0111en uz finansijsku podr\u0161ku Nacionalne zadu\u017ebine za demokratiju. Sadr\u017eaj je isklju\u010divo odgovornost autora i izdava\u010da Instituta za medije Crne Gore i nu\u017eno ne odra\u017eava stavove donatora.<\/em><\/p>\n","protected":false},"excerpt":{"rendered":"<p>Pi\u0161e: Zoran Radulovi\u0107, novinar Svijet, izgleda, postaje sve gore mjesto za medije i novinare. A, ako \u0107emo pravo, ni njihovoj publici, \u010desto, nije mnogo bolje. \u201cOva nestabilnost je rezultat pove\u0107ane agresivnosti vlasti u mnogim zemljama i rastu\u0107eg animoziteta prema novinarima na dru\u0161tvenim mre\u017eama i u fizi\u010dkom svijetu\u201d, konstatuje se u godi\u0161njem izvje\u0161taju Reportera bez granica<\/p>\n","protected":false},"author":1,"featured_media":3994,"comment_status":"open","ping_status":"open","sticky":false,"template":"","format":"standard","meta":{"footnotes":""},"categories":[59],"tags":[],"class_list":{"0":"post-3993","1":"post","2":"type-post","3":"status-publish","4":"format-standard","5":"has-post-thumbnail","7":"category-aktuelnosti"},"_links":{"self":[{"href":"https:\/\/citajizmedjuredova.me\/index.php?rest_route=\/wp\/v2\/posts\/3993","targetHints":{"allow":["GET"]}}],"collection":[{"href":"https:\/\/citajizmedjuredova.me\/index.php?rest_route=\/wp\/v2\/posts"}],"about":[{"href":"https:\/\/citajizmedjuredova.me\/index.php?rest_route=\/wp\/v2\/types\/post"}],"author":[{"embeddable":true,"href":"https:\/\/citajizmedjuredova.me\/index.php?rest_route=\/wp\/v2\/users\/1"}],"replies":[{"embeddable":true,"href":"https:\/\/citajizmedjuredova.me\/index.php?rest_route=%2Fwp%2Fv2%2Fcomments&post=3993"}],"version-history":[{"count":1,"href":"https:\/\/citajizmedjuredova.me\/index.php?rest_route=\/wp\/v2\/posts\/3993\/revisions"}],"predecessor-version":[{"id":3995,"href":"https:\/\/citajizmedjuredova.me\/index.php?rest_route=\/wp\/v2\/posts\/3993\/revisions\/3995"}],"wp:featuredmedia":[{"embeddable":true,"href":"https:\/\/citajizmedjuredova.me\/index.php?rest_route=\/wp\/v2\/media\/3994"}],"wp:attachment":[{"href":"https:\/\/citajizmedjuredova.me\/index.php?rest_route=%2Fwp%2Fv2%2Fmedia&parent=3993"}],"wp:term":[{"taxonomy":"category","embeddable":true,"href":"https:\/\/citajizmedjuredova.me\/index.php?rest_route=%2Fwp%2Fv2%2Fcategories&post=3993"},{"taxonomy":"post_tag","embeddable":true,"href":"https:\/\/citajizmedjuredova.me\/index.php?rest_route=%2Fwp%2Fv2%2Ftags&post=3993"}],"curies":[{"name":"wp","href":"https:\/\/api.w.org\/{rel}","templated":true}]}}