{"id":3998,"date":"2023-06-30T07:21:09","date_gmt":"2023-06-30T07:21:09","guid":{"rendered":"https:\/\/citajizmedjuredova.me\/?p=3998"},"modified":"2023-10-06T08:49:19","modified_gmt":"2023-10-06T08:49:19","slug":"bez-kazni-za-vrijedanje-roma","status":"publish","type":"post","link":"https:\/\/citajizmedjuredova.me\/?p=3998","title":{"rendered":"Bez kazni za vrije\u0111anje Roma"},"content":{"rendered":"\n<p><strong>Pi\u0161u: D. Bogdanovi\u0107 i T. \u0110urni\u0107<\/strong><\/p>\n\n\n\n<p>Neprijatnost, bijes, sramota, samo su neka od osje\u0107anja koja se probude kod Roma kada ih neko nazove \u201cciganima\u201d, kazao je direktor NVO ROM &#8220;Kora\u010dajte sa nama &#8211; Phiren Amenca&#8221; Elvis Beri\u0161a. Rije\u010di koje \u010desto mo\u017eemo \u010duti u svakodnevnom govoru.<\/p>\n\n\n\n<p>Beri\u0161a isti\u010de da negativan narativ prema Romima po\u010dinje u samoj porodici, te da se djeca od najranijih dana pla\u0161e Romkinjama i Romima, \u010dime se od malih nogu prema ovoj populaciji stvata odre\u0111eni strah i otklon.<\/p>\n\n\n\n<p>U prethodnoj godini, zabilje\u017eeno je nekoliko slu\u010dajeva u kojima je romska zajednica javno bila meta uvrjedljivog govora. Ni jednim se slu\u010dajem Tu\u017eila\u0161tvo nije bavilo.<\/p>\n\n\n\n<p>Tako se tokom maja 2022. u javnosti pojavila prepiska studenata arhitektonskog fakulteta koji su na Vajber grupi pogrdno komentarisala pripadnike romske i egip\u0107anske populacije, a naselje Konik u Podgorici nazivali&nbsp; ,,glibavim\u201c i ,,\u0161ugavim\u201c.<\/p>\n\n\n\n<p>Zabilje\u017een je i slu\u010daj kada je Crnogorska kulturna mre\u017ea promovi\u0161u\u0107i projekat \u201cCrna Gora bez podjela\u201d, fotografijom na kojoj su mladi u narodnim no\u0161njama, Rome predstavila u odijelima radnika komunalnog preduze\u0107a.<\/p>\n\n\n\n<p>Posljednji slu\u010daj koji je zavrijedio pa\u017enju javnosti dogodio se tokom sjednice Skup\u0161tine Op\u0161tine Herceg Novi u septembru pro\u0161le godine, kada je odbornik Demokrata Savo Nikovi\u0107 govore\u0107i o problemu \u010disto\u0107e gradskih ulica kazao da ulice grada \u010diste \u201cveoma bahati sme\u0107ari romske nacionalnosti\u201d. Nako o\u0161tre reakcije dijela javnost, on se izvinio pripadnicima romske populacije.<\/p>\n\n\n\n<p>Povodom ovog slu\u010daja oglasilo se nekoliko romskih organizacija, me\u0111u kojima i NVO ROM &#8220;Kora\u010dajte sa nama &#8211; Phiren Amenca&#8221;. Beri\u0161a je tada istakao da takva izjava Nikovi\u0107a ide u smjeru \u201cpoja\u010davanja i odr\u017eavanja ve\u0107 postoje\u0107ih predrasuda i stereotipa prema romskoj zajednici kao neodgovornoj i nevaspitanoj\u201d.<\/p>\n\n\n\n<p>Ova NVO podnijela je protiv odbornika Nikovi\u0107a pritu\u017ebu Ombudsmanu za za\u0161titu od diskriminacije, me\u0111utim do dana\u0161njeg dana nisu dobili odgovor.<\/p>\n\n\n\n<p>Sa druge strane, zamjenica Za\u0161titnika ljudskih prava i sloboda, Nerma Dobard\u017ei\u0107 kazala je da je u vezi sa izjavom Nikovi\u0107a, Za\u0161titnik otvorio ispitni postupak i zatra\u017eio izja\u0161njenje od Nikovi\u0107a.<\/p>\n\n\n\n<p>\u201cMe\u0111utim, izja\u0161njenje nije dostavljeno Za\u0161titniku ni nakon urgencije da se ono dostavi bez daljeg odlaganja. S tim u vezi, Za\u0161titnik \u0107e na osnovu podataka kojima raspola\u017ee zauzeti stav i mi\u0161ljenje. Postupak izrade mi\u0161ljenja je u toku, zbog \u010dega spornu izjavu ne mo\u017eemo komentarisati prije zvani\u010dnog zauzimanja stava\u201d, kazala je Dobard\u017ei\u0107.<\/p>\n\n\n\n<p>Beri\u0161a je je za IMCG kazao da je Nikovi\u0107eva re\u010denica duboko povrijedila romsku zajednicu i produbila podjele.<\/p>\n\n\n\n<p>\u201cVa\u017eno je da se takve situacije tretiraju ozbiljno i da se preduzmu koraci kako bi se prvo osudila takva pojava, a nakon toga sistem odgovorio na ovakav postupak, posebno kada su javne li\u010dnosti u pitanju, a koji bi trebali raditi na ve\u0107u inkluzivnost i osiguranje jednakosti za sve gra\u0111ane, bez obzira na njihovu etni\u010dku pripadnost\u201d, istakao je Beri\u0161a.<\/p>\n\n\n\n<p>Kako je dodao, anticiganizam mo\u017ee se manifestirati kroz razli\u010dite oblike diskriminacije koji se prije svega temelje se na stereotipima koji pripisuju Romima negativne osobine kao \u0161to su lijenost, nepo\u0161tenje, kriminalitet ili nemoral i Nikovi\u0107 je ba\u0161 tako i predstavio Rome u Herceg Novom. \u201cTi stereotipi su neta\u010dni i \u0161tetni te pridonose negativnom tretmanu i marginalizaciji Roma\u201d, kazao je Beri\u0161a za IMCG.<\/p>\n\n\n\n<p>Posljednji izvje\u0161taj Za\u0161titnika ljudskih prava i sloboda &#8220;Polo\u017eaj Roma i Egip\u0107ana u Crnoj Gori&#8221; pokazuje da je polo\u017eaj romske populacije u Crnoj Gori i dalje nepovoljan u svim klju\u010dnim aspektima \u017eivota, a ovo istra\u017eivanje obuhvatilo je i ocjene Za\u0161titnika povodom screenshot prepiske studenata Arhitektonskog fakulteta Univerziteta Crne Gore, kao i povodom projekta koji je NVO Crnogorska kulturna mre\u017ea pokrenula pod nazivom \u201cCrna Gora bez podjela\u201d, u okviru kojeg su Romi bili prikazani u radnoj uniformi gradske \u010disto\u0107e.<\/p>\n\n\n\n<p>Ova dva slu\u010daja Ombudsman je ocijenio kao uvredljiv govor, isti\u010du\u0107i da se takvim slu\u010dajevima podsti\u010de distanca i izolovanost prema romskoj i egip\u0107anskoj zajednici, \u0161to dalje dovodi do diskriminacije i produbljivanja etni\u010dke distance.<\/p>\n\n\n\n<p>Istra\u017eiva\u010dki tim Instituta za medije Crne Gore (IMCG) u analizi \u201c Eti\u010dke dileme u izvje\u0161tavanju o sadr\u017eajima sa elementima uvredljivog i govora mr\u017enje prema ranjivim grupama\u201d bavio se slu\u010dajem Nikovi\u0107, a istra\u017eivanje koje je obuhvatilo nekoliko medija (portal CdM, Vijesti online, portal Radio-televizije Crne Gore RTCG, Dnevnik 2 TVCG,&nbsp; te portali IN4S i Aktuelno koji su u prethodnim istra\u017eivanjima prepoznati kao medij koji \u0161ire sporni sadr\u017eaj), pokazalo&nbsp; je da mediji koji su izvje\u0161tavali o ovom slu\u010daju nisu dali detaljan osvrt na rastu\u0107i trend \u0161irenja neprihvatljivog govora, niti da su dodatno analizirali posljedice koje diskrimini\u0161u\u0107e izjave mogu imati po ovaj manjinski narod i cjelokupno dru\u0161tvo.<\/p>\n\n\n\n<p>Objavljuju\u0107i reakcije osude, mediji su se indirektno ogradili od sporne izjave koja vrije\u0111a dostojanstvo Roma i produbljuje predrasude i diskriminaciju prema tom manjinskom narodu u Crnoj Gori. Zabilje\u017eeni su primjeri kad je mediji u naslovu ukazao na to da je rije\u010d o uvredama i istovremeno prenio te uvrede.<\/p>\n\n\n\n<p>U istra\u017eivanju IMCG-a o ovom slu\u010daju primije\u0107eni su i pojedina\u010dni komentari \u010ditalaca na analiziranim portalima i njihovim Fejsbuk profilima, gdje se dodatno vrije\u0111aju i Romi i Nikovi\u0107.<\/p>\n\n\n\n<p>Ovi nalazi ukazuju na to da mediji u potpunosti ne filtriraju komentare \u010ditalaca, \u0161to im je obaveza po Kodeksu novinara i novinarki i Zakonu o medijima.<\/p>\n\n\n\n<p>Zamjenica Za\u0161titnika isti\u010de da izvje\u0161tavanje medija o Romima ne smije biti diskriminatorno, te da tekstove ne bi smjele pratiti ilustracije i fotografije koje se zasnivaju ili podsti\u010du stereotipno mi\u0161ljenje prema ovoj zajednici.<\/p>\n\n\n\n<p>\u201cOsim objektivnog izvje\u0161tavanja o stanju prava i drugim pitanjima u vezi sa statusom i polo\u017eajem Roma, medijsko izvje\u0161tavanje treba da prati promocija jednakosti, tolerancije, uva\u017eavanja razli\u010ditosti, kroz pri\u010de kojima se podsti\u010de kontranarativ i afirmi\u0161e inkluzija\u201d, kazala je Dobard\u017ei\u0107.<\/p>\n\n\n\n<p><em>Ovaj tekst je ura\u0111en uz podr\u0161ku Fonda za podsticanje pluralizma i raznovrsnosti medija<\/em>. <\/p>\n\n\n\n<p><\/p>\n","protected":false},"excerpt":{"rendered":"<p>Pi\u0161u: D. Bogdanovi\u0107 i T. \u0110urni\u0107 Neprijatnost, bijes, sramota, samo su neka od osje\u0107anja koja se probude kod Roma kada ih neko nazove \u201cciganima\u201d, kazao je direktor NVO ROM &#8220;Kora\u010dajte sa nama &#8211; Phiren Amenca&#8221; Elvis Beri\u0161a. Rije\u010di koje \u010desto mo\u017eemo \u010duti u svakodnevnom govoru. Beri\u0161a isti\u010de da negativan narativ prema Romima po\u010dinje u samoj<\/p>\n","protected":false},"author":1,"featured_media":3999,"comment_status":"open","ping_status":"open","sticky":false,"template":"","format":"standard","meta":{"footnotes":""},"categories":[59],"tags":[92],"class_list":{"0":"post-3998","1":"post","2":"type-post","3":"status-publish","4":"format-standard","5":"has-post-thumbnail","7":"category-aktuelnosti","8":"tag-govor-mrznje"},"_links":{"self":[{"href":"https:\/\/citajizmedjuredova.me\/index.php?rest_route=\/wp\/v2\/posts\/3998","targetHints":{"allow":["GET"]}}],"collection":[{"href":"https:\/\/citajizmedjuredova.me\/index.php?rest_route=\/wp\/v2\/posts"}],"about":[{"href":"https:\/\/citajizmedjuredova.me\/index.php?rest_route=\/wp\/v2\/types\/post"}],"author":[{"embeddable":true,"href":"https:\/\/citajizmedjuredova.me\/index.php?rest_route=\/wp\/v2\/users\/1"}],"replies":[{"embeddable":true,"href":"https:\/\/citajizmedjuredova.me\/index.php?rest_route=%2Fwp%2Fv2%2Fcomments&post=3998"}],"version-history":[{"count":6,"href":"https:\/\/citajizmedjuredova.me\/index.php?rest_route=\/wp\/v2\/posts\/3998\/revisions"}],"predecessor-version":[{"id":4095,"href":"https:\/\/citajizmedjuredova.me\/index.php?rest_route=\/wp\/v2\/posts\/3998\/revisions\/4095"}],"wp:featuredmedia":[{"embeddable":true,"href":"https:\/\/citajizmedjuredova.me\/index.php?rest_route=\/wp\/v2\/media\/3999"}],"wp:attachment":[{"href":"https:\/\/citajizmedjuredova.me\/index.php?rest_route=%2Fwp%2Fv2%2Fmedia&parent=3998"}],"wp:term":[{"taxonomy":"category","embeddable":true,"href":"https:\/\/citajizmedjuredova.me\/index.php?rest_route=%2Fwp%2Fv2%2Fcategories&post=3998"},{"taxonomy":"post_tag","embeddable":true,"href":"https:\/\/citajizmedjuredova.me\/index.php?rest_route=%2Fwp%2Fv2%2Ftags&post=3998"}],"curies":[{"name":"wp","href":"https:\/\/api.w.org\/{rel}","templated":true}]}}