{"id":4008,"date":"2023-07-06T09:22:13","date_gmt":"2023-07-06T09:22:13","guid":{"rendered":"https:\/\/citajizmedjuredova.me\/?p=4008"},"modified":"2023-10-06T08:49:02","modified_gmt":"2023-10-06T08:49:02","slug":"bez-osude-i-kazne-za-govor-mrznje","status":"publish","type":"post","link":"https:\/\/citajizmedjuredova.me\/?p=4008","title":{"rendered":"Bez osude i kazne za govor mr\u017enje"},"content":{"rendered":"\n<p><strong>Pi\u0161e: Ivan Ivanovi\u0107<\/strong><\/p>\n\n\n\n<p>Ve\u0107a grupa navija\u010da Sutjeske iz Nik\u0161i\u0107a krajem maja uzvikivala je &#8220;No\u017e, \u017eica, Podgorica&#8221; ulicama glavnog grada. Najve\u0107i funkcioneri, me\u0111u kojima predsjednik i premijer su od\u0107utali, predsjednik op\u0161tine Nik\u0161i\u0107 Marko Kove\u010devi\u0107 je relativizovao cijeli slu\u010daj, mediji uglavnom propustili da uka\u017eu koliko su ovo opasne poruke, a brojni gra\u0111ani komentarima na portalima poku\u0161ali da ih opravdaju.<\/p>\n\n\n\n<p>Tu\u017eila\u0161tvo slu\u010daj jo\u0161 ispituje u zemlji u kojoj svakodnevno svjedo\u010dimo sve \u010de\u0161\u0107em govoru mr\u017enje u javnom diskursu.<\/p>\n\n\n\n<p>Slogan je asocijacija na &#8220;No\u017e, \u017eica, Srebrenica&#8221;, kojim se veli\u010da genocid u kojem je 1995. u Srebrenici, u Bosni i Hercegovini, ubijeno vi\u0161e od osam hiljada Bo\u0161njaka.<\/p>\n\n\n\n<p>Iz Vi\u0161eg dr\u017eavnog tu\u017eila\u0161tva u Podgorici IMCG-u su saop\u0161tili da su samoinicijativno nakon doga\u0111aja formirali predmet, te da su dali nalog Upravi policije (UP) za prikupljanje potrebnih obavje\u0161tenja, u cilju rasvjetljavanja predmetnog doga\u0111aja i identifikacije osoba koji su skandirali.<\/p>\n\n\n\n<p>\u201cOd strane UP do sada je identifikovano vi\u0161e od 40 navija\u010da koji su prisustvovali predmetnom doga\u0111aju i od ve\u0107ine su uzete izjave, sa\u010dinjene su slu\u017ebene zabilje\u0161ke o konkretnim de\u0161avanjima, izuzeti su video snimci sa dostupnih nadzornih kamera, a po nalogu tu\u017eioca prikupljaju se i drugi dokazi radi utvr\u0111ivanja svih okolnosti vezanih za konkretan doga\u0111aj.&nbsp; Nakon \u0161to tu\u017eila\u0161tvu budu dostavljeni svi tra\u017eeni podaci i dokazi, tu\u017eila\u0161tvo \u0107e izvr\u0161iti svestranu analizu istih i donijeti odluku u predmetu\u201d, navela je rukovoditeljka ovog tu\u017eila\u0161tva Lepa Medenica.<\/p>\n\n\n\n<p>Socijalna radnica u nevladinoj organizaciji Akcija za ljudska prava, Martina Markolovi\u0107 je pozdravila formiranje predmeta i identifikovanje nekoliko navija\u010da (ne svih), ali nagla\u0161ava da to nije dovoljno.<\/p>\n\n\n\n<p>\u201cSvi odgovorni moraju biti procesuirani i ka\u017enjeni da bi se sprije\u010dilo dalje podsticanje mr\u017enje i novo nasilje. Ostaje da vidimo kako \u0107e se ovaj predmet okon\u010dati. Tako\u0111e, jo\u0161 uvijek je svima nejasno za\u0161to grupa policajaca, koja je bila u pratnji navija\u010da, nije odmah reagovala na ove povike? I to treba detaljno ispitati i o\u010dekujemo da to uradi bar Savjet za gra\u0111ansku kontrolu rada policije\u201d, navela je Markolovi\u0107 za IMCG.<\/p>\n\n\n\n<p>Markolovi\u0107 navodi da pomenuto pona\u0161anje navija\u010da prije svega govori o izostanku elementarne empatije prema \u017ertvama stravi\u010dnih zlo\u010dina, ali i o nedostatku gra\u0111anskog vaspitanja za \u017eivot u demokratskom, multietni\u010dkom i multireligijskom dru\u0161tvu kakvo je crnogorsko.<\/p>\n\n\n\n<p>\u201cOvakvom pona\u0161anju je sigurno doprinijela nedovoljna informisanost mladih o zlo\u010dinu u Srebrenici, ali i propaganda pojedinih politi\u010dkih partija koje negiraju da je u Srebrenici po\u010dinjen genocid, iako je to potvr\u0111eno odlukama dva me\u0111unarodna suda, i time sveukupno omalova\u017eavaju \u010dinjenicu da je u Srebrenici sistematski likvidirano osam hiljada nenaoru\u017eanih ljudi i dje\u010daka\u201d, kazala je ona.<\/p>\n\n\n\n<p>Na pitanje da ocijeni reakciju dr\u017eavnih organa, funkcionera odre\u0111enih partija i drugih, Markolovi\u0107 je kazala da joj je \u017eao \u0161to od navija\u010da nismo \u010duli izvinjenje ve\u0107 samo demantovanje da njihovo skandiranje ima veze sa \u201cgenocidima i prozivanjem manjinskih naroda\u201d.<\/p>\n\n\n\n<p>\u201cTakvim demantom nikoga nisu ubijedili\u201d, smatra ona.<\/p>\n\n\n\n<p>Navija\u010di Sutjesku su u saop\u0161tenju naveli, izme\u0111u ostalog, da njihovo skandiranje uo\u010di utakmice u Podgorici nema veze sa genocidima i prozivanjem manjinskih naroda i ocijenili da politi\u010dke partije preko njih poku\u0161avaju da skupe jeftine politi\u010dke poene pred parlamentarne izbore.<\/p>\n\n\n\n<p>Sa druge strane, Markolovi\u0107 obja\u0161njava, da je ovaj nacionalisti\u010dki govor mr\u017enje morao biti javno osu\u0111en sa svih nivoa vlasti, i lokalne i dr\u017eavne, \u0161to nije bio slu\u010daj.<\/p>\n\n\n\n<p>\u201cImali smo samo sporadi\u010dne javne osude pojedinih funkcionera, dok je izostala osuda novoizabranog predsjednika Jakova Milatovi\u0107a, premijera Dritana Abazovi\u0107a, ministra unutra\u0161nih poslova Filipa Ad\u017ei\u0107a&#8230;\u201d, podsje\u0107a ona.<\/p>\n\n\n\n<p>Prema analizi koju je radio IMCG, portali \u201cVijesti online\u201d, \u201cCDM\u201d i \u201cRTCG\u201d su uglavnom objavljivali reakcije na slu\u010daj spornog skandiranja, ali su propustili da daju sveobuhvatnu analizu i uka\u017eu na opasnost od ovakvih pokli\u010da kao i da uka\u017eu da u izjavama predsjednika op\u0161tine Nik\u0161i\u0107 Marka Kova\u010devi\u0107a, osim osude, ima i relativizacije slu\u010daja. U analiziranom periodu na portalu \u201cRTCG\u201d nije bilo mogu\u0107e prona\u0107i osnovnu informaciju o doga\u0111aju, a portal \u201cIN4S\u201d uop\u0161te nije izvijestio o ovom slu\u010daju.<\/p>\n\n\n\n<p>U toj analizi IMCG je analizirao portale &#8220;Vijesti online\u201d, \u201cCDM\u201d i \u201cRTCG\u201d i&nbsp; \u201cIN4S\u201d.<\/p>\n\n\n\n<p>Kova\u010devi\u0107 je kazao da neprimjereno skandiranje jednog broja navija\u010da Sutjeske pred utakmicu finala Kupa Crne Gore zaslu\u017euje najo\u0161triju osudu, te da poku\u0161aj da se ta pri\u010da izmakne iz navija\u010dke i da postane politi\u010dka i da se pripi\u0161e li\u010dno njemu zaista pokazuje da odre\u0111ene strukture nemaju stida u svom djelovanju.<\/p>\n\n\n\n<p>Na pitanje koja je uloga medija u suzbijanju govora mr\u017enje, novinarka Damira Kala\u010d navodi da se zanosimo idejom da su svi zaposleni u medijima, novinari, urednici &#8211; oni koji kreiraju sadr\u017eaj, osobe koje razumiju ljudska prava na na\u010din kako to tretiraju me\u0111unarodne konvencije i nacionalni propisi, \u201conako kako, i bez konvencija i zakona, jednostavno nala\u017ee zdrav razum, i zami\u0161ljamo i da su svi jednako senzibilisani da prepoznaju i govor mr\u017enje kao takav\u201d.<\/p>\n\n\n\n<p>\u201cNe\u0107emo imati problem da kr\u0161enje prava drugih prepoznaju oni koji nose to u sebi, koji su nekako, nekad kroz \u017eivot i obrazovanje, nau\u010dili i znaju da postoje ljudi koji nisu sve \u0161to i vi sami, ali po\u0161tuju njihove izbore i odre\u0111enje. Ali, ako u redakcijama imamo osobe koje ne umiju da prepoznaju kr\u0161enje prava drugih, onda je pred nama dosta posla. Te ljude valja nau\u010diti i senzibilisati, a to je u odraslom dobu te\u017ea rabota\u201d, upozorava ona.<\/p>\n\n\n\n<p>Stoga, Kala\u010d vjeruje da bi jo\u0161 u ranom \u0161kolskom, pa i vrti\u0107kom uzrastu, djecu trebalo da u\u010diti toleranciji, da su svi ljudi jednaki, te da koja god da li\u010dna i druga svojstva imaju u odnosu na nas, to je prilika da ih upoznamo, a ne da se udaljimo od njih.<\/p>\n\n\n\n<p>\u201cNe govorim ovo prvi put, ali mi se \u010dini kao na\u010din da nau\u010dimo kako da se odnosimo prema drugome &#8211; da se prisjetimo bilo koje situacije u \u017eivotu koja je nas povrijedila. Ako je mene neko htio da ponizi jer sam \u017eena, ili jer se zovem Damira, ili jer pretpostavlja moju seksualnu orijentaciju\u2026 samo da pogledam u sebe i sjetim se kako sam se osjetila tada i da se zapitam da li \u017eelim da se drugi osje\u0107a tako zbog mene. Ja ne\u201d, nagla\u0161ava ona.<\/p>\n\n\n\n<p>Kako navodi, za one koji su tvrdi u stavu i nikakva lekcija i rad sa njima ne poma\u017ee, onda je jedini na\u010din stroga regulativa, koja \u0107e sankcionisati govor mr\u017enje i kr\u0161enje prava drugih.<\/p>\n\n\n\n<p>\u201cI to va\u017ei i za redakcije, ali ponavljam &#8211; moramo biti sigurni da \u0107e i u redakcijama, na nivou odlu\u010divanja, ako ne kod novinara, biti ljudi koji razumiju koncept ljudskih prava i prepoznaju i kod zaposlenih kad ta prava kr\u0161e. Da tada razgovaraju sa njima, upute ih na konvencije, eti\u010dki kodeks novinara ili neke procedure na nivou konkretne redakcije\u201d, kazala je Kala\u010d.<\/p>\n\n\n\n<p>Analiza IMCG je pokazala i da je u komentarima \u010ditalaca na portalima \u201cVijesti Online\u201d i \u201cCDM\u201d zabilje\u017een veliki broj onih u kojima se slu\u010daj relativizuje,u kojima se skandiranje opravdava, mizogene poruke. U komentarima na Fejsbuku stranicama Vijesti i CDM zabilje\u017eene su te\u0161ke uvrede, psovke i pozivi na nasilje.<\/p>\n\n\n\n<p>Kala\u010d, smatra, da mediji osim u dijelu prepoznavanja govora mr\u017enje u javnom prostoru, danas dodatno moraju da reaguju i kad su komentari na portalima i dru\u0161tvenim mre\u017eama u pitanju.<\/p>\n\n\n\n<p>\u201cJer komentari su neodvojiv dio sadr\u017eaja koji kreiraju, a u komentarima \u010desto \u2018gori\u2019 od neprimjerenog govora. I to se posebno ogleda u komentarima na nalozima medija na dru\u0161tvenim mre\u017eama, gdje redakcije \u010desto propu\u0161taju da administriraju ostavljene komentare. Uz svu volju da razumijem komercijalnu potrebu redakcija da \u0161to je vi\u0161e komentara, vi\u0161e je posjeta, vi\u0161e i novca, ne razumijem da u tom smislu tu ne vlada zdrav razum i \u017eelja da javni prostor \u010dinimo prihvatljivim i ugodnim za svakog pojedinca\u201d, zaklju\u010duje ona.<\/p>\n\n\n\n<p><em>Ovaj tekst je ura\u0111en uz podr\u0161ku Fonda za podsticanje pluralizma i raznovrsnosti medija<\/em>.<\/p>\n","protected":false},"excerpt":{"rendered":"<p>Pi\u0161e: Ivan Ivanovi\u0107 Ve\u0107a grupa navija\u010da Sutjeske iz Nik\u0161i\u0107a krajem maja uzvikivala je &#8220;No\u017e, \u017eica, Podgorica&#8221; ulicama glavnog grada. Najve\u0107i funkcioneri, me\u0111u kojima predsjednik i premijer su od\u0107utali, predsjednik op\u0161tine Nik\u0161i\u0107 Marko Kove\u010devi\u0107 je relativizovao cijeli slu\u010daj, mediji uglavnom propustili da uka\u017eu koliko su ovo opasne poruke, a brojni gra\u0111ani komentarima na portalima poku\u0161ali da<\/p>\n","protected":false},"author":1,"featured_media":4009,"comment_status":"open","ping_status":"open","sticky":false,"template":"","format":"standard","meta":{"footnotes":""},"categories":[59],"tags":[92],"class_list":{"0":"post-4008","1":"post","2":"type-post","3":"status-publish","4":"format-standard","5":"has-post-thumbnail","7":"category-aktuelnosti","8":"tag-govor-mrznje"},"_links":{"self":[{"href":"https:\/\/citajizmedjuredova.me\/index.php?rest_route=\/wp\/v2\/posts\/4008","targetHints":{"allow":["GET"]}}],"collection":[{"href":"https:\/\/citajizmedjuredova.me\/index.php?rest_route=\/wp\/v2\/posts"}],"about":[{"href":"https:\/\/citajizmedjuredova.me\/index.php?rest_route=\/wp\/v2\/types\/post"}],"author":[{"embeddable":true,"href":"https:\/\/citajizmedjuredova.me\/index.php?rest_route=\/wp\/v2\/users\/1"}],"replies":[{"embeddable":true,"href":"https:\/\/citajizmedjuredova.me\/index.php?rest_route=%2Fwp%2Fv2%2Fcomments&post=4008"}],"version-history":[{"count":4,"href":"https:\/\/citajizmedjuredova.me\/index.php?rest_route=\/wp\/v2\/posts\/4008\/revisions"}],"predecessor-version":[{"id":4094,"href":"https:\/\/citajizmedjuredova.me\/index.php?rest_route=\/wp\/v2\/posts\/4008\/revisions\/4094"}],"wp:featuredmedia":[{"embeddable":true,"href":"https:\/\/citajizmedjuredova.me\/index.php?rest_route=\/wp\/v2\/media\/4009"}],"wp:attachment":[{"href":"https:\/\/citajizmedjuredova.me\/index.php?rest_route=%2Fwp%2Fv2%2Fmedia&parent=4008"}],"wp:term":[{"taxonomy":"category","embeddable":true,"href":"https:\/\/citajizmedjuredova.me\/index.php?rest_route=%2Fwp%2Fv2%2Fcategories&post=4008"},{"taxonomy":"post_tag","embeddable":true,"href":"https:\/\/citajizmedjuredova.me\/index.php?rest_route=%2Fwp%2Fv2%2Ftags&post=4008"}],"curies":[{"name":"wp","href":"https:\/\/api.w.org\/{rel}","templated":true}]}}