{"id":4022,"date":"2023-07-20T07:51:02","date_gmt":"2023-07-20T07:51:02","guid":{"rendered":"https:\/\/citajizmedjuredova.me\/?p=4022"},"modified":"2023-10-06T08:48:22","modified_gmt":"2023-10-06T08:48:22","slug":"govor-mrznje-u-medijima-vodi-do-linca-i-fizickog-nasilja","status":"publish","type":"post","link":"https:\/\/citajizmedjuredova.me\/?p=4022","title":{"rendered":"Govor mr\u017enje u medijima vodi do lin\u010da i fizi\u010dkog nasilja"},"content":{"rendered":"\n<p><strong>Pi\u0161e: Marija Pe\u0161i\u0107<\/strong><\/p>\n\n\n\n<p>\u201eU po\u010detku sam bio ravnodu\u0161an po pitanju cijele situacije ali kako su stvari po\u010dele da se eskaliraju, bio sam zabrinut i na kraju, naravno, upla\u0161en\u201c, ka\u017ee Petar Markovi\u0107, psiholog i psihotarapeut iz Bara koji je poslednjih mjeseci izlo\u017een uvredljivom govoru i govoru mr\u017enje.<\/p>\n\n\n\n<p>Prijetnje smr\u0107u, mizoginija, seksizam, lin\u010d, nasilje \u2013 sve to je do\u017eivio nakon \u0161to je njegova fotografija prikazana na televiziji \u201eHappy\u201c. Gosti i novinari okarakterisali su ga kao \u201esimbol prozapadnih vrijednosti\u201c koje su dovele do masakra u beogradskoj osnovnoj \u0161koli. &nbsp;<\/p>\n\n\n\n<p>Markovi\u0107a su predstavili i kao razlog za razne devijacije omladine, \u201eiskrivljenu seksualnost i dijelom NATO i ameri\u010dke agende\u201c. Sve to zbog zbog Markovi\u0107evog fizi\u010dkog izgleda i odjevne kombinacije koji se kose sa idejom tradicionalne mu\u0161kosti i onoga \u0161to gosti te televizije smatraju \u201enormalnim\u201c.<\/p>\n\n\n\n<p>Nastavilo se na dru\u0161tvenim mre\u017eama kada je Markovi\u0107eva fotografija postala predmet \u201emimova\u201c, komentara i objava punih govora mr\u017enje koje su se odnosile na njegov rod, seksualnost, fizi\u010dki izgled\u2026 Nedugo zatim po\u010dele su da sti\u017eu i najgore uvrede i prijenje smr\u0107u. Na taj na\u010din, kako ka\u017ee Markovi\u0107, stvorila se atmosfera lin\u010da.<\/p>\n\n\n\n<p>Nasilje u online prostoru vrlo brzo se prenijelo u onaj realni pa je tako Petar Markovi\u0107 dobijao uvrede i dobacivanja u svom gradu, Baru, i Podgorici. Napadnut je i fizi\u010dki kada ga je grupa mladi\u0107a sa\u010dekala ispred jedne srednje \u0161kole u Baru gdje je on oti\u0161ao da glasa na izborima.<\/p>\n\n\n\n<p>Markovi\u0107 je napade prijavio policiji jer, kako ka\u017ee, nasilja ima mnogo i ne \u017eeli da dozvoli da ga normalizujemo i po\u010dnemo da ga prihvatamo.<\/p>\n\n\n\n<p>Policiji je prijavio i uvrednljiv govor upu\u0107en njemu u komenatrima na portalu \u201eBarInfo\u201c i protiv lica koje je ostavilo komentar pokrenuo prekr\u0161ajni postupak.<\/p>\n\n\n\n<p><strong>Mizoginija i seksizam naj\u010de\u0161\u0107i oblici govora mr\u017enje<\/strong><\/p>\n\n\n\n<p>U jeku podno\u0161enja izbornih lista za parlamentarne izbore, portal Aktuelno objavio je tekst pod naslovom \u201eOdlazak starleta politi\u010dke prostitucije\u201c, u kojem na najprizemiji na\u010din targetiraju dvije poslanice Gradjanskog pokreta URA Bo\u017eenu Jelu\u0161i\u0107 i Suadu Zoronji\u0107.<\/p>\n\n\n\n<p>U slu\u010daju Bo\u017eene Jelu\u0161i\u0107, kako ona ka\u017ee, uobi\u010dajeni napadi sa ovog portala predstavljaju grube dezinformacije, smi\u0161ljeno plasirane narativne zablude i senzacionalisti\u010dke storitelinge sa elementima melodrame. \u201ePotreba da se ciljano i smi\u0161ljeno unizi moje dostojanstvo ove natpise smje\u0161ta u zonu krivi\u010dne odgovornosti i samim tim zna\u010dajnijih kazni\u201c, smatra ona.<\/p>\n\n\n\n<p>Dovoljno je, dodaje, &nbsp;po\u0107i samo od pomnutog naslova da bude jasno&nbsp; da je u pitanju uvredljivo i poni\u017eavaju\u0107e pona\u0161anje zasnovano na mizoginiji i seksizmu. \u201eTrenutno sam sa koleginicom, koja je tako\u0111e bila meta napada, u procesu podno\u0161enja tu\u017ebe. Pou\u010dena praksom jedne druge koleginice iz Skup\u0161tine i procesima koje redom dobija na sudovima, shvatila sam da na\u010din na koji ja li\u010dno reagujem na napade nije u dovoljnoj mjeri dru\u0161tveno odgovoran\u201c, obja\u0161njava Jelu\u0161i\u0107.<\/p>\n\n\n\n<p>U Crnoj Gori postoji ustaljeni narativ da one \u017eene koje se bave javnim poslom u koje su izlo\u017eenije javnosti od drugih treba da \u201etrpe\u201c. To je dovelo do djelimi\u010dne normalizacije mizoginije i seksizma u javnom prostoru.<\/p>\n\n\n\n<p>I Bo\u017eena Jelu\u0161i\u0107 misli da javne li\u010dnosti treba da imaju vi\u0161i prag tolerancije, osobito kada su u pitanju politi\u010dki komentari i politi\u010dka neslaganja. Me\u0111utim, politi\u010dka mimoila\u017eenja ne zna\u010de da je dozvoljen govor mr\u017enje prema \u017eenama, ugro\u017eavanje njihove privatnosti i uzemiravanje njihovih porodica, poja\u0161njava ona.<\/p>\n\n\n\n<p>\u201eKada \u017eena do\u0111e u priliku da uti\u010de na dono\u0161enje odluka (koje u Crnoj Gori ovih godina&nbsp; vuku duboke korijene iz nacionalne polarizacije i nerije\u0161enih dru\u0161tveno politi\u010dkih frustracija), \u017eena postaje \u201eprirodna\u201c meta i \u017ertva. Na\u017ealost, kod nas se ve\u0107 normalizovala diskriminacija \u017eena, o \u010demu jasno svjedo\u010di smanjenje u\u010de\u0161\u0107a \u017eena na izbornim listama i njihova sve manja zastupljenost u Skup\u0161tini i na mjestima odlu\u010divanja u izvr\u0161noj vlasti.&nbsp; To se dogodilo unato\u010d \u010dinjenici da je u pitanju flagrantno kr\u0161enje zakonskih normi i da su svi deklarativno za pridru\u017eivanje EU kojoj je orodnjenost politika jedan od prioritetnih ciljeva\u201c, zaklju\u010duje ona.<\/p>\n\n\n\n<p>Bo\u017eena Jelu\u0161i\u0107 misli da je nesankcionisanim govorom mr\u017enje prema \u017eenama u Crnoj Gori realizovan \u201epatrijarhalni\u201c cilj &#8211; da se \u017eene zastra\u0161e i u\u0107utkaju. Pri tom su, dodaje, mnoge \u017eene do\u017eivjele ozbiljni udar na samopouzdanje i mentalno zdravlje; \u0161to je uticalo na pojavu anskioznosti, depresije i drugih emocionlanih problema zbog&nbsp; kojih se \u017eene radije povla\u010de \u2013 \u201eNapadi ovakve vrste veoma ote\u017eavaju u\u010de\u0161\u0107e mladih \u017eena koje mo\u017eda nemaju dovoljno medijskih znanja i vje\u0161tina da se nose sa izazovma ovako malignog medijskog okru\u017eenja.\u201c<\/p>\n\n\n\n<p>Zato je potrebno osna\u017eiti \u017eene i nau\u010diti ih da ne toleri\u0161u govor mr\u017enje. Kao jedan oda na\u010dina za to, Jelu\u0161i\u0107 navodi tu\u017ebe. \u201eIza tih tu\u017ebi treba da stanu medijske ku\u0107e, pravosu\u0111e i politi\u010dke partije, \u0161alju\u0107i poruku da \u017eele druga\u010dije kulturne norme\u201c, poru\u010duje ona.<\/p>\n\n\n\n<p><strong>Umjesto rje\u0161enja, dio problema<\/strong><\/p>\n\n\n\n<p>Slu\u010daj poslanica i Markovi\u0107ev slu\u010daj, kojim smo se u tekstu bavili, dokazuju da sporni govor u medijima prethodi velikoj koli\u010dini govora mr\u017enje u javnom prostoru i na dru\u0161tvenim mre\u017eama, To je zaklju\u010dak i brojnih NVO organizacija, aktivista i kancelarije Ombusmana koji su osudili ovakav na\u010din medijskog izvje\u0161tavanja.<\/p>\n\n\n\n<p>Krivi\u010dni zakonik Crne Gore sadr\u017ei tri krivi\u010dna djela koja inkrimini\u0161u govor mr\u017enje, od kojih se dva primjenjuju u praksi. To su krivi\u010dno djelo izazivanje nacionalne, rasne i vjerske mr\u017enje za koje je propisana kazna od \u0161est mjeseci do pet godina zatvora za svakoga ko \u201ejavno podsti\u010de na nasilje ili mr\u017enju prema grupi ili \u010dlanu grupe koja je odre\u0111ena na osnovu rase, boje ko\u017ee, religije, porijekla, dr\u017eavne ili nacionalne pripadnosti\u201c, rasna i druga diskriminacija i povreda ravnopravnosti koje u \u0161irem smislu zabranjuje diskriminaciju (nije poznato da je govor mr\u017enje ikada kvalifikovan kao ovo krivi\u010dno djelo)<\/p>\n\n\n\n<p>Govor mr\u017enje je Zakonom o zabrani diskriminacije Crne Gore \u010dlanom 9a defini\u0161e govor mr\u017enje kao poseban oblik diskriminacije. Pitanje spre\u010davanja govora mr\u017enje tretirano je i Zakonom o javnom redu i miru koji predvi\u0111a da \u0107e se onaj ko na javnom mjestu govorom, natpisom, znakom ili na drugi na\u010din vrije\u0111a drugog po osnovu nacionalne, rasne ili vjerske pripadnosti, etni\u010dkog porijekla ili drugog li\u010dnog svojstva, kazniti za prekr\u0161aj nov\u010danom kaznom od 250 eura do 1.500 eura ili kaznom zatvora do 60 dana<\/p>\n\n\n\n<p>Zakonom o medijima zabranjuje se objavljivanje informacija kojima se izra\u017eavaju ideje, tvrdnje i mi\u0161ljenja koja izazivaju, \u0161ire, podsti\u010du ili pravdaju diskriminaciju, mr\u017enju ili nasilje protiv lica ili grupe lica zbog njihovog li\u010dnog svojstva, politi\u010dkog, vjerskog ili drugog uvjerenja, ksenofobiju, rasnu mr\u017enju, antisemitizam ili ostale oblike mr\u017enje zasnovane na netoleranciji, uklju\u010duju\u0107i i netoleranciju izra\u017eenu u formi nacionalizma, diskriminacije ineprijateljstva protiv manjinskog naroda i drugih manjinskih nacionalnih zajednica.<\/p>\n\n\n\n<p>Stru\u010dnjaci smatraju da je pravni okvir za suzbijanje govora mr\u017enje u Crnoj Gori je dovoljan za borbu protiv tog \u0161tetnog dru\u0161tvenog uticaja i da je uskla\u0111en sa me\u0111unarodnim standardima. Smatraju da bi se propisi mogli precizirati da, na primjer,&nbsp; ostave manje dilema u vezi sa tim kada bi u praksi trebalo primjenjivati krivi\u010dni, a kada prekr\u0161ajni postupak<\/p>\n\n\n\n<p>Du\u0161ka Pejovi\u0107, dugogodi\u0161nja novinarka, ka\u017ee da se govor mr\u017enje mo\u017ee \u010duti svuda u javnom prostoru ali je posebno zabrinjavaju\u0107e kad diskriminatorne izjave, grube uvrede, rasisti\u010dki i seksisti\u010dki govor mr\u017enje, politi\u010dke dezinformacije dolaze od visokih zvani\u010dnika jer imaju uticaj na veliki dio dru\u0161tva.&nbsp;<\/p>\n\n\n\n<p>\u201cNedostatak adekvatnih sankcija i djelovanja institucija uz medije koji podgrijavaju govor mr\u017enje i\/ili ne reaguju kriti\u010dki kad se takav govor koristi u javnom prostoru, za posljedicu ima normalizovanje i podsticanje negativnih pona\u0161anja, stvaranje atmosfere neka\u017enjivosti&nbsp; u kojoj ja\u010daju polarizacija, tenzije, netolerancija,&nbsp; agresivnost koja mo\u017ee voditi nasilju, kao i desni\u010darski pokreti, obja\u0161njava Pejovi\u0107. Ona dodaje da sve to mnoge ljude mo\u017ee odvratiti od ostvarivanja slobode izra\u017eavanja, slobodnog i argumentovanog dijaloga o va\u017enim pitanjima, \u0161to se odra\u017eava na razaranje dru\u0161tvene kohezije i zaustavljanje&nbsp; demokratskih procesa i napretka dru\u0161tva, dok istovremeno ja\u010daju antidemokratska pona\u0161anja i ugro\u017eavanje ljudskih prava\u201d, kazala je ona.<\/p>\n\n\n\n<p>Du\u0161ka Pejovi\u0107 ka\u017ee da je potrebno razdvojiti odgovornost autora govora mr\u017enje, i samih medija koji doprinose njegovom \u0161irenju u okviru svog zadatka da prenose informacije o pitanjima od javnog interesa a koje javnost ima pravo da zna. &nbsp;<\/p>\n\n\n\n<p>\u201eGovor mr\u017enje koji dolazi naro\u010dito od onih koji imaju politi\u010dku mo\u0107 i uticaj u dru\u0161tvu,&nbsp; novinarke i novinari treba da dekonstrui\u0161u\/ospore, razjasne karakter&nbsp; te pojave u cjelini i svakog pojedina\u010dnog slu\u010daja govora mr\u017enje, uka\u017eu na njegovu \u0161tetnost stavljaju\u0107i ga u kriti\u010dki kontekst u cilju njegovog suzbijanja. Na taj na\u010din mediji skre\u0107u pa\u017enju javnosti na pogubnost netolerancije,&nbsp; i promovi\u0161u demokratske vrijednosti&nbsp; i&nbsp; ljudska prava\u201c, zalju\u010duje.<\/p>\n\n\n\n<p>Da bi mediji mogli tako da djeluju, ona napominje va\u017enost edukacije novinara i novinarki o profesionalnim i eti\u010dkim standardima i da rade na unapre\u0111enju sopstvenog sistema vrijednosti koji je u skladu s kulturom tolerancije i po\u0161tovanjem ljudskih prava.<\/p>\n\n\n\n<p>Sagovornici isti\u010du i va\u017enost medijske pismenosti, ali i solidarnost samih \u017eena. \u2013 \u201eSvi moramo kriti\u010dki reagovati kada vidimo da nije rije\u010d o slobodi govora ve\u0107 o govoru mr\u017enje sa krajnjom namjerom da se nekoj \u017eeni unizi dostojanstvo.\u201e istakla je poslanica Bo\u017eena Jelu\u0161i\u0107.<\/p>\n\n\n\n<p><em>Ovaj tekst je ura\u0111en uz podr\u0161ku Fonda za podsticanje pluralizma i raznovrsnosti medija<\/em>.<\/p>\n\n\n\n<p><\/p>\n","protected":false},"excerpt":{"rendered":"<p>Pi\u0161e: Marija Pe\u0161i\u0107 \u201eU po\u010detku sam bio ravnodu\u0161an po pitanju cijele situacije ali kako su stvari po\u010dele da se eskaliraju, bio sam zabrinut i na kraju, naravno, upla\u0161en\u201c, ka\u017ee Petar Markovi\u0107, psiholog i psihotarapeut iz Bara koji je poslednjih mjeseci izlo\u017een uvredljivom govoru i govoru mr\u017enje. Prijetnje smr\u0107u, mizoginija, seksizam, lin\u010d, nasilje \u2013 sve to<\/p>\n","protected":false},"author":1,"featured_media":4023,"comment_status":"open","ping_status":"open","sticky":false,"template":"","format":"standard","meta":{"footnotes":""},"categories":[59],"tags":[],"class_list":{"0":"post-4022","1":"post","2":"type-post","3":"status-publish","4":"format-standard","5":"has-post-thumbnail","7":"category-aktuelnosti"},"_links":{"self":[{"href":"https:\/\/citajizmedjuredova.me\/index.php?rest_route=\/wp\/v2\/posts\/4022","targetHints":{"allow":["GET"]}}],"collection":[{"href":"https:\/\/citajizmedjuredova.me\/index.php?rest_route=\/wp\/v2\/posts"}],"about":[{"href":"https:\/\/citajizmedjuredova.me\/index.php?rest_route=\/wp\/v2\/types\/post"}],"author":[{"embeddable":true,"href":"https:\/\/citajizmedjuredova.me\/index.php?rest_route=\/wp\/v2\/users\/1"}],"replies":[{"embeddable":true,"href":"https:\/\/citajizmedjuredova.me\/index.php?rest_route=%2Fwp%2Fv2%2Fcomments&post=4022"}],"version-history":[{"count":2,"href":"https:\/\/citajizmedjuredova.me\/index.php?rest_route=\/wp\/v2\/posts\/4022\/revisions"}],"predecessor-version":[{"id":4093,"href":"https:\/\/citajizmedjuredova.me\/index.php?rest_route=\/wp\/v2\/posts\/4022\/revisions\/4093"}],"wp:featuredmedia":[{"embeddable":true,"href":"https:\/\/citajizmedjuredova.me\/index.php?rest_route=\/wp\/v2\/media\/4023"}],"wp:attachment":[{"href":"https:\/\/citajizmedjuredova.me\/index.php?rest_route=%2Fwp%2Fv2%2Fmedia&parent=4022"}],"wp:term":[{"taxonomy":"category","embeddable":true,"href":"https:\/\/citajizmedjuredova.me\/index.php?rest_route=%2Fwp%2Fv2%2Fcategories&post=4022"},{"taxonomy":"post_tag","embeddable":true,"href":"https:\/\/citajizmedjuredova.me\/index.php?rest_route=%2Fwp%2Fv2%2Ftags&post=4022"}],"curies":[{"name":"wp","href":"https:\/\/api.w.org\/{rel}","templated":true}]}}