{"id":4030,"date":"2023-08-14T09:36:26","date_gmt":"2023-08-14T09:36:26","guid":{"rendered":"https:\/\/citajizmedjuredova.me\/?p=4030"},"modified":"2023-08-14T09:36:27","modified_gmt":"2023-08-14T09:36:27","slug":"djeci-postalo-normalno-da-ih-vrijedaju-na-mrezama","status":"publish","type":"post","link":"https:\/\/citajizmedjuredova.me\/?p=4030","title":{"rendered":"Djeci postalo normalno da ih vrije\u0111aju na mre\u017eama"},"content":{"rendered":"\n<p><strong>Pi\u0161e: Milica Lipovac<\/strong><\/p>\n\n\n\n<p>Ve\u0107ina mojih vr\u0161njaka koristi TikToK, ka\u017ee \u010detrnaestogodi\u0161nja M.K. iz Kotora i dodaje da ona nije do\u017eivjela nikakve neprijatnosti, ali da se uznemiravanja de\u0161avaju dje\u010dacima i djevoj\u010dicama u starijim razredima osnove \u0161kole.<\/p>\n\n\n\n<p>\u201eZnam dvije ili tri drugarice koje ga nemaju, ali one nemaju ni druge dru\u0161tvene mre\u017ee\u201c, rekla je M.K. na\u0161em portalu.<\/p>\n\n\n\n<p>Ka\u017ee da ne kreira sadr\u017eaj, ve\u0107 samo prati neke od poznatih balkanskih TikTokera.<\/p>\n\n\n\n<p>\u201eU \u0161koli komentari\u0161emo snimke koje oni postavljaju, ali se ne pri\u010da ni\u0161ta ru\u017eno\u201c, rekla je M.K.<\/p>\n\n\n\n<p>U posljednjih nekoliko godina, u Crnoj Gori je bilo nekoliko slu\u010dajeva maltretiranja maloljetnika (za koje je javnost znala), ali, po pisanju BIRN-a, do jula 2022. godine policiji je prijavljen samo jedan slu\u010daj zlostavljanja putem TikToka, koji se odnosi na mladi\u0107a koji je koriste\u0107i tajno napravljene fotografije, snimke i videe, zlostavljao maloljetnicu preko la\u017enih profila na ovoj platformi.<\/p>\n\n\n\n<p>Jednu od najpopularnijih dru\u0161tvenih mre\u017ea, TikTok, je u prvih pet godina postojanja instaliralo skoro 3 milijarde ljudi. Koliko je popularna govori i podatak da je za isti broj \u201eskidanja\u201c Instagramu i Facebooku bilo potrebno skoro duplo vi\u0161e vremena.<\/p>\n\n\n\n<p>Me\u0111utim, velika popularnost zna\u010di i veliki uticaj, \u0161to sa sobom nosi i odre\u0111ene rizike \u2013 od nezdravih i opasnih izazova, uznemiravanja, la\u017enog predstavljanja, uho\u0111enja, do govora mr\u017enje. Rizik postaje time ve\u0107i uzimaju\u0107i u obzir podatak da najbrojnija skupina korisnika TikToka, njih 25 odsto, imaju izme\u0111u 10 i 19 godina.<\/p>\n\n\n\n<p>Kristina Mihailovi\u0107, iz Udru\u017eenja roditelja, smatra da nema efekta od prijave, jer \u201ekada se ne\u0161to desi prebacuju pri\u010du na roditelje i dr\u017ee lekcije \u0161to bi trebalo da se uradi da se prevenira ili kako da se gradi odnos sa djetetom, da bi znalo kako da se pona\u0161a, kako da razgovara sa roditeljima o tome i sli\u010dno.\u201c<\/p>\n\n\n\n<p>Iako, ka\u017ee, da su u pravu, smatra da kada do\u0111e do zloupotrebe ili problema, nema vajde od ovakve reakcije.<\/p>\n\n\n\n<p>\u201eTada treba da se djeluje i zaustavi haos koji djetetu i porodici pravi pakao od \u017eivota. Niti imaju mehanizme niti imaju ljude koji se time mogu adekvatno baviti\u201c, rekla je Kristina Mihailovi\u0107.<\/p>\n\n\n\n<p>Ona smatra da je govor mr\u017enje vrlo te\u0161ko zaobi\u0107i i da jedino \u0161to mo\u017ee da se uradi jeste da se ne poklanja pa\u017enja takvim sadr\u017eajima, \u0161to je, kako ka\u017ee, vrlo te\u0161ko, posebno kad su djeca u pitanju.<\/p>\n\n\n\n<p>\u201eKada ka\u017eem poklanja pa\u017enja mislim na to da se takvi sadr\u017eaji prate. TikTok mo\u017eda najvi\u0161e, ali i ostale mre\u017ee funkcioni\u0161u po algoritmu koji vam prikazuje ono \u0161to gledate i na \u0161ta se zaustavljate&nbsp; I \u010dim primijeti da ste se na ne\u0161to zadr\u017eali nudi vam stalno takve sadr\u017eaje. E to je problem\u201c, navela je Mihailovi\u0107.<\/p>\n\n\n\n<p>Ona ka\u017ee da je nerealno o\u010dekivati da \u0107e se uspostaviti neki sistem blokade koji \u0107e onemogu\u0107iti algoritam da radi na ovaj na\u010din jer \u201etakvi sadr\u017eaji imaju najvi\u0161e klikova, likeova pa time i reacha, a manje se misli na posljedice i negativne efekte\u201c.<\/p>\n\n\n\n<p>Navodi Francusku kao primjer dobre prakse, koja je zabranila djeci pristup dru\u0161tvenim mre\u017eama bez saglasnosti roditelja, ali upozorava da roditelji po tom pitanju nijesu dovoljno osvije\u0161\u0107enmi i da upravo oni i gledaju i komentari\u0161u takve sadr\u017eaje i to na na\u010din da promovi\u0161u mr\u017enju i netoleraciju.<\/p>\n\n\n\n<p>\u201eMnoge zemlje su prepoznale da imaju taj problem, ali mnoge zemlje nijesu samo to konstatovale nego su njihovi predstvanici institucija i nevladinih organizacija i svih koji su mogli da doprinesu, sjeli i osmislili kampanju i korake kako da uti\u010du na svijest djece i roditelja. Kod nas to zavisi od volje i \u017eelje pojedinca\u201c, rekla je Kristina Mihailovi\u0107.<\/p>\n\n\n\n<p>Pomenula je plan da se u saradnji sa Upravom policije i Ministarstvom prosvjete radi na ovom problemu, ali se promijenilo rukovodstvo policije i \u201eto vi\u0161e niko ni ne pominje\u201c.<\/p>\n\n\n\n<p>Katarina Jonev, stru\u010dnjakinja za bezbjednost djece na internetu, smatra da su slobode pona\u0161anja na ovoj dru\u0161tvenoj mre\u017ei pre\u0161le sve granice. Ona nagla\u0161ava jo\u0161 jedan problem koji je vezan za algoritam ove platforme, a to je da TikTok rijetko bri\u0161e i sankcioni\u0161e snimke koji su neprimjereni.<\/p>\n\n\n\n<p>\u201eOni se u velikoj mjeri oslanjaju na nas korisnike. Oni po\u0161tuju slobodu mi\u0161ljenja i izra\u017eavanja na dru\u0161tvenim mre\u017eama, i ne \u017eele da se bave cenzurom (ne ra\u010dunam kinesku verziju). Dakle, oni se oslanjaju na nas korisnike da prijavimo sadr\u017eaj koji je neadekvatan\u201c, rekla je Jonev.<\/p>\n\n\n\n<p>Me\u0111utim, kako navodi, \u201enije dovoljno da jedan sadr\u017eaj prijavi petoro ljudi, nego da bi algoritam registrovao da ne\u0161to nije kako treba, neki video klip treba da prijavi 5000 ljudi i tek tada \u0107e se uzeti u razmatranje, posredstvom vje\u0161ta\u010dke inteligencije, \u0161ta je to \u0161to u tom videoklipu budi nemir u korisnicima, pa da tek onda nakon nekoliko dana, revidiranjem sadr\u017eaja, bude odlu\u010deno da li \u0107e biti sklonjen ili ne\u201c.<\/p>\n\n\n\n<p>Ona ka\u017ee da joj se puno roditelja i djece \u017ealilo na sveprisutnost govora mr\u017enje na dru\u0161tvenim mre\u017eama, uklju\u010duju\u0107i TikTok.<\/p>\n\n\n\n<p>\u201eDjeca su, na\u017ealost, prihvatila kao normalnu situaciju da ih neko vrije\u0111a, da im ostavlja ru\u017ene komentare, da im skrin\u0161otuje fotografije, da ih uznemirava\u201c, ka\u017ee Joneva komentari\u0161u\u0107i visok stepen ra\u0161irenosti digitalnog nasilja.<\/p>\n\n\n\n<p>Zato, kada do\u0111e do stvaranja sadr\u017eaja na ovoj platformi, Joneva preporu\u010duje da se pravi \u201esadr\u017eaj koji je kreativan, koji ima edukativan karakter, koji promovi\u0161e lijepe vrijednosti i tradiciju, koji podi\u017ee svijest o nekim ekolo\u0161kim pitanjima, da se pokre\u0107u humanitarne akcije\u201c.<\/p>\n\n\n\n<p>Ona upozorava da ne mo\u017eemo da se uzdamo ni u jednu dru\u0161tvenu mre\u017eu, ili tehnolo\u0161ku kompaniju \u201eiz razloga \u0161to su svima njima puna usta floskula o bezbjednosti djece, da je njima jako stalo do toga da djeca budu sigurna i bezbjedna na njihovim platformama\u201c. Ona navodi da u stvarnom \u017eivotu to ne izgleda tako.<\/p>\n\n\n\n<p>Ona nagla\u0161ava da je potrebno da roditelji provjeravaju s vremena na vrijeme koje to sadr\u017eaje dijete prati, pogotovo ako nisu uspostavili sistem komunikacije sa njihovim djetetom.<\/p>\n\n\n\n<p>\u201eVeliki broj roditelja smatra da ako provjerava sadr\u017eaj koji dijete objavljuje ili prati, da je to neki vid \u0161pijuniranja i veoma se protive takvoj aktivnosti. Me\u0111utim, to ne treba da se smatra kao negativna aktivnost, pogotovo kada su u pitanju djeca u ni\u017eim razredima osnovnih \u0161kola\u201c, obja\u0161njava Joneva.<\/p>\n\n\n\n<p>Ivana Vuk\u0161i\u0107, psihologinja, ka\u017ee da, kada su djeca korisnici platforme TikTok ili pokazuju \u017eelju za tim, zadatak roditelja je da bude upu\u0107en u sadr\u017eaje koje dijete prati.<\/p>\n\n\n\n<p>\u201eUprkos tome \u0161to ne dijeli isto mi\u0161ljenje sa djetetom, po\u017eeljno je da poka\u017ee interesovanje za njih. Otvorenost za razgovor, aktivno slu\u0161anje djeteta i postavljanje pitanja o pogledanom sadr\u017eaju, je blagotvorno za odnos izme\u0111u roditelja i djeteta\u201c, rekla je Ivana Vuk\u0161i\u0107.<\/p>\n\n\n\n<p>Ona navodi da roditelji mogu povesti razgovor o nekom izazovu sa TikToka za koji su \u010duli ranije, pitati dijete \u0161ta misli o tome, koje su dobre strane, koje lo\u0161e, da li ne\u0161to mo\u017ee da se nau\u010di iz tog postupka.<\/p>\n\n\n\n<p>\u201eUkoliko dijete do\u017eivi neprijatnost, lak\u0161e \u0107e je prihvatiti kada zna da ima kome da se povjeri i da \u0107e nai\u0107i na razumijevanje\u201c, obja\u0161njava Vuk\u0161i\u0107.<\/p>\n\n\n\n<p>Ona savjetuje da, kada se dijete povjeri roditelju da je do\u017eivjelo neprijatno iskustvo na TikTok-u, prvi korak koji roditelj mo\u017ee da preduzme je da saslu\u0161a do kraja, uzdr\u017eavaju\u0107i se od burnih reakcija.<\/p>\n\n\n\n<p>\u201eSlede\u0107i je da pomogne djetetu da prepozna kako se osje\u0107a. Djeca se naj\u010de\u0161\u0107e osje\u0107aju povrije\u0111eno, tu\u017eno, razo\u010darano, bespomo\u0107no, ali sami te\u0161ko uspijevaju da prepoznaju sva ta osje\u0107anja i ispolje ih na adekvatan na\u010din. Kada su emocije prepoznate i prihva\u0107ene, mo\u017ee se sa djetetom razgovarati o mogu\u0107em rje\u0161enju problema\u201c, rekla je Vuk\u0161i\u0107.<\/p>\n\n\n\n<p>Ona zaklju\u010duje da, umjesto da donosimo radikalne odluke poput zabrane posje\u0107ivanja te platforme, ukidanju profila, \u201emiran razgovor, usmjeren na pitanja \u0161ta mo\u017eemo da uradimo sad i u narednim sli\u010dnim situacijama, mo\u017ee biti mnogo djelotvornije\u201c.<\/p>\n\n\n\n<p>Stru\u010dnjaci su saglasni da rje\u0161enje problema nije ukidanje TikToka za djecu, jer se takva ograni\u010denja mogu lako zloupotrijebiti, ve\u0107 u\u010denje maloljetnika kako pravilno koristiti aplikaciju.<\/p>\n\n\n\n<p><em>Ovaj tekst je ura\u0111en uz podr\u0161ku Fonda za podsticanje pluralizma i raznovrsnosti medija<\/em>.<\/p>\n","protected":false},"excerpt":{"rendered":"<p>Pi\u0161e: Milica Lipovac Ve\u0107ina mojih vr\u0161njaka koristi TikToK, ka\u017ee \u010detrnaestogodi\u0161nja M.K. iz Kotora i dodaje da ona nije do\u017eivjela nikakve neprijatnosti, ali da se uznemiravanja de\u0161avaju dje\u010dacima i djevoj\u010dicama u starijim razredima osnove \u0161kole. \u201eZnam dvije ili tri drugarice koje ga nemaju, ali one nemaju ni druge dru\u0161tvene mre\u017ee\u201c, rekla je M.K. na\u0161em portalu. Ka\u017ee<\/p>\n","protected":false},"author":1,"featured_media":4031,"comment_status":"open","ping_status":"open","sticky":false,"template":"","format":"standard","meta":{"footnotes":""},"categories":[59],"tags":[113,92],"class_list":{"0":"post-4030","1":"post","2":"type-post","3":"status-publish","4":"format-standard","5":"has-post-thumbnail","7":"category-aktuelnosti","8":"tag-drustvene-mreze","9":"tag-govor-mrznje"},"_links":{"self":[{"href":"https:\/\/citajizmedjuredova.me\/index.php?rest_route=\/wp\/v2\/posts\/4030","targetHints":{"allow":["GET"]}}],"collection":[{"href":"https:\/\/citajizmedjuredova.me\/index.php?rest_route=\/wp\/v2\/posts"}],"about":[{"href":"https:\/\/citajizmedjuredova.me\/index.php?rest_route=\/wp\/v2\/types\/post"}],"author":[{"embeddable":true,"href":"https:\/\/citajizmedjuredova.me\/index.php?rest_route=\/wp\/v2\/users\/1"}],"replies":[{"embeddable":true,"href":"https:\/\/citajizmedjuredova.me\/index.php?rest_route=%2Fwp%2Fv2%2Fcomments&post=4030"}],"version-history":[{"count":1,"href":"https:\/\/citajizmedjuredova.me\/index.php?rest_route=\/wp\/v2\/posts\/4030\/revisions"}],"predecessor-version":[{"id":4032,"href":"https:\/\/citajizmedjuredova.me\/index.php?rest_route=\/wp\/v2\/posts\/4030\/revisions\/4032"}],"wp:featuredmedia":[{"embeddable":true,"href":"https:\/\/citajizmedjuredova.me\/index.php?rest_route=\/wp\/v2\/media\/4031"}],"wp:attachment":[{"href":"https:\/\/citajizmedjuredova.me\/index.php?rest_route=%2Fwp%2Fv2%2Fmedia&parent=4030"}],"wp:term":[{"taxonomy":"category","embeddable":true,"href":"https:\/\/citajizmedjuredova.me\/index.php?rest_route=%2Fwp%2Fv2%2Fcategories&post=4030"},{"taxonomy":"post_tag","embeddable":true,"href":"https:\/\/citajizmedjuredova.me\/index.php?rest_route=%2Fwp%2Fv2%2Ftags&post=4030"}],"curies":[{"name":"wp","href":"https:\/\/api.w.org\/{rel}","templated":true}]}}