{"id":4037,"date":"2021-09-21T07:25:00","date_gmt":"2021-09-21T07:25:00","guid":{"rendered":"https:\/\/citajizmedjuredova.me\/?p=4037"},"modified":"2023-09-11T07:27:16","modified_gmt":"2023-09-11T07:27:16","slug":"iluzija-informisanosti-je-li-tvit-vijest-a-blog-analiza","status":"publish","type":"post","link":"https:\/\/citajizmedjuredova.me\/?p=4037","title":{"rendered":"Iluzija informisanosti: Je li tvit vijest, a blog analiza?"},"content":{"rendered":"\n<p><strong>PI\u0160E: Nata\u0161a Novovi\u0107, novinarka<\/strong><\/p>\n\n\n\n<p>Ne tako davno, pitanje \u2013 da li je vijest kad neko ko ima politi\u010dku mo\u0107 da uskrati povjerenje vladi, najavi da \u0107e to uraditi \u2013 zvu\u010dalo bi nestvarno. Naravno da bi bila vijest i to glavna na naslovnoj strani, na po\u010detku dnevnika na radiju i televiziji. Vi\u0161e nije tako. Ne zato \u0161to pad vlade nije va\u017ena vijest, nego \u0161to politi\u010dari takve i slii\u010dne stvari svakodnevno objavljuju na svojim Twitter ili Facebook profilima, pri \u010demu im je neuporedivo pre\u010di trenutni politi\u010dki cilj \u2013 pritisak na vladu, na primjer \u2013 od toga koliko je njihova najava istinita. Novinari i urednici pod stalnim su pritiskom, kao u pri\u010di o dje\u010daku koji je stalno vikao \u201cTo je vuk\u201d. \u0160ta ako propustite neku od objava iz saop\u0161tenja ili dru\u0161tvenih mre\u017ea, a vlada stvarno padne?<\/p>\n\n\n\n<p>Naravno, predmet interesovanja politi\u010dara i drugih aktera na javnoj sceni nijesu samo tako krupna pitanja kao \u0161to je pad vlade. Tvituje se, retvituje i postuje i komentari\u0161e sve i sva\u0161ta, a mediji su prepuni takve vrste informacija.<\/p>\n\n\n\n<p>Na jednom novinarskom skupu Andrijana Kadija, biv\u0161a direktorica TVCG, tu vrstu informacija nazvala je \u201cdostavlja\u010dkim novinarstvom\u201d. \u201cMediji su se pretvorili u proto\u010dni bojler tih informacija jer ih ne provjeravamo, ne analiziramo, ne istra\u017eujemo ve\u0107 ih samo distribuiramo, onako sirove, \u010desto i surove i tako dodatno kontaminiramo medijsku scenu\u201d, pojasnila je Kadija u izjavi za Institut za medije.<\/p>\n\n\n\n<p>Po njenim rije\u010dima, svakodnevnim izjavama i saop\u0161tenjima o svemu i sva\u010demu politi\u010dari umjesto novinara oblikuju medijski prostor. \u201cOni skre\u0107u pa\u017enju sa \u017eivotnih tema \u2013 siroma\u0161tva, korupcije i kriminala \u2013 na najprimitivnije podjele, na teme koje bude nacionalne strasti, na me\u0111usobna optu\u017eivanja koriste\u0107i pri tom \u010desto brutalni i uvredljiv rje\u010dnik. Po \u010ditav dan citiramo, rekla-kazala i na taj na\u010din mi se umjesto traga\u010da za istinom i \u010duvara demokratije pretvaramo u ogovara\u010de. Tako smo omogu\u0107ili politi\u010darima da dodatno kontroli\u0161u medijsku scenu i rade na\u0161 posao i, \u0161to je najgore, oblikuju javno mnjenje po svojoj mjeri\u201d, ka\u017ee Kadija.<\/p>\n\n\n\n<p>U novinarskim \u0161kolama se nekada u\u010dilo da partijska saop\u0161tenja ili izjave politi\u010dara najbolje mogu biti iskori\u0161tene ako poslu\u017ee kao povod ili trag za novinarsku pri\u010du. Hiperprodukcija saop\u0161tenja izjava, stavova, u\u010dinila je takav pristup gotovo nemogu\u0107im. Niti redakcije imaju kapaciteta da to rade, niti je, realno, potrebno da se raznoraznim stavovima ili podacima koji se povremeno poka\u017eu i kao neta\u010dni, posveti tekst u novinama i na portalima ili prilog na televiziji ili radiju. Uostalom, budu\u0107i da se vrte stalno iste teme, mogu\u0107e ih je smisleno uraditi na pet, ali ne i na pet stotina razli\u010ditih na\u010dina. Za razliku od toga \u2013 \u0161ta je pet hiljada tvitova, postova ili kometara, o popisu, recimo?<\/p>\n\n\n\n<p>\u201cFormula po kojoj bi svaki medij trebalo da funkcioni\u0161e jeste da svi moraju imati na umu da su tu zbog jedne jedine stvari \u2013 zbog javnosti i prava te javnosti da zna \u0161to rade oni koji vr\u0161e vlast. Da li rade po zakonu, da li tro\u0161e narodne pare kako je predvi\u0111eno, da li su korumpirani i da li ispunjavaju ono \u0161to je javni interes? A javni interes bi trebao da bude prioritet u razvoju jednog dru\u0161tva, poput borbe protiv kriminala, brige za socijalna pitanja, vi\u0161e gra\u0111anskih prava, ekonomski razvoj, razvoj tr\u017ei\u0161ne privrede i pridru\u017eivanje Evropskoj uniji. Dakle sve ono \u0161to ovda\u0161nji mediji, zatrpani dnevnom politikom, a u posljednje vrijeme i crkvenim pitanjima, jednostavno ne dr\u017ee u svom fokusu\u201d, ocjenjuje Mladen Zadrima, glavni i odgovorni urednik RTV Cetinje.<\/p>\n\n\n\n<p>Du\u0161ko Vukovi\u0107, medijski analiti\u010dar, smatra da novinarstvo ne treba i ne smije da ignori\u0161e ono \u0161to mu se dotura iz razli\u010ditih izvora, ali uvijek se mora imati na umu da je ono \u0161to mu je dotureno prvenstveno \u2013 a nekad i isklju\u010divo \u2013 u interesu onoga ko dotura, a ne u javnom interesu.<\/p>\n\n\n\n<p>\u201cNovinarstvo, me\u0111utim, postoji zbog javnog interesa i samo njemu treba da bude lojalno, pa mu dotureno treba poslu\u017eiti samo kao orijentir u traganju za istinom. Oni kojima nije stalo do istine (a to su uglavnom ljudi koji imaju mo\u0107 i \u017eele da je sa\u010duvaju) obilato koriste zavodljivost dru\u0161tvenih mre\u017ea i posredstvom njih zasipaju ljude mno\u0161tvom informacija kojima put do istine \u017eele da pretvore u opasan lavirint. To su nove, opasne forme prikrivene cenzure, na koje neznaveni nasjedaju, a koje podlacima u medijima slu\u017ee kao dobar izgovor. Caka je u tome da se u gomilama informativnih bezvredno\u0107a kojima su mediji svakodnevno zasuti uo\u010de i na profesionalno odgovoran na\u010din koriste samo one koje mogu poslu\u017eiti za vijesti i pri\u010de od kojih ljudi\/gra\u0111ani imaju koristi, ka\u017ee Vukovi\u0107.<\/p>\n\n\n\n<p>Iako mo\u017eda sa manje drame, jer ne rje\u0161avaju sve zemlje svaki dan istorijska pitanja kao Crna Gora, brisanje granica izme\u0111u medija i dru\u0161tvenih mre\u017ea, izme\u0111u ozbiljnih analiza kvalifikovanih stru\u010dnjaka i onih kojima se neko bavi pi\u0161u\u0107i svoj blog, de\u0161ava se svuda u svijetu.<\/p>\n\n\n\n<p>\u201cDanas svako ima pametni telefon i mo\u017ee zabilje\u017eiti ono \u0161to se u datom momentu zbiva i u realnom vremenu i to emitovati. Ono \u0161to je prednost \u201estarih\u201c medija je mogu\u0107nost da te pojave objasne, analiziraju i daju dublju i \u0161iru sliku\u201d, smatra Mladen Zadrima.<\/p>\n\n\n\n<p>Me\u0111utim, i kada je o analizama i ozbiljnijim pogledom na stvari rije\u010d, u novinarstvu ne cvjetaju ru\u017ee. Dijelom zbog dubokih politi\u010dkih podjela, dijelom zbog \u010dinjenice da je Crna Gora mala zemlja, dijelom zbog zna\u010dajne isklju\u010denosti akademske zajednice iz javnog \u017eivota, nije lako na\u0107i osobu koja \u0107e neki proces ili pojavu u dru\u0161tvu kvalitetno analizirati. Iako \u2018analiti\u010dari\u2019 ni\u010du na sve strane, \u010desto se de\u0161ava da se unaprijed zna \u0161ta \u0107e ko od njih re\u0107i i da upravo zato i dobijaju prostor u medijima.<\/p>\n\n\n\n<p>\u201cOnaj ko pretenduje na to da bude analiti\u010dar, morao bi biti neko ko zna vi\u0161e, ko ima uvid u \u010dinjenice i cjelinu u koju su one situirane, ko uvijek ima u vidu vremenski i sve druge kontekste. Takav analiti\u010dar sebi ne smije da dozvoli da bude bilo \u010diji glasnogovornik, a pogotovo ne da prokazuje bez osnova i hu\u0161ka na neistomi\u0161ljenike\u201d, ocjenjuje Du\u0161ko Vukovi\u0107.<\/p>\n\n\n\n<p>On primje\u0107uje da se kod nas uvrije\u017eila praksa da se olako svojstvo analiti\u010dara pripisuje \u2018likovima\u2019 koji su po onome \u0161to govore vi\u0161e ili manje ostra\u0161\u0107eni propagandisti i sa biografijama i stvarala\u010dkim bekgraundom koji ih ne preporu\u010duju. \u201cCrna Gora oskudijeva u ozbiljnoj, distanciranoj kriti\u010dkoj i analiti\u010dkoj pameti, \u0161to ne zna\u010di da se ne mo\u017ee koristiti i neka druga, ali onda takve osobe ne treba predstavljati kao analiti\u010dare, nego kao nekoga ko se bavi odre\u0111enim poslom i ko je blizak ovome ili onome, a, eto, voljan je da analizira odre\u0111enu problematiku. To bi bio po\u0161ten pristup\u201d, ka\u017ee Vukovi\u0107.<\/p>\n\n\n\n<p>O haoti\u010dnoj gomili informacija koja ne informi\u0161e ljude ve\u0107 samo stvara iluziju informisanosti, u knjizi \u201cSmrt ekspertize\u201d u izdanju Univerziteta Oksford, Tom Nikols, profesor nacionalne bezbijednosti na Harvardu pi\u0161e da nikada toliko ljudi nije imalo tako veliki pristup tolikom znanju, a ipak su bili toliko otporni na to da nau\u010de bilo \u0161ta.<\/p>\n\n\n\n<p>On obja\u0161njava kako na isti na\u010din na koji skrolovanje kroz beskrajne internet stranice mo\u017ee navesti ljude da pogre\u0161no zaklju\u010de da su ne\u0161to nau\u010dili, gledanje beskrajnih sati televizije i vi\u0161esatno skrolovanje stvara ljude koji \u2013 pogre\u0161no \u2013 misle da razumiju stvari. \u201cOno \u0161to stvar \u010dini jo\u0161 gorom je to \u0161to ih interakcija sa tolikom koli\u010dinom medija u isto vrijeme \u010dini otpornim prema tome da nau\u010de bilo \u0161ta \u0161to zahtijeva malo vi\u0161e vremena \u2013 ili \u0161to nije zabavno\u201d, pi\u0161e profesor Nikols.<\/p>\n\n\n\n<p>Na pitanje da li su gledaoci i \u010ditaoci u pravu \u0161to imaju tako malo povjerenja u medije, Tom Nikols odgovara da je, kao profesionalac u svom polju, sklon tome da instiktivno vjeruje da novinari, kao profesionalci u svom, znaju \u0161ta rade, te da, u principu, vjeruje ve\u0107ini novinara i odlukama njihovih urednika.<\/p>\n\n\n\n<p>Ipak, smatra ovaj autor, postoje novinari koji prave osnovne gre\u0161ke u fundamentalnim stvarima: \u201cPlitkost u izvje\u0161tavanju ne poti\u010de iz toga \u0161to novinarstvo privla\u010di neinteligentne ljude, ve\u0107 iz toga \u0161to u doba kada je&nbsp;sve&nbsp;novinarstvo i&nbsp;svako&nbsp;novinar, standari neizbje\u017eno padaju. Profesija koja je nekada imala makar neke granice za ulaz, postala je \u0161irom otvorena, sa istim rezultatima koje bi moglu o\u010dekivati kada bi medicina, pravo, avijacija ili arheologija postali \u201euradi sam\u201c projekti.<\/p>\n\n\n\n<p>Nije te\u0161ko saglasiti se sa Nikolsovim zaklju\u010dkom da za ovakvo stanje mo\u017eemo okriviti \u201eakademizaciju\u201c ne\u010dega \u0161to je nekada bio poziv. \u201cUmjesto pripravni\u010dkog rada u kojem bi pokrivali umrlice i sastanke u skup\u0161tinama op\u0161tina, dana\u0161nji novinari se obrazuju kroz akademske programe koji daju diplome mladim ljudima sa malo znanja o stvarima o kojima izvje\u0161tavaju. Drugim rije\u010dima, oni nau\u010de kako vijest treba da izgleda, ali ne i o dobrim navikama i praksama profesije. Mnogi od njih, navikli na to da objavljuju svoje duboke misli na internetu jo\u0161 od srednje \u0161kole, ne razumiju razliku izme\u0111u novinarstva i blogovanja. Iskusniji novinari, za to vrijeme, bivaju odba\u010deni, kako bi se oslobodilo mjesto za mla\u0111u generaciju koja zna kako da donese \u2018klikove&#8217;\u201d, pi\u0161e profesor Nikols.<\/p>\n\n\n\n<p>Nemogu\u0107a je misija utvrditi jasna pravila o tome koji tvit ili objavu na Facebooku nekog od politi\u010dara treba pretvoriti u vijest, a \u0161ta treba ignorisati, naro\u010dito ako ste novinar u Crnoj Gori gdje jo\u0161 nije savladan ni korak koji podrazumijeva da \u0107ete istim, ili bar sli\u010dnim, metrom mjeriti va\u017enost informacije, bez obzira na to sa koje strane politi\u010dkog spektra dolaze.<\/p>\n\n\n\n<p>Sve u svemu, nije lako novinarima u Crnoj Gori sa ovakvim akterima u javnom, posebno u politi\u010dkom \u017eivotu, ali nije lako ni pravu javnosti da zna sa ovakvim novinarima. Izuzeci potvr\u0111uju pravilo.<\/p>\n\n\n\n<p>Ovaj \u010dlanak je ura\u0111en uz finansijsku podr\u0161ku Evropske unije i Nacionalne zadu\u017ebine za demokratiju. Sadr\u017eaj je isklju\u010divo odgovornost autora i izdava\u010da Instituta za medije Crne Gore i nu\u017eno ne odra\u017eava stavove donatora.<\/p>\n","protected":false},"excerpt":{"rendered":"<p>PI\u0160E: Nata\u0161a Novovi\u0107, novinarka Ne tako davno, pitanje \u2013 da li je vijest kad neko ko ima politi\u010dku mo\u0107 da uskrati povjerenje vladi, najavi da \u0107e to uraditi \u2013 zvu\u010dalo bi nestvarno. Naravno da bi bila vijest i to glavna na naslovnoj strani, na po\u010detku dnevnika na radiju i televiziji. Vi\u0161e nije tako. Ne zato<\/p>\n","protected":false},"author":1,"featured_media":4038,"comment_status":"open","ping_status":"open","sticky":false,"template":"","format":"standard","meta":{"footnotes":""},"categories":[59],"tags":[119,118],"class_list":{"0":"post-4037","1":"post","2":"type-post","3":"status-publish","4":"format-standard","5":"has-post-thumbnail","7":"category-aktuelnosti","8":"tag-blog","9":"tag-tvit"},"_links":{"self":[{"href":"https:\/\/citajizmedjuredova.me\/index.php?rest_route=\/wp\/v2\/posts\/4037","targetHints":{"allow":["GET"]}}],"collection":[{"href":"https:\/\/citajizmedjuredova.me\/index.php?rest_route=\/wp\/v2\/posts"}],"about":[{"href":"https:\/\/citajizmedjuredova.me\/index.php?rest_route=\/wp\/v2\/types\/post"}],"author":[{"embeddable":true,"href":"https:\/\/citajizmedjuredova.me\/index.php?rest_route=\/wp\/v2\/users\/1"}],"replies":[{"embeddable":true,"href":"https:\/\/citajizmedjuredova.me\/index.php?rest_route=%2Fwp%2Fv2%2Fcomments&post=4037"}],"version-history":[{"count":1,"href":"https:\/\/citajizmedjuredova.me\/index.php?rest_route=\/wp\/v2\/posts\/4037\/revisions"}],"predecessor-version":[{"id":4039,"href":"https:\/\/citajizmedjuredova.me\/index.php?rest_route=\/wp\/v2\/posts\/4037\/revisions\/4039"}],"wp:featuredmedia":[{"embeddable":true,"href":"https:\/\/citajizmedjuredova.me\/index.php?rest_route=\/wp\/v2\/media\/4038"}],"wp:attachment":[{"href":"https:\/\/citajizmedjuredova.me\/index.php?rest_route=%2Fwp%2Fv2%2Fmedia&parent=4037"}],"wp:term":[{"taxonomy":"category","embeddable":true,"href":"https:\/\/citajizmedjuredova.me\/index.php?rest_route=%2Fwp%2Fv2%2Fcategories&post=4037"},{"taxonomy":"post_tag","embeddable":true,"href":"https:\/\/citajizmedjuredova.me\/index.php?rest_route=%2Fwp%2Fv2%2Ftags&post=4037"}],"curies":[{"name":"wp","href":"https:\/\/api.w.org\/{rel}","templated":true}]}}