{"id":4065,"date":"2023-09-15T08:20:38","date_gmt":"2023-09-15T08:20:38","guid":{"rendered":"https:\/\/citajizmedjuredova.me\/?p=4065"},"modified":"2023-09-15T08:20:39","modified_gmt":"2023-09-15T08:20:39","slug":"tuzilastvo-ni-u-naznakama-ne-vidi-diskriminaciju","status":"publish","type":"post","link":"https:\/\/citajizmedjuredova.me\/?p=4065","title":{"rendered":"Tu\u017eila\u0161tvo ni u naznakama ne vidi diskriminaciju"},"content":{"rendered":"\n<p><strong>Pi\u0161u: D. Bogdanovi\u0107 i T. \u0110urni\u0107<\/strong><\/p>\n\n\n\n<p>&nbsp;\u201cDru\u0161tvene mre\u017ee i internet glavno su izvori\u0161te i prostor u kom se vode rasprave koje podsti\u010du i \u0161ire mr\u017enju i netoleranciju po bilo kom osnovu, uklju\u010duju\u0107i i vjersku\u201d, ka\u017eu iz Institucije Za\u0161titnika ljudskih prava i sloboda komentari\u0161u\u0107i slu\u010dajeve netrepeljivosti prema pripadnicama islamske vjeroispovjesti koji su se u svega nekoliko dana dogodili na crnogorskom pirmorju.<\/p>\n\n\n\n<p>Prvo je na dru\u0161tvenoj mre\u017ei Fejsbuk objavljen snimak na kom Dragan \u0110urovi\u0107, zakupac kupali\u0161ta na Utjehi u Baru, zabranjuje djevojci obu\u010denoj u burkiniju da se kupa na tom mjestu. Nakon \u0161to jedna od \u017eena na snimku ka\u017ee da \u0107e oti\u0107i sa pla\u017ee ali pita za razlog, \u0110urovi\u0107 ka\u017ee da je razlog taj \u201c\u0161to mrzi muslimane\u201d. Slu\u010daj je izazvao o\u0161tre reakcije dijela javnosti. Tvrde da je ovo samo jo\u0161 jedan od dokaza porasta etni\u010dke netolerancije. Nakon toga, oglasio se i sam \u0110urovi\u0107 koji je kazao da je snimak montiran te da je svaki gost dobrodo\u0161ao i u hid\u017eabu na njegovom dijelu pla\u017ee, ali ne i na bazenima gdje je, kako ka\u017ee, istaknut pano da nije dozvoljeno kupanje u odje\u0107i zbog higijenskih razloga i otpora gostiju. Najavio je i krivi\u010dnu prijavu.<\/p>\n\n\n\n<p>Slu\u010daj je u nadle\u017enosti Vi\u0161eg tu\u017eila\u0161tva u Podgorici iz kojeg nam je saop\u0161teno da su formirali predmet i da se on nalazi u fazi izvi\u0111aja.<\/p>\n\n\n\n<p>Svega par dana kasnije, turisti iz Kuvajta poliveni su alkoholom sa balkona jednog hotela u Budvi dok su stajali na trotoaru. Prema pisanju medija, supruga je bila u tradicionalnoj no\u0161nji i nosila hid\u017eab, a poliveni su od strane osamnaestogodi\u0161njeg Nikole Romanovi\u0107a austrijskog dr\u017eavljanina, srpskog porijekla.<\/p>\n\n\n\n<p>Povodom ovog incidenta pred Sudom za prekr\u0161aje u Budvi pokrenut je i vo\u0111en prekr\u0161ajni postupak, te je Romanovi\u0107 progla\u0161en krivim za prekr\u0161aj iz Zakona o javnom redu i miru i ka\u017enjen nov\u010danom kaznom od 250,00 eura. Oni tako\u0111e isti\u010du da se u opisu samog prekr\u0161aja ne navodi da je u pitanju alkohol kao pi\u0107e kojim su turisti poliveni, niti da je turistkinja nosila hid\u017eab. I o ovom slu\u010daju ODT Kotor obavijestio je Vi\u0161e tu\u017eila\u0161tvo koje je ocijenilo da nije bilo elemenata krivi\u010dnog djela za koje se goni po slu\u017ebenoj du\u017enosti, ve\u0107 da se radilo o prekr\u0161aju.<\/p>\n\n\n\n<p>Pravna savjetnica u Akciji za ljudska prava (HRA), Milica Bulatovi\u0107 ka\u017ee da se u prvom slu\u010daju radi o primjeru posredne diskriminacije, odnosno da je \u201cnaizgled neutralna zabrana kupanja u odijelu vjerovatno prikrivena diskriminacija, jer se jedino muslimanke kupaju u burkiniju\u201d, navode\u0107i da je takva vrsta diskriminacije krivi\u010dno djelo \u201cPovreda ravnopravnosti gra\u0111ana u u\u017eivanju njihovih ljudskih prava\u201d, u ovom slu\u010daju uskra\u0107ivanju slobode kretanja.<\/p>\n\n\n\n<p>Povodom ovog slu\u010daja poku\u0161ali su da reaguju i iz Institucije Za\u0161titnika ljudskih prava i sloboda Crne Gore, ali od stranke kojoj je na\u010dinjena \u0161teta nisu dobili odgovor.<\/p>\n\n\n\n<p>\u201cU vezi slu\u010daja u Baru i pored poku\u0161aja nijesmo uspjeli da do\u0111emo do stranke kako bismo dobili njenu saglasnost za postupanje, koja nam je neophodna u skladu sa Zakonom o Za\u0161titniku. Ovim povodom obra\u0107ali smo se i Prijavno-odjavnoj slu\u017eni MUP-a, tako da preliminarna faza postupka nije mogla biti nastavljena\u201d, kazali su.<\/p>\n\n\n\n<p>Povodom slu\u010daja koji se dogodio u Budvi, iz Institucije Za\u0161titnika navode da intervencija Ombudsmana nije bila nu\u017ena zbog postupanja nadle\u017enih organa, budu\u0107i da je odgovorno lice pravosna\u017eno ka\u017enjeno u sudskom postupku.<\/p>\n\n\n\n<p>Sa druge strane, Bulatovi\u0107ka iz HRA navodi da je u tom slu\u010daju utvr\u0111ena odgovornost izvr\u0161ioca za prekr\u0161aj &#8220;drsko i bezobzirno pona\u0161anje na javnom mjestu&#8221;, ali da nema podataka o tome da je uop\u0161te istra\u017eivana diskriminatorna namjera, s obzirom na to da je, kako ka\u017ee \u201calkoholom polio osobu koja je o\u010digledne islamske vjeroispovjesti\u201d.<\/p>\n\n\n\n<p>Bulatovi\u0107ka navodi da je diskriminacija mnogo opasnija pojava od obi\u010dnog bezobzirnog pona\u0161anja, koja je zbog toga zabranjena i Krivi\u010dnim zakonikom.<\/p>\n\n\n\n<p>\u201cDr\u017eavno tu\u017eila\u0161tvo ima slu\u017ebenu du\u017enost da diskriminatorne pojave suzbija tako \u0161to \u0107e ih prije svega adekvatno istra\u017eiti, a onda i procesuirati tako da svima bude jasno da su takva pona\u0161anja u Crnoj Gori zabranjena, uostalom kao i u svim drugim demokratskim dr\u017eavama\u201d, dodaje ona.<\/p>\n\n\n\n<p>Iz Institucije Za\u0161titnika primje\u0107uju da, kada su u pitanju diskriminacija i netrpeljivost po osnovu vjerske i nacionalne pripadnosti, se takve pojave registruju \u010de\u0161\u0107e onda kada su aktuelni odre\u0111eni dru\u0161tveno-politi\u010dki procesi koji dijele dru\u0161tvo i izazivaju tenzije.<\/p>\n\n\n\n<p>\u201cSituacije, poput skrnavljenja vjerskih objekata, ispisivanja pogrdnih grafita sa vjerskom konotacijom, govor mr\u017enje u javnom diskursu i sli\u010dno, ukazuju na potrebu daljeg ja\u010danja multikulturalizma, me\u0111unacionalnog i me\u0111uvjerskog sklada i tolerancije, \u0161to je od izuzetne va\u017enosti za dalji razvoj demokratskog dru\u0161tva\u201d, navode oni.<\/p>\n\n\n\n<p>Iz Institucije Za\u0161titnika posebno upozoravaju na dru\u0161tvene mre\u017ee i internet kao glavno izvori\u0161te i prostor u kom se vode rasprave koje podsti\u010du i \u0161ire mr\u017enju i netoleranciju po bilo kom osnovu, uklju\u010duju\u0107i i vjersku, te ukazuju da je neophodno poja\u010dati kontrolnu, uklju\u010duju\u0107i samoregulatornu, funkciju u pra\u0107enju sajber prostora i dru\u0161tvenih mre\u017ea.<\/p>\n\n\n\n<p>\u201cS tim u vezi, ukazivali smo i da je potrebno oja\u010dati mehanizme otkrivanja i procesuiranja govora mr\u017enje na dru\u0161tvenim mre\u017eama i jasno definisati nadle\u017enosti i ovla\u0161\u0107enja pojedinih institucija i dr\u017eavnih organa na suzbijanju ove pojave; oja\u010dati mehanizme prijava neprimjerenih komentara i njihovih uklanjanja na portalima registrovanih medija u Crnoj Gori\u201d, isti\u010du iz ove institucije.<\/p>\n\n\n\n<p>Crnogrski pravosudni organi ne vode objedinjenu statistiku o slu\u010dajevima koji sadr\u017ee elemenat mr\u017enje ili diskriminacije, niti posebno po vjerskom osnovi. <\/p>\n\n\n\n<p><em>Ovaj tekst je ura\u0111en uz podr\u0161ku Fonda za podsticanje pluralizma i raznovrsnosti<\/em><\/p>\n","protected":false},"excerpt":{"rendered":"<p>Pi\u0161u: D. Bogdanovi\u0107 i T. \u0110urni\u0107 &nbsp;\u201cDru\u0161tvene mre\u017ee i internet glavno su izvori\u0161te i prostor u kom se vode rasprave koje podsti\u010du i \u0161ire mr\u017enju i netoleranciju po bilo kom osnovu, uklju\u010duju\u0107i i vjersku\u201d, ka\u017eu iz Institucije Za\u0161titnika ljudskih prava i sloboda komentari\u0161u\u0107i slu\u010dajeve netrepeljivosti prema pripadnicama islamske vjeroispovjesti koji su se u svega nekoliko<\/p>\n","protected":false},"author":1,"featured_media":4066,"comment_status":"open","ping_status":"open","sticky":false,"template":"","format":"standard","meta":{"footnotes":""},"categories":[59],"tags":[],"class_list":{"0":"post-4065","1":"post","2":"type-post","3":"status-publish","4":"format-standard","5":"has-post-thumbnail","7":"category-aktuelnosti"},"_links":{"self":[{"href":"https:\/\/citajizmedjuredova.me\/index.php?rest_route=\/wp\/v2\/posts\/4065","targetHints":{"allow":["GET"]}}],"collection":[{"href":"https:\/\/citajizmedjuredova.me\/index.php?rest_route=\/wp\/v2\/posts"}],"about":[{"href":"https:\/\/citajizmedjuredova.me\/index.php?rest_route=\/wp\/v2\/types\/post"}],"author":[{"embeddable":true,"href":"https:\/\/citajizmedjuredova.me\/index.php?rest_route=\/wp\/v2\/users\/1"}],"replies":[{"embeddable":true,"href":"https:\/\/citajizmedjuredova.me\/index.php?rest_route=%2Fwp%2Fv2%2Fcomments&post=4065"}],"version-history":[{"count":1,"href":"https:\/\/citajizmedjuredova.me\/index.php?rest_route=\/wp\/v2\/posts\/4065\/revisions"}],"predecessor-version":[{"id":4067,"href":"https:\/\/citajizmedjuredova.me\/index.php?rest_route=\/wp\/v2\/posts\/4065\/revisions\/4067"}],"wp:featuredmedia":[{"embeddable":true,"href":"https:\/\/citajizmedjuredova.me\/index.php?rest_route=\/wp\/v2\/media\/4066"}],"wp:attachment":[{"href":"https:\/\/citajizmedjuredova.me\/index.php?rest_route=%2Fwp%2Fv2%2Fmedia&parent=4065"}],"wp:term":[{"taxonomy":"category","embeddable":true,"href":"https:\/\/citajizmedjuredova.me\/index.php?rest_route=%2Fwp%2Fv2%2Fcategories&post=4065"},{"taxonomy":"post_tag","embeddable":true,"href":"https:\/\/citajizmedjuredova.me\/index.php?rest_route=%2Fwp%2Fv2%2Ftags&post=4065"}],"curies":[{"name":"wp","href":"https:\/\/api.w.org\/{rel}","templated":true}]}}