{"id":4069,"date":"2023-09-20T07:46:37","date_gmt":"2023-09-20T07:46:37","guid":{"rendered":"https:\/\/citajizmedjuredova.me\/?p=4069"},"modified":"2023-09-21T07:54:40","modified_gmt":"2023-09-21T07:54:40","slug":"kad-advokati-vrijedaju-ko-je-zaboravio-na-etiku","status":"publish","type":"post","link":"https:\/\/citajizmedjuredova.me\/?p=4069","title":{"rendered":"Kad advokati vrije\u0111aju: Ko je zaboravio na etiku?"},"content":{"rendered":"\n<p><strong>Pi\u0161e: \u0110or\u0111e \u0110uki\u0107<\/strong><\/p>\n\n\n\n<p>\u201eVrati se u Japan dok si na vrijeme\u201c, \u201eSme*aru bjelosvjetski, ti ne\u0107e\u0161 biti dio nikakve Vlade\u201c, nijesu rije\u010di prosje\u010dnog bota na dru\u0161tvenim mre\u017eama, ve\u0107 advokata Dalibora Kavari\u0107a upu\u0107ene mandataru za sastav nove Vlade, Milojku Spaji\u0107u. Salva uvreda na ra\u010dun mandatara od strane advokata Mitropolije crnogorsko primorske, uslijedile su nakon \u0161to Spaji\u0107 nije vidio koaliciju \u201eZa budu\u0107nost Crne Gore\u201c u novoj Vladi.<\/p>\n\n\n\n<p>Advokat Kavari\u0107 nije me\u0111utim usamljen slu\u010daj. I njegov kolega Velibor Markovi\u0107 vi\u0161e puta je pa\u017enju javnosti privukao mizoginim govorom. U nekoliko navrata je targetirao dekanicu Pravnog fakulteta Anetu Spai\u0107, kao i izvr\u0161nu direktoricu Akcije za ljudska prava Tea Gorjanc Prelevi\u0107, ali i mnoge druge.<\/p>\n\n\n\n<p>Novo rukovodstvo Advokatske komore, na \u010delu sa Danilom Mi\u0107ovi\u0107em, nije se ogla\u0161avalo nakon javnog nastupa Kavari\u0107a.<\/p>\n\n\n\n<p>Iako su nam u nekoliko navrata obe\u0107ali da \u0107emo dobiti odgovore na pitanje da li su preduzeli \u0161to protiv advokata zbog javnog spornog govora i \u0161ta nam ovi slu\u010dajevi govore o polo\u017eaju pravne struke u Crnoj Gori, ni nakon desetak dana odgovore nijesmo dobili.<\/p>\n\n\n\n<p>Nije poznato da li je protiv advokata Kavari\u0107a, Spaji\u0107 podnio prijavu Advokatskoj komori, ali se u svakom slu\u010daju radi o veoma uvredljivom govoru, poru\u010duju iz Akcije za ljudska prava.<\/p>\n\n\n\n<p>Zanimljivo bi bilo vidjeti, dodaju iz te NVO , da li bi profesionalno udru\u017eenje advokata Crne Gore ocijenilo da li se ovim slu\u010dajevima \u201e\u010duva ugled\u201c advokature i doprinosi op\u0161toj pravni\u010dkoj kulturi, ili ne.<\/p>\n\n\n\n<p>\u201ePodsje\u0107amo da je Centar za \u017eenska prava podnijela krivi\u010dnu prijavu protiv Velibora Markovi\u0107a zbog kr\u0161enja Kodeksa profesionalne etike advokata mizoginim javnim istupima na dru\u0161tvenoj mre\u017ei, koja nikada nije ni razmatrana, koliko nam je poznato, niti je Centar za \u017eenska prava u posljednje tri godine dobilo bilo kakvo obavje\u0161tenje o tome od Advokatske komore\u201c, \u0161to sve ukazuje na pristrasno djelovanje nadle\u017enih organa Advokatske komore u pravcu za\u0161tite svojih \u010dlanova po svaku cijenu, napominju iz Akcije za ljudska prava.<\/p>\n\n\n\n<p>Advokati disciplinski odgovaraju za povredu du\u017enosti advokata \u0161to je utvr\u0111eno Statutom Advokatske komore, ali i za kr\u0161enje advokatske etike, propisane Kodeksom.<\/p>\n\n\n\n<p>Na sajtu Advokatske komore mo\u017ee se na\u0107i Kodeks profesionalne etike advokata, iz 1999. godine, ali koji jasno stavlja do znanja da se advokati moraju pridr\u017eavati nekih osnovnih pravila. Iako je pravo vje\u0161tina dobrote i jednakosti, odnosno pravde, \u010dini se da neki nisu upoznati, ili se bar svjesno ne pridr\u017eavaju, onog iskonskog pravnog, ali i etike.<\/p>\n\n\n\n<p>\u201cAdvokat ostvaruje i \u0161titi interese klijenta, ali i slu\u017ei interesima pravde, i obavezan je svojim profesionalnim i drugim javnim djelovanjem i li\u010dnim primjerom da doprinosi vladavini prava i dru\u0161tvu zasnovanom na po\u0161tovanju zakona\u201c. (Ta\u010dka 3, Osnovi profesionalne etike i odgovornosti).<\/p>\n\n\n\n<p>Me\u0111utim, \u010desto smo svjedoci da se odre\u0111ena lica iz advokature ne pridr\u017eavaju eti\u010dkog kodeksa, isti\u010de Vasilije Radulovi\u0107 iz Centra za gra\u0111ansko obrazovanje.<\/p>\n\n\n\n<p>\u201eNiti imaju svijest da neki njihovi javni istupi \u0161tete ugledu profesije, osim \u0161to njih same stavljaju u poziciju onih koji uru\u0161avaju kulturu javnog dijaoga jer koriste rje\u010dnik koji nije primjeren\u201c, navodi Radulovi\u0107.<\/p>\n\n\n\n<p>Primjeri iz prakse, izme\u0111u ostalih i nabrojani, ne doprinose ugledu advokature, a posebno brine, isti\u010de Radulovi\u0107, \u0161to nema javno dostupnih informacija da je Advokatska komora samoinicijativno pokrenula postupak.<\/p>\n\n\n\n<p>\u201eSvjedoci smo da je Advokatska komora prili\u010dno organizovana nastupala jedino kada su se opirali fiskalizaciji ili dovoili u pitanje vjerodostojnost SKY komunikacije kao dokaznog materijala. To, samo po sebi, pokazuje da ni unutar ove grupacije ne postoji izgra\u0111ena svijest o sistemskom pristupu za\u0161titi ugleda profesije\u201c, zaklju\u010duje saradnik na programima u Centru za gra\u0111ansko obrazovanje.<\/p>\n\n\n\n<p>Istra\u017eivanje Akcije za ljudska prava iz 2017. godine pokazuje da je utvr\u0111ivanje disciplinske odgovornosti advokata nedjelotvorno, jer je za pet godina utvr\u0111eno u manje od 2% prijavljenih slu\u010dajeva.<\/p>\n\n\n\n<p><em>Ovaj tekst je ura\u0111en uz podr\u0161ku Fonda za podsticanje pluralizma i raznovrsnosti<\/em>.<\/p>\n","protected":false},"excerpt":{"rendered":"<p>Pi\u0161e: \u0110or\u0111e \u0110uki\u0107 \u201eVrati se u Japan dok si na vrijeme\u201c, \u201eSme*aru bjelosvjetski, ti ne\u0107e\u0161 biti dio nikakve Vlade\u201c, nijesu rije\u010di prosje\u010dnog bota na dru\u0161tvenim mre\u017eama, ve\u0107 advokata Dalibora Kavari\u0107a upu\u0107ene mandataru za sastav nove Vlade, Milojku Spaji\u0107u. Salva uvreda na ra\u010dun mandatara od strane advokata Mitropolije crnogorsko primorske, uslijedile su nakon \u0161to Spaji\u0107 nije<\/p>\n","protected":false},"author":1,"featured_media":4070,"comment_status":"open","ping_status":"open","sticky":false,"template":"","format":"standard","meta":{"footnotes":""},"categories":[59],"tags":[92],"class_list":{"0":"post-4069","1":"post","2":"type-post","3":"status-publish","4":"format-standard","5":"has-post-thumbnail","7":"category-aktuelnosti","8":"tag-govor-mrznje"},"_links":{"self":[{"href":"https:\/\/citajizmedjuredova.me\/index.php?rest_route=\/wp\/v2\/posts\/4069","targetHints":{"allow":["GET"]}}],"collection":[{"href":"https:\/\/citajizmedjuredova.me\/index.php?rest_route=\/wp\/v2\/posts"}],"about":[{"href":"https:\/\/citajizmedjuredova.me\/index.php?rest_route=\/wp\/v2\/types\/post"}],"author":[{"embeddable":true,"href":"https:\/\/citajizmedjuredova.me\/index.php?rest_route=\/wp\/v2\/users\/1"}],"replies":[{"embeddable":true,"href":"https:\/\/citajizmedjuredova.me\/index.php?rest_route=%2Fwp%2Fv2%2Fcomments&post=4069"}],"version-history":[{"count":1,"href":"https:\/\/citajizmedjuredova.me\/index.php?rest_route=\/wp\/v2\/posts\/4069\/revisions"}],"predecessor-version":[{"id":4071,"href":"https:\/\/citajizmedjuredova.me\/index.php?rest_route=\/wp\/v2\/posts\/4069\/revisions\/4071"}],"wp:featuredmedia":[{"embeddable":true,"href":"https:\/\/citajizmedjuredova.me\/index.php?rest_route=\/wp\/v2\/media\/4070"}],"wp:attachment":[{"href":"https:\/\/citajizmedjuredova.me\/index.php?rest_route=%2Fwp%2Fv2%2Fmedia&parent=4069"}],"wp:term":[{"taxonomy":"category","embeddable":true,"href":"https:\/\/citajizmedjuredova.me\/index.php?rest_route=%2Fwp%2Fv2%2Fcategories&post=4069"},{"taxonomy":"post_tag","embeddable":true,"href":"https:\/\/citajizmedjuredova.me\/index.php?rest_route=%2Fwp%2Fv2%2Ftags&post=4069"}],"curies":[{"name":"wp","href":"https:\/\/api.w.org\/{rel}","templated":true}]}}