{"id":4089,"date":"2023-09-29T08:37:13","date_gmt":"2023-09-29T08:37:13","guid":{"rendered":"https:\/\/citajizmedjuredova.me\/?p=4089"},"modified":"2023-10-04T08:41:34","modified_gmt":"2023-10-04T08:41:34","slug":"mocnici-protiv-ekoloskih-aktivista-optuzili-su-me-da-sam-kriva-zbog-pada-njihovih-dionica-na-berzi","status":"publish","type":"post","link":"https:\/\/citajizmedjuredova.me\/?p=4089","title":{"rendered":"Mo\u0107nici protiv ekolo\u0161kih aktivista: Optu\u017eili su me da sam kriva zbog pada njihovih dionica na berzi"},"content":{"rendered":"\n<p><strong>Ekolo\u0161ki aktivisti u Bosni i Hercegovini zadnjih godina se sve \u010de\u0161\u0107e suo\u010davaju s neosnovanim optu\u017ebama. Javna kritika se poku\u0161ava uti\u0161ati tu\u017ebama za klevetu kojima je jedina svrha zastra\u0161ivanje i cenzura. Upravo to je klju\u010dni alat za prepoznavanje ovih strate\u0161kih tu\u017ebi protiv javnog djelovanja (SLAPP).<\/strong><\/p>\n\n\n\n<p>Fokus SLAPP tu\u017ebi je na dugotrajnom i iscrpljuju\u0107em pravosudnom postupku, a ne na samom ishodu. Svrha postupka strate\u0161kih tu\u017ebi je gu\u0161enje slobode izra\u017eavanja, javne kritike, te finansijski i psihi\u010dki iscrpiti tu\u017eenu osobu s ciljem samocenzure.<\/p>\n\n\n\n<p>Oni koji se koriste ovim tu\u017ebama su ljudi na poziciji mo\u0107i i tajkuni s jakim politi\u010dkim vezama, a tu\u017eeni su naj\u010de\u0161\u0107e novinari i aktivisti.<\/p>\n\n\n\n<p>O\u010diti primjer SLAPP tu\u017ebe je slu\u010daj ekolo\u0161ke aktivistice iz bosanskohercegova\u010dke op\u0161tine Jezero,&nbsp;<strong>Amele \u0160abi\u0107 Ahme\u010dkovi\u0107<\/strong>.<\/p>\n\n\n\n<p>Zbog njenog aktivizma za o\u010duvanje prirode i suprotstavljanja geolo\u0161kim istra\u017eivanjima, koja za cilj imaju eksploataciju te\u0161kih ruda \u0161to bi moglo dovesti do uni\u0161tavanja prirode i zaga\u0111enja u ovoj maloj op\u0161tini, kompanija \u201eLykos Balkans Metals\u201d tu\u017eila je \u0160abi\u0107 Ahme\u010dkovi\u0107 za klevetu.<\/p>\n\n\n\n<p>\u201eTo je bilo prvi put da sam dobila neku tu\u017ebu i bila sam jako nervozna. Zapitala sam se da l\u2019 je mogu\u0107e. Moja porodica se tako\u0111e upla\u0161ila, jer su mislili da sam napravila neki prekr\u0161aj. Ni u jednom momentu nisam nikog uvrijedila niti ne\u0161to slagala u svojim javnim istupima\u201c, navodi za Autonomiju \u0160abi\u0107 Ahme\u010dkovi\u0107.<\/p>\n\n\n\n<h3 class=\"wp-block-heading\"><strong>Gdje mo\u017ee jedan obi\u010dan civil da ugrozi veliku kompaniju?<\/strong><\/h3>\n\n\n\n<p>Tek nakon i\u0161\u010ditavanja tu\u017ebe i razgovora s advokaticom shvatila je da je tu\u017eena s ciljem da bi je zastra\u0161ili i da bi se povukla.<\/p>\n\n\n\n<p>\u201eTo sam shvatila kao neku vrstu pritiska, po\u0161to sam izgleda previ\u0161e pri\u010dala i negodovala zbog stanja u kojem smo se mi nalazili.&nbsp;<strong>Oni su u tu\u017ebi naveli da sam ja njima, malo je i smije\u0161no ovo, kriva zbog pada njihovih dionica na berzi<\/strong>&nbsp;i tu su mi odredili tarifu od \u010detiri hiljade konvertibilnih maraka od\u0161tete. Gdje mo\u017ee jedan obi\u010dan civil da ugrozi australijsku kompaniju i sve njene odjele?\u201c, pita se \u0160abi\u0107 Ahme\u010dkovi\u0107.<\/p>\n\n\n\n<figure class=\"wp-block-image\"><img decoding=\"async\" src=\"https:\/\/autonomija.info\/wp-content\/uploads\/2023\/09\/Amela-Sabic-Ahmeckovic-foto-Interview.ba-2-1024x683.jpg\" alt=\"\" class=\"wp-image-213046\"\/><figcaption class=\"wp-element-caption\">Amela \u0160abi\u0107 Ahme\u010dkovi\u0107: To sam shvatila kao neku vrstu pritiska, po\u0161to sam izgleda previ\u0161e pri\u010dala.<br>(Foto: Interview.ba)<\/figcaption><\/figure>\n\n\n\n<p>Da je tu\u017eba koju je ova aktivistica dobila klasi\u010dna SLAPP tu\u017eba, objasnila nam je i advokatica&nbsp;<strong>Jovana Kisin Zagajac<\/strong>&nbsp;koja je i bila punomo\u0107nik tu\u017eene u ovom slu\u010daju.<\/p>\n\n\n\n<p>\u201eTu\u017eba podignuta protiv Amele \u0160abi\u0107 Ahme\u010dkovi\u0107 predstavlja \u0161kolski primjer SLAPP tu\u017ebe. Amela je ekolo\u0161ka aktivistica, pisala je o temama od javnog interesa, ekolo\u0161kim problemima koji poga\u0111aju sredinu u kojoj \u017eivi i zbog toga je \u2018ka\u017enjena\u2019 tu\u017ebom za navodnu klevetu. Apsolutno ni\u0161ta u tu\u017ebi nije upu\u0107ivalo na klevetu, a \u010dim je tu\u017eilac zaprimio odgovor od punomo\u0107nika tu\u017eene povukao je tu\u017ebu, vjerovatno svjestan da je tu\u017eena anga\u017eovala stru\u010dnu pomo\u0107 i da montirani tu\u017ebeni zahtjev ne\u0107e pro\u0107i na sudu. Na\u017ealost,&nbsp;<strong>na\u0161 zakon ni dalje ne prepoznaje za\u0161titu od SLAPP tu\u017ebe niti mogu\u0107nost naknade \u0161tete,<\/strong>&nbsp;iako je Amela zbog navedenog postupka pretrpjela nematerijalnu \u0161tetu\u201c, napominje za Autonomiju Kisin Zagajac.<\/p>\n\n\n\n<blockquote class=\"wp-block-quote is-layout-flow wp-block-quote-is-layout-flow\">\n<h3 class=\"wp-block-heading\"><strong>Gra\u0111ani strahuju od velikog zaga\u0111enja<\/strong><\/h3>\n\n\n\n<p>Prije godinu dana na podru\u010dju op\u0161tine Jezero, kompanija \u201cLykos Balkans Metals\u201d, posredstvom svoje podru\u017enice \u201cSNK metali\u201d d.o.o. Bijeljina, po\u010dela je s geolo\u0161kim istra\u017eivanjima na okolnim planinama.<\/p>\n\n\n\n<p>Mje\u0161tani su odmah po dolasku ma\u0161ina bili protiv iskopavanja. Najvi\u0161e su zabrinuti da bi nakon istra\u017eivanja moglo do\u0107i i do otvaranja rudnika iz kojeg bi se ve\u0107ina otpadnih voda slivala u rijeku Plivu, te odrona s planine Otomalj koja je vulkanskog porijekla.<\/p>\n\n\n\n<p><strong>Ekolozi su konstatovali da su istra\u017eivanjem ugro\u017eeni svi mje\u0161tani sliva rijeke Plive i njenih pritoka<\/strong>, a samim tim i Plivsko jezero, te i rijeka Vrbas u koju se Pliva uliva.<\/p>\n\n\n\n<p>Geolo\u0161ka istra\u017eivanja se odnose na minerale bakra, barita, olova, cinka, srebra, no aktivisti i gra\u0111ani strahuju da se istra\u017euju rude te\u0161kih metala kao \u0161to su kobalt i litijum, i da bi rudarenje ovih ruda dovelo do velikog zaga\u0111enja.<\/p>\n\n\n\n<p>Istra\u017eivanja su po\u010dela bez da su obavijestili mje\u0161tane i lokalnu zajednicu.<\/p>\n\n\n\n<p>Lokalni parlament Jezera je nakon negodovanja gra\u0111ana jednoglasno podr\u017eao zaklju\u010dke kojim su tra\u017eili prekid geolo\u0161kih istra\u017eivanja na teritoriji op\u0161tine.<\/p>\n\n\n\n<p>No<strong>, Ministarstvo energetike i rudarstva RS je u junu ove godine odobrilo produ\u017eenje istra\u017eivanja.<\/strong><\/p>\n\n\n\n<p>Kompanija \u201cLYKOS Balkan Metals\u201d d.o.o. sa sjedi\u0161tem u Bijeljini, podru\u017enica je australske firme \u201cLYKOS Metals Limited\u201d. Krajem 2021. godine uvr\u0161tena je na Australijsku berzu (ASX).<\/p>\n\n\n\n<p>Dozvolu za geolo\u0161ka istra\u017eivanja u Bosni i Hercegovini dobili su na podru\u010dju op\u0161tina Doboj, Mrkonji\u0107 Grad, dio op\u0161tine Jezero i \u0160ipovo, kao i op\u0161tine \u010cajni\u010de.<\/p>\n<\/blockquote>\n\n\n\n<p>Iako je bilo jasno da su navedene tvrdnje u tu\u017ebi te\u0161ko dokazive, ipak joj nije bilo svejedno. Usljed stresa koji se odrazio na njeno zdravstveno stanje, \u0160abi\u0107 Ahme\u010dkovi\u0107 je podvrgnuta operativnom zahvatu.<\/p>\n\n\n\n<p>\u201eStrah od su\u0111enja je postojao. Kada sam dobila tu\u017ebu, ja sam se jako lo\u0161e osje\u0107ala. Poslije svih tih de\u0161avanja ja sam i oko operisala. Imala sam stresnu situaciju zbog koje mi se povisio o\u010dni pritisak, vjerovatno od straha i onda mi je pukao kapilar. Operacija me ko\u0161tala skoro i koliko je iznosila tra\u017eena od\u0161teta u tu\u017ebi\u201c, pri\u010da Amela \u0160abi\u0107 Ahme\u010dkovi\u0107.<\/p>\n\n\n\n<h3 class=\"wp-block-heading\"><strong>Potrebno je izmijeniti zakonske propise<\/strong><\/h3>\n\n\n\n<p>Premda je tu\u017eba povu\u010dena, postavlja se pitanje kako bi cijeli sudski proces uticao na tu\u017eenu osobu, s obzirom na to da neke tu\u017ebe mogu trajati i godinama.<\/p>\n\n\n\n<p>Pravnici napominju da je porast broja SLAPP tu\u017ebi u Bosni i Hercegovinu ve\u0107 uo\u010dljiv, me\u0111utim jo\u0161 nema mehanizama kako da se na adekvatan na\u010din tretiraju, jer bosanskohercegova\u010dki zakonodavni okvir ne poznaje pojam SLAPP tu\u017ebi, tako da se ona tretira kao i bilo koja druga tu\u017eba, odnosno kao legitimno i zakonito pravno sredstvo.<\/p>\n\n\n\n<figure class=\"wp-block-image\"><img decoding=\"async\" src=\"https:\/\/autonomija.info\/wp-content\/uploads\/2023\/09\/Jovana-Kisin-Zagajac-foto-Ustupljena-fotografija-2-1024x610.jpg\" alt=\"\" class=\"wp-image-213047\"\/><figcaption class=\"wp-element-caption\">Jovana Kisin Zagajac: Da bismo se borili protiv SLAPP tu\u017ebi potrebno je izmijeniti zakonske propise.<br>(ustupljena fotografija)<\/figcaption><\/figure>\n\n\n\n<p>Jovana Kisin Zagajac napominje da bez zakonodavnog okvira pravosu\u0111e ne mo\u017ee mnogo toga uraditi u ovom pitanju.<\/p>\n\n\n\n<p>\u201eSudovi ne mogu i\u0107i izvan zakonskog okvira \u010dak i ako je i kada je postupaju\u0107i sudija svjestan da se radi o SLAPP tu\u017ebi. On je i tada obavezan tu\u017ebu poslati na odgovor i zakazati pripremno ro\u010di\u0161te i ro\u010di\u0161te za glavnu raspravu\u201c, navodi Kisin Zagajac i dodaje da bi se na odgovaraju\u0107i na\u010din nosili s ovim tu\u017ebama mora se izmijeniti zakonodavni okvir.<\/p>\n\n\n\n<p>\u201eDa bismo se borili protiv SLAPP tu\u017ebi potrebno je izmijeniti zakonske propise na na\u010din da se u praksi SLAPP tu\u017eba mo\u017ee zakonski identifikovati pri samom ispitivanju tu\u017ebe, jer je vrijeme klju\u010dno.&nbsp;<strong>Ukoliko se tu\u017eiocu da isuvi\u0161e vremena i procesnih radnji na raspolaganje, on samim procesom ostvaruje svoj cilj, bez obzira na ishod parnice.<\/strong>&nbsp;Stvaranje zakonske mogu\u0107nosti da sud ve\u0107 pri prvoj radnji ocjene tu\u017ebe, ukoliko zaklju\u010di da se radi o o\u010digledno neosnovanom tu\u017ebenom zahtjevu, zatra\u017ei od tu\u017eioca osna\u017eivanje tvrdnji dokazima uz prijetnju odbacivanja tu\u017ebe, znatno bi uticao na smanjenje efekta koji SLAPP tu\u017ebe imaju. Mogu\u0107nost anti-SLAPP protivtu\u017ebe i zakonski osnov za naknadu \u0161tete tako\u0111e bi bio od koristi\u201c, isti\u010de advokatica.<\/p>\n\n\n\n<p>Da bi se na prvo \u010ditanje prepoznalo da je u pitanju SLAPP tu\u017eba, ona mora da sadr\u017ei odre\u0111ene elemente koji ju kao takvu odre\u0111uju.<\/p>\n\n\n\n<p>\u201eSLAPP tu\u017ebe \u010desto se baziraju na neosnovanom tu\u017ebenom zahtjevu, onom koji nije potkrijepljen \u010dinjenicama i dokazima ve\u0107 po\u010diva na \u010distoj \u0161pekulaciji ili neta\u010dnim tvrdnjama. Predmet tu\u017ebenih zahtjeva naj\u010de\u0161\u0107e je za\u0161tita od klevete, koju navodno tu\u017eeni iznosi i \u0161iri i time \u0161teti ugledu i \u010dasti tu\u017eioca. \u010cesto se isti\u010de i povreda privatnosti, koju je jako te\u0161ko dokazati. Navodi zbog kojih se tu\u017eeni progoni naj\u010de\u0161\u0107e su iz oblasti javnog interesa \u2013 ekolo\u0161ki aktivizam, politi\u010dke afere i koruptivne radnje, pronevjere i sli\u010dno. Ove tu\u017ebe skoro pa uvijek u zahtjevu potra\u017euju nov\u010danu naknadu za navodnu \u0161tetu koja je pri\u010dinjena, iako ta \u0161teta mo\u017ee biti minimalna ili nepostoje\u0107a.&nbsp;<strong>Klju\u010dni element SLAPP tu\u017ebi je namjera zastra\u0161ivanja ili obeshrabrivanja tu\u017eenih strana od daljeg izra\u017eavanja svojih stavova<\/strong>&nbsp;ili u\u010destvovanja u javnom diskursu\u201c, obja\u0161njava Kisin Zagajac.<\/p>\n\n\n\n<h3 class=\"wp-block-heading\"><strong>Pritisak na tu\u017eene i \u0161iru javnost<\/strong><\/h3>\n\n\n\n<p>Uop\u0161te re\u010deno, radi se o zloupotrebi prava.<\/p>\n\n\n\n<p>\u201eSLAPP tu\u017ebe i predstavljaju zloupotrebu prava na pravno sredstvo, la\u017eno optu\u017euju\u0107i tu\u017eenu stranu da je svojim djelovanjem zloupotrijebila pravo slobode govora, istra\u017eivanja, socijalne anga\u017eovanosti i sli\u010dno\u201c, potvr\u0111uje Kisin Zagajac.<\/p>\n\n\n\n<p>Konkretne korake da se sistematski i institucionalno pristupi SLAPP tu\u017ebama inicirali su aktivisti iz Aarhus centra u BiH. U toku je kampanju za dono\u0161enje Zakona o gra\u0111anskoj inicijativi i za\u0161titi gra\u0111ana i aktivista u FBiH koji u prijedlogu predvi\u0111a i ANTI-SLAPP i kaznene odredbe.<\/p>\n\n\n\n<p><strong>Pored toga \u0161to ove vrste tu\u017ebi stvaraju pritisak na tu\u017eenu osobu, one posredno uti\u010du i na \u0161iru javnost.<\/strong><\/p>\n\n\n\n<p>Svakom ko se otvoreno anga\u017euje u odbrani javnog dobra na ovaj na\u010din se poru\u010duje da je mogu\u0107e da i on\/a bude pod pritiscima.<\/p>\n\n\n\n<p>Aktivistica Amela \u0160abi\u0107 Ahme\u010dkovi\u0107 je nastavila da bude aktivna na za\u0161titi prirode u Jezeru, ali kako navodi, neki od aktivista su to prestali da rade ili \u010dak pre\u0161li na \u201edrugu stranu\u201c, \u0161to pokazuje kakav jak uticaj imaju ove strate\u0161ke tu\u017ebe.<\/p>\n\n\n\n<p><strong>Jelena Jev\u0111eni\u0107 (Autonomija, naslovna ilustracija: Pixabay)<\/strong><\/p>\n\n\n\n<p><em>\u201cStavovi izra\u017eeni u ovom tekstu su stavovi autora i ne predstavljaju nu\u017eno stavove Evropskog fonda za Balkan\u201d<\/em><\/p>\n\n\n\n<p><em>Ovaj projekat je dobitnik nagrade EDI Community Choices Award, koju su podr\u017eali Ministarstvo spoljnih poslova SR Nema\u010dke i EFB, saradnja \u010diji je doma\u0107in Mre\u017ea evropskih fondacija.<\/em><\/p>\n","protected":false},"excerpt":{"rendered":"<p>Ekolo\u0161ki aktivisti u Bosni i Hercegovini zadnjih godina se sve \u010de\u0161\u0107e suo\u010davaju s neosnovanim optu\u017ebama. Javna kritika se poku\u0161ava uti\u0161ati tu\u017ebama za klevetu kojima je jedina svrha zastra\u0161ivanje i cenzura. Upravo to je klju\u010dni alat za prepoznavanje ovih strate\u0161kih tu\u017ebi protiv javnog djelovanja (SLAPP). Fokus SLAPP tu\u017ebi je na dugotrajnom i iscrpljuju\u0107em pravosudnom postupku, a<\/p>\n","protected":false},"author":1,"featured_media":4090,"comment_status":"open","ping_status":"open","sticky":false,"template":"","format":"standard","meta":{"footnotes":""},"categories":[59],"tags":[],"class_list":{"0":"post-4089","1":"post","2":"type-post","3":"status-publish","4":"format-standard","5":"has-post-thumbnail","7":"category-aktuelnosti"},"_links":{"self":[{"href":"https:\/\/citajizmedjuredova.me\/index.php?rest_route=\/wp\/v2\/posts\/4089","targetHints":{"allow":["GET"]}}],"collection":[{"href":"https:\/\/citajizmedjuredova.me\/index.php?rest_route=\/wp\/v2\/posts"}],"about":[{"href":"https:\/\/citajizmedjuredova.me\/index.php?rest_route=\/wp\/v2\/types\/post"}],"author":[{"embeddable":true,"href":"https:\/\/citajizmedjuredova.me\/index.php?rest_route=\/wp\/v2\/users\/1"}],"replies":[{"embeddable":true,"href":"https:\/\/citajizmedjuredova.me\/index.php?rest_route=%2Fwp%2Fv2%2Fcomments&post=4089"}],"version-history":[{"count":1,"href":"https:\/\/citajizmedjuredova.me\/index.php?rest_route=\/wp\/v2\/posts\/4089\/revisions"}],"predecessor-version":[{"id":4091,"href":"https:\/\/citajizmedjuredova.me\/index.php?rest_route=\/wp\/v2\/posts\/4089\/revisions\/4091"}],"wp:featuredmedia":[{"embeddable":true,"href":"https:\/\/citajizmedjuredova.me\/index.php?rest_route=\/wp\/v2\/media\/4090"}],"wp:attachment":[{"href":"https:\/\/citajizmedjuredova.me\/index.php?rest_route=%2Fwp%2Fv2%2Fmedia&parent=4089"}],"wp:term":[{"taxonomy":"category","embeddable":true,"href":"https:\/\/citajizmedjuredova.me\/index.php?rest_route=%2Fwp%2Fv2%2Fcategories&post=4089"},{"taxonomy":"post_tag","embeddable":true,"href":"https:\/\/citajizmedjuredova.me\/index.php?rest_route=%2Fwp%2Fv2%2Ftags&post=4089"}],"curies":[{"name":"wp","href":"https:\/\/api.w.org\/{rel}","templated":true}]}}