{"id":4101,"date":"2023-10-17T09:05:11","date_gmt":"2023-10-17T09:05:11","guid":{"rendered":"https:\/\/citajizmedjuredova.me\/?p=4101"},"modified":"2023-10-17T09:05:13","modified_gmt":"2023-10-17T09:05:13","slug":"dragana-arsic-slapp-tuzbe-su-nas-samo-ojacale","status":"publish","type":"post","link":"https:\/\/citajizmedjuredova.me\/?p=4101","title":{"rendered":"Dragana Arsi\u0107: SLAPP tu\u017ebe su nas samo oja\u010dale"},"content":{"rendered":"\n<p><strong>SLAPP tu\u017ebe sa kojima smo bili suo\u010deni zbog borbe za javni interes apsolutno nas nisu zastra\u0161ile niti pokolebale da se i dalje bavimo ovim aktivnostima. Mogu re\u0107i da su nas \u010dak osna\u017eile i dodatno inspirisale da idemo dalje, ka\u017ee za Autonomiju Dragana Arsi\u0107, aktivistkinja pokreta Odbranimo \u0161ume Fru\u0161ke gore (O\u0160FG) iz Novog Sada.<\/strong><\/p>\n\n\n\n<figure class=\"wp-block-embed is-type-video is-provider-youtube wp-block-embed-youtube wp-embed-aspect-16-9 wp-has-aspect-ratio\"><div class=\"wp-block-embed__wrapper\">\n<iframe title=\"Dragana Arsi\u0107: SLAPP tu\u017ebe su nas samo oja\u010dale\" width=\"788\" height=\"443\" src=\"https:\/\/www.youtube.com\/embed\/gMmlpBt2hXo?feature=oembed\" frameborder=\"0\" allow=\"accelerometer; autoplay; clipboard-write; encrypted-media; gyroscope; picture-in-picture; web-share\" allowfullscreen><\/iframe>\n<\/div><\/figure>\n\n\n\n<p>Dodaje da se nisu povukle ni njene kolege, da je utisak da sada imaju jo\u0161 vi\u0161e pristalica, ako se, kako ka\u017ee, to mo\u017ee suditi po broju fejsbuk pratilaca i \u010dlanova grupe na toj dru\u0161tvenoj mre\u017ei.<\/p>\n\n\n\n<p>\u201eDanas biti aktivista u na\u0161em dru\u0161tvenom kontekstu nije ba\u0161 lako jer mora\u0161 malo u sud, malo u policiju, malo na teren sa svim rizicima. Na\u0161 Petar \u017divanovi\u0107 je na Fru\u0161koj gori do\u017eiveo da bude pretu\u010den, tako da nije ba\u0161 da se ljudi lako uklju\u010duju u ovaj konkretan vid borbe\u201c, po\u010dinje pri\u010du Arsi\u0107.<\/p>\n\n\n\n<p>Dodaje da su prethodne nepune dve godine, koliko su suo\u010deni sa tu\u017ebama suvlasnika kompanije \u201eGalens\u201c, grupne terenske aktivnosti bile dodatno usporene dok su se pojedina\u010dne odvijale nesmetano. Institucionalni deo podno\u0161enja prijava i svega \u0161ta \u010dini taj deo njihove borbe apsolutno nije bio u deficitu zbog zastra\u0161ivanja.<\/p>\n\n\n\n<p>\u201eNismo osetili ni neki manjak energije, niti smo doneli odluku da se time ne\u0107emo baviti jer je sada sud u fokusu\u201c, isti\u010de na\u0161a sagovornica.<\/p>\n\n\n\n<figure class=\"wp-block-image\"><img decoding=\"async\" src=\"https:\/\/autonomija.info\/wp-content\/uploads\/2020\/10\/FB-Odbranimo-sume-Fruske-gore-2-850x567-1.jpg\" alt=\"\" class=\"wp-image-130893\"\/><figcaption class=\"wp-element-caption\">Foto: Odbranimo \u0161ume Fru\u0161ke gore\/Facebook<\/figcaption><\/figure>\n\n\n\n<p>Arsi\u0107 navodi kako su je tokom trajanja ove SLAPP epizode u vi\u0161e navrata kontaktirali ljudi iz Srbije i Bosne i Hercegovine koji su se na\u0161li u istom polo\u017eaju. Prepoznali su je, ka\u017ee, kao nekoga ko bi mogao da im pomogne makar savetom.<\/p>\n\n\n\n<p>\u201eJako je bitno odmah se obratiti medijima. Advokat je tako\u0111e bitna karika. Dakle, ta pravna, advokatska pomo\u0107 i da imate medije sve vreme uz sebe su prioriteti\u201c, navodi ona.<\/p>\n\n\n\n<p>Na\u017ealost, i pre ovih tu\u017ebi bila je na meti Prismotre, anonimnog portala koji je slu\u017eio za napad na neistomi\u0161ljenike vlasti, te je ve\u0107 tada nau\u010dila da je javnost umesto anonimnosti i borbe u ti\u0161ini mnogo bolje re\u0161enje.&nbsp;<strong>Javnost je, dodaje, jedan vid samoodbrane<\/strong>.<\/p>\n\n\n\n<p>\u201eTo je neka lekcija koju sam tada sa medijskim napadima nau\u010dlila, a onda dodatno sa ovim SLAPP tu\u017ebama na jednom vi\u0161em nivou i u drugoj dimenziji, toj institucionalno-sudskoj. Javnost je jako bitna, jer u grupi osna\u017eujemo jedni druge i dr\u017eimo se zajedno. Vidljivost u javnosti vam, kao li\u010dnosti sa imenom i prezimenom koja je izlo\u017eena tu\u017ebama i pravnoj torturi, donosi dodatno oru\u017eje\u201c, isti\u010de ona.<\/p>\n\n\n\n<p>Za sada, poslednja vest je da je 15. septembra Apelacioni sud u Novom Sadu&nbsp;<a href=\"https:\/\/autonomija.info\/pravnosnazna-presuda-u-korist-aktivistkinje-po-tuzbi-suvlasnice-galensa\/\"><strong>doneo&nbsp; pravnosna\u017enu presudu<\/strong><\/a>&nbsp;kojom je odbijena \u017ealba suvlasnice kompanije Galens Sanje Petri\u0107 i potvr\u0111ena prvostepena odluka Osnovnog suda koja je bila u korist Arsi\u0107. Petri\u0107 je \u017ealbom tra\u017eila da joj Arsi\u0107 isplati ukupno 800.000 dinara na ime nematerijalne \u0161tete za povredu ugleda i pretrpljeni strah, zbog protesta protiv ogra\u0111ivanja dela Nacionalnog parka Fru\u0161ka gora. Na kraju, sud je presudio da Petri\u0107 mora Dragani Arsi\u0107 da nadoknadi tro\u0161kove sudskog postupka u iznosu od 89.600 dinara.<\/p>\n\n\n\n<h3 class=\"wp-block-heading\"><strong>Pet tu\u017ebi za jedan doga\u0111aj<\/strong><\/h3>\n\n\n\n<p>To je samo jedan od pet postupaka koji je zbog istog doga\u0111aja pokrenut protiv nje i njenih kolega od strane istih tu\u017eilaca \u2013 bra\u010dnog para Petri\u0107, suvlasnika kompanije \u201eGalens\u201c.&nbsp;<strong>Sve tu\u017ebe odnose se na protestnu \u0161etnju \u201eSvi za \u0161ume \u2013 \u0161ume za sve\u201c<\/strong>, organizovane od strane Pokreta O\u0160FG 9. oktobra 2021. godine, kada su aktivisti presekli katanac i deo ograde koju su, kako tvrde, Petri\u0107i nezakonito postavili oko svog budu\u0107eg turisti\u010dkog kompleksa, budu\u0107i da je u pitanju javni planinarski put u delu Nacionalnog parka \u201eFru\u0161ka gora\u201c.<\/p>\n\n\n\n<p>Aktivisti se zbog tog doga\u0111aja u \u010detiri parni\u010dna i jednom krivi\u010dnom postupku terete za demontiranje \u017ei\u010dane ograde i neovla\u0161\u0107eni ulaz na privatni posed tokom tog protesta.<\/p>\n\n\n\n<p>Dve tu\u017ebe su bile kolektivne i odnosile su se na smetnje dr\u017eavine, gde je optu\u017eeno \u010detvoro aktivista, a Dragana Arsi\u0107 i Nikola Are\u017eina su tu\u017eeni i za nadonknadu materijalne \u0161tete.<\/p>\n\n\n\n<p>\u201ePresek stanja je takav da je&nbsp;<strong>prvostepeni skor 5:0 u na\u0161u korist<\/strong>. Od krivi\u010dne tu\u017ebe za povredu poslovnog ugleda i kreditne sposobnosti su odustali nepunih godinu dana od podno\u0161enja. \u017dalili su se na ostale \u010detiri i za sada su pristigle dve drugostepene odluke Apelacionog suda od kojih je jedna u moju korist u potpunosti, a jedna je u korist Neboj\u0161e Petri\u0107a, gde sam osu\u0111ena zbog re\u010di \u2019tajkun\u2019\u201c, navodi Arsi\u0107.<\/p>\n\n\n\n<p>Precizira kako je ta presuda Apelacionog suda interesantna jer se u njoj, na nekih 15-20 strana obrazlo\u017eenja, potvr\u0111uje pravo aktivista da protestuju i da izra\u017eavaju kriti\u010dke stavove prema nadle\u017enim institucijama, te ocenjuje da su oni to zapravo i radili.<\/p>\n\n\n\n<figure class=\"wp-block-image\"><img decoding=\"async\" src=\"https:\/\/autonomija.info\/wp-content\/uploads\/2022\/02\/Dragana-Arsic-Galens-sudjenje-1-1024x768.jpg\" alt=\"\" class=\"wp-image-164980\"\/><figcaption class=\"wp-element-caption\">Dragana Arsi\u0107 ispred zgrade Osnovnog suda u Novom Sadu<\/figcaption><\/figure>\n\n\n\n<p>\u201eSvega 10 posto presude odnosi se na obrazlo\u017eenje za re\u010d \u2019tajkun\u2019, u re\u010denici u kojoj sam ja Petri\u0107a nazvala feudalcem, kapitalistom i tajkunom. U obrazlo\u017eenju Apelacionog suda stoji, parafraziram, da je re\u010d kapitalista u redu jer ozna\u010dava osobu koja ima kapital, feudalac je isto u redu jer ozna\u010dava osobu koja ima velike posede, feude, ali da re\u010d tajkun ima pe\u017eorativno zna\u010denje i da to zapravo predstavlja uvredljiv termin za njega. I na tome je zasnovana ta odluka Apelacionog suda\u201c, precizira Arsi\u0107.<\/p>\n\n\n\n<p>Apelacioni sud je presudio da Arsi\u0107 Petri\u0107u za tu uvredu mora da isplati 70.000 dinara plus sudske tro\u0161kove, a ona je&nbsp;<strong>u roku od 24 sata, zahvaljuju\u0107i pre svega solidarnosti aktivista iz Novog Sada sakupila celu sumu<\/strong>. Sada je u toku \u017ealbeni postupak pred Vrhovnim sudom.<\/p>\n\n\n\n<h3 class=\"wp-block-heading\"><strong>Dvostruki standardi<\/strong><\/h3>\n\n\n\n<p>Doga\u0111aj za koji je Arsi\u0107 morala vi\u0161e desetina puta na sud dogodio se 9. oktobra 2021. godine. Sve tu\u017ebe su bile podnete ve\u0107 4. i 5. novembra, da bi&nbsp;<a href=\"https:\/\/autonomija.info\/poceo-prvi-od-pet-postupaka-galensa-protiv-ekoloskih-aktivista\/\"><strong>prvo ro\u010di\u0161te bilo odr\u017eano 10. februara<\/strong><\/a>&nbsp;2022. godine. Ro\u010di\u0161ta su se dalje re\u0111ala tokom cele godine da bi na kraju Dragana Arsi\u0107 ukupno&nbsp;<strong>28 puta bila u novosadskom sud<\/strong>u.<\/p>\n\n\n\n<p>\u201ePrva prvostepena presuda stigla je 13 meseci kasnije, a poslednju prvostepenu dobili smo nakon 18 meseci. Dakle, u roku od 18 meseci su svi prvostepeni postupci zavr\u0161eni\u201c, navela je ona.<\/p>\n\n\n\n<p>Za razliku od aktivista, tu\u017eitelji nisu prisustvovali velikom broju ro\u010di\u0161ta, a sa jednog su \u010dak&nbsp;<a href=\"https:\/\/autonomija.info\/sudjenje-dragani-arsic-novinari-udaljeni-iz-sudnice\/\"><strong>udaljeni i novinari<\/strong><\/a><strong>.<\/strong><\/p>\n\n\n\n<p>Me\u0111utim, u tu\u017ebi sa istim akterima, ali u zamenjenim ulogama, nema nikakvog napretka jer&nbsp;<strong>jo\u0161 uvek&nbsp; traje predistra\u017eni postupak<\/strong>. Zbog toga nijedno ro\u010di\u0161te jo\u0161 nije odr\u017eano. Izme\u0111u ostalog, aktivisti su jo\u0161 u maju 2022. godine podneli prijavu protiv Sanje i Neboj\u0161e Petri\u0107 za uzurpaciju dr\u017eavnog zemlji\u0161ta u okviru lokaliteta Kesten koji je on, prema tvrdnji aktivista, nezakonito ogradio.<\/p>\n\n\n\n<p>\u201eMi smo tu krivi\u010dnu prijavu podneli protiv njega, njegove supruge, biv\u0161eg direktora Javnog preduze\u0107a \u2018Nacionalni park Fru\u0161ka gora\u2019 Radoslava Kruni\u0107a, biv\u0161e predsednice op\u0161tine Beo\u010din kao i drugih povezanih lica, ako se utvrdi da su u\u010destvovala u tome. Jer, uzurpacija, bespravno zauzimanje dr\u017eavnog zemlji\u0161ta je krivi\u010dno delo i to ne mo\u017ee da se uradi ako nemate podr\u0161ku upravlja\u010da i nadle\u017enih institucija. To je jo\u0161 u predistra\u017enoj fazi\u201c, precizira Dragana Arsi\u0107.<\/p>\n\n\n\n<figure class=\"wp-block-image\"><img decoding=\"async\" src=\"https:\/\/autonomija.info\/wp-content\/uploads\/2020\/08\/Dragana-Arsic.jpg\" alt=\"\" class=\"wp-image-127688\"\/><figcaption class=\"wp-element-caption\">Dragana Arsi\u0107: Ne treba stavljati ta\u010dku na svoje aktivnosti.<\/figcaption><\/figure>\n\n\n\n<h3 class=\"wp-block-heading\"><strong>Ne dopustiti da vas slapp procesi \u2018pojedu\u2019<\/strong><\/h3>\n\n\n\n<p>Svakome ko se na\u0161ao na meti SLAPP tu\u017ebi ili bi zbog svog anga\u017emana mogao da se na\u0111e, Arsi\u0107 preporu\u010duje i obavezan kontakt sa ve\u0107im i ja\u010dim organizacijama civilnog dru\u0161tva, a njenoj organizaciji konkretno u pomo\u0107i su se na\u0161le Gra\u0111anske inicijative, CRTA i druge.<\/p>\n\n\n\n<p>\u201eJako je bitno da budete u komunikaciji sa velikim organizacijama koje mogu i na nekom me\u0111unarodnom nivou da plasiraju informaciju. Jeste da mi nismo u Evropskoj uniji, ali svakako postoji ta evropska koalicija za SLAPP\u201c, ka\u017ee ona.<\/p>\n\n\n\n<p>Dodaje i da, ukoliko sudovi presude u korist onih koji vas tu\u017ee, opet preostaje i Evropski sud za ljudska prava, te da je i tu pomo\u0107 pomenutih organizacija dragocena.<\/p>\n\n\n\n<p><strong>\u201eSve to jede vreme i \u017eivce, ali mora \u010dovek u glavi da napravi tako da to ide svojim tokom, da je obezbedio sve \u0161to je do njega<\/strong>. Radite na podr\u0161ci medija, javnosti i civilnog sektora, bavite se svojom temom, procenite u kojoj meri \u0107ete se izlagati rizicima, ali ne mo\u017eete da dozvolite da vas to \u2019pojede\u2019 zbog akumulirane anksioznosti i stresa. Ne treba stavljati ta\u010dku na svoje aktivnosti\u201c, zaklju\u010duje Dragana Arsi\u0107.<\/p>\n\n\n\n<h3 class=\"wp-block-heading\"><strong>Solidarnost prva linija odbrane<\/strong><\/h3>\n\n\n\n<p>Na\u0161a saovornica ukazuje da je kod SLAPP tu\u017ebi jako bitan psiholo\u0161ki momenat i &nbsp;ose\u0107aj da niste sami ve\u0107 da su uz vas ljudi u istoj ili sli\u010dnoj situaciji. Ona smatra da je upravo solidarnost koja se ogledala u podr\u0161ci drugih novosadskih aktivista koji su, u ve\u0107em ili manjem broju prisustvovali ro\u010di\u0161tima, imala i uticaja na sud.<\/p>\n\n\n\n<p>\u201eNi pravosu\u0111e nije van dru\u0161tvenog konteksta ali, bez obzira koliko nema iskustva, znamo sve te kritike da nije ba\u0161 nezavisno i da sudije nisu ba\u0161 od integriteta, ipak sud nekako ima u vidu i to \u0161ta se de\u0161ava u javnosti i mislim da to ipak ima uticaja na kona\u010dnu sudsku odluku\u201c, ocenjuje ona.<\/p>\n\n\n\n<p>Smatra da je, u najcrnjoj pretpostavci, u slu\u010daju da javnost nije pratila ova njena su\u0111enja, moglo do\u0107i do toga da sve odluke suda budu druga\u010dije i da idu u korist tu\u017eitelja. Jasno je, nastavlja, da&nbsp;<strong>oni i nisu imali nov\u010dani, ve\u0107 pre svega motiv da zastra\u0161e aktiviste kako bi se povukli<\/strong>, a sli\u010dno je, smatra, i u ostalim sluu\u010dajevima.<\/p>\n\n\n\n<p>\u201eTo su mo\u0107ni ljudi i njima apsolutno ne zna\u010di ni\u0161ta \u0161to im je upla\u0107ena neka materijalna nadoknada za du\u0161evne bolove, njima je osnovni i jedini cilj da zastra\u0161e i da mi odustanemo od svih tih dru\u0161tveno anga\u017eovanih aktivnosti. Mi smo sve te nezakonite radnje i njihove dilove sa institucijama i Eparhijom sremskom izdigli na povr\u0161inu, skinuli neki mrak. Oni najvi\u0161e vole mrak i \u010dim osvetlite sve te nezakonite radnje poput kr\u0161enja Zakona o \u0161umama ili Zakona o za\u0161titi prirode i eklatantne primere uru\u0161avanja javnog interesa i javnog dobra, vi ste im onda neprijatelj\u201c, isti\u010de Arsi\u0107.<\/p>\n\n\n\n<p>Nakon preostalih presuda, kakav god njihov epilog bio, Arsi\u0107 i njene kolege nastavljaju borbu. Cilj im je, isti\u010de, da u upravnim postupcima koje su pokrenuli u me\u0111uvremenu doka\u017eu da su u &nbsp;pravu i da sudovi svojim presudama nalo\u017ee otklanjanje svih utvr\u0111enih nezakonitosti.<\/p>\n\n\n\n<p>Jednostavno, \u017eele da nateraju nadle\u017ene, u ovom slu\u010daju i u Pokrajinskom sekretarijatu za urbanizam i za\u0161titu \u017eivotne sredine, u Pokrajinskom zavodu za za\u0161titu prirode kao i inspekcijama, da ubudu\u0107e po\u0161tuju zakone i sopstvene propise.<\/p>\n\n\n\n<p>\u201e<strong>Bukvalno je predivna prirodna lepota zbrisana na mestu gde su stani\u0161ta strogo za\u0161ti\u0107enih vrsta<\/strong>, na najlep\u0161em vidikovcu Fru\u0161ke gore\u201c,ukazuje Dragana Arsi\u0107, podse\u0107aju\u0107i da je borba protiv takvih ataka na prirodu jedan od motiva njenog aktivizma zbog kojeg je bila na meti SLAPP tu\u017ebi.<\/p>\n\n\n\n<p><strong>Dalibor Stupar<\/strong><strong>(Autonomija)<\/strong><\/p>\n\n\n\n<p><em>\u201cStavovi izra\u017eeni u ovom tekstu su stavovi autora i ne predstavljaju nu\u017eno stavove Evropskog fonda za Balkan\u201d<\/em><\/p>\n\n\n\n<p><em>Ovaj projekat je dobitnik nagrade EDI Community Choices Award, koju su podr\u017eali Ministarstvo spoljnih poslova SR Nema\u010dke i EFB, saradnja \u010diji je doma\u0107in Mre\u017ea evropskih fondacija.<\/em><\/p>\n","protected":false},"excerpt":{"rendered":"<p>SLAPP tu\u017ebe sa kojima smo bili suo\u010deni zbog borbe za javni interes apsolutno nas nisu zastra\u0161ile niti pokolebale da se i dalje bavimo ovim aktivnostima. Mogu re\u0107i da su nas \u010dak osna\u017eile i dodatno inspirisale da idemo dalje, ka\u017ee za Autonomiju Dragana Arsi\u0107, aktivistkinja pokreta Odbranimo \u0161ume Fru\u0161ke gore (O\u0160FG) iz Novog Sada. Dodaje da<\/p>\n","protected":false},"author":1,"featured_media":4103,"comment_status":"open","ping_status":"open","sticky":false,"template":"","format":"standard","meta":{"footnotes":""},"categories":[59],"tags":[130],"class_list":{"0":"post-4101","1":"post","2":"type-post","3":"status-publish","4":"format-standard","5":"has-post-thumbnail","7":"category-aktuelnosti","8":"tag-slapp-tuzbe"},"_links":{"self":[{"href":"https:\/\/citajizmedjuredova.me\/index.php?rest_route=\/wp\/v2\/posts\/4101","targetHints":{"allow":["GET"]}}],"collection":[{"href":"https:\/\/citajizmedjuredova.me\/index.php?rest_route=\/wp\/v2\/posts"}],"about":[{"href":"https:\/\/citajizmedjuredova.me\/index.php?rest_route=\/wp\/v2\/types\/post"}],"author":[{"embeddable":true,"href":"https:\/\/citajizmedjuredova.me\/index.php?rest_route=\/wp\/v2\/users\/1"}],"replies":[{"embeddable":true,"href":"https:\/\/citajizmedjuredova.me\/index.php?rest_route=%2Fwp%2Fv2%2Fcomments&post=4101"}],"version-history":[{"count":1,"href":"https:\/\/citajizmedjuredova.me\/index.php?rest_route=\/wp\/v2\/posts\/4101\/revisions"}],"predecessor-version":[{"id":4104,"href":"https:\/\/citajizmedjuredova.me\/index.php?rest_route=\/wp\/v2\/posts\/4101\/revisions\/4104"}],"wp:featuredmedia":[{"embeddable":true,"href":"https:\/\/citajizmedjuredova.me\/index.php?rest_route=\/wp\/v2\/media\/4103"}],"wp:attachment":[{"href":"https:\/\/citajizmedjuredova.me\/index.php?rest_route=%2Fwp%2Fv2%2Fmedia&parent=4101"}],"wp:term":[{"taxonomy":"category","embeddable":true,"href":"https:\/\/citajizmedjuredova.me\/index.php?rest_route=%2Fwp%2Fv2%2Fcategories&post=4101"},{"taxonomy":"post_tag","embeddable":true,"href":"https:\/\/citajizmedjuredova.me\/index.php?rest_route=%2Fwp%2Fv2%2Ftags&post=4101"}],"curies":[{"name":"wp","href":"https:\/\/api.w.org\/{rel}","templated":true}]}}