{"id":4116,"date":"2023-11-11T15:59:00","date_gmt":"2023-11-11T15:59:00","guid":{"rendered":"https:\/\/citajizmedjuredova.me\/?p=4116"},"modified":"2023-11-12T16:00:56","modified_gmt":"2023-11-12T16:00:56","slug":"mi-smo-bile-brutalno-napadnute-investitori-moraju-snositi-odgovornost-za-svoje-postupke","status":"publish","type":"post","link":"https:\/\/citajizmedjuredova.me\/?p=4116","title":{"rendered":"\u2018Mi smo bile brutalno napadnute, investitori moraju snositi odgovornost za svoje postupke\u2019"},"content":{"rendered":"\n<p><strong>Nakon nekoliko opomena i tri tu\u017ebe, Sun\u010dica Kova\u010devi\u0107 i Sara Tu\u0161evljak, aktivistice za za\u0161titu rijeka, primile su, po\u010detkom novembra, novu opomenu pred tu\u017ebu. Poru\u010duju da ne\u0107e odustati od borbe da za\u0161tite Kasindolsku rijeku i njenu, jo\u0161 uvijek, pitku vodu.<\/strong><\/p>\n\n\n\n<p>Sun\u010dicina i Sarina borba za Kasindolsku rijeku, koja izvire na Jahorini, ve\u0107im dijelom svoga toka te\u010de kroz netaknutu prirodu i ulijeva se u rijeku \u017deljeznicu, po\u010dela je 2020. godine i jo\u0161 traje.<\/p>\n\n\n\n<p>Od tada ove dvije mlade aktivistice upozoravaju na nepravilnosti i neregularnosti prilikom izvo\u0111enja radova na izgradnji mini hidroelektrana (MHE) i tra\u017ee da se njihova izgradnja obustavi.<\/p>\n\n\n\n<p>A da radovi uni\u0161tavaju i rijeku i okolnu prirodu bilo je vidljivo golim okom svim stanovnicima ovog kraja koji su primijetili da se voda Kasindolske rijeke zamu\u0107uje i da gubi vodostaj.<\/p>\n\n\n\n<p>\u201eI mi smo na sve to poku\u0161ali ukazati: da su posje\u010dene velike koli\u010dine \u0161ume visoke za\u0161titne vrijednosti, da su se pojavili odroni, da posje\u010dena stabla nisu odlo\u017eena kako treba, a to je utvrdio i republi\u010dki inspektor nakon \u0161to je iza\u0161ao na teren.&nbsp;<strong>I onda se u novembru 2021. godine rijeka izlizla i poplavila ku\u0107e u Isto\u010dnoj Ilid\u017ei.<\/strong>&nbsp;Ja tu \u017eivim vi\u0161e od 15 godina i ni\u0161ta sli\u010dno do tada nisam do\u017eivjela. Sara je, u jednom intervjuu koji je tada dala, podsjetila na odrone, na posje\u010dena i nepropisno odlo\u017eena stabla iznad kojih se akumulisala voda, a odlu\u010dile smo poslati i otvoreno pismo tada\u0161njoj ministrici za prostorno ure\u0111enje, gra\u0111evinarstvo i ekologiju RS Srebrenki Goli\u0107 i tra\u017eiti da obustavi radove na gradnji MHE. I to je bio povod za prvu opomenu koju nam je investitor Green Invest \/ BUK d.o.o. poslao preko svoje advokatske kancelarije. Optu\u017eili su nas da mi njih krivimo za poplavu, iako mi to uop\u0161te nismo izjavile\u201c, ispri\u010dala je za Autonomiju, Sun\u010dica Kova\u010devi\u0107, aktivista i \u010dlanica Koalicije za za\u0161titu rijeka BiH i Fondacije ACT \u2013 Atelje za dru\u0161tvene promjene.<\/p>\n\n\n\n<figure class=\"wp-block-image\"><img decoding=\"async\" src=\"https:\/\/autonomija.info\/wp-content\/uploads\/2023\/11\/suncica-kovacevic-foto-Majda-Slamova-980x1024.jpg\" alt=\"\" class=\"wp-image-216784\"\/><figcaption class=\"wp-element-caption\">Sun\u010dica Kova\u010devi\u0107: I razgovor sa investitorom je bio vid zastra\u0161ivanja i pritiska na nas da odsustanemo od na\u0161e borbe za rijeku.<br>(Foto: Majda Sl\u00e1mov\u00e1)<\/figcaption><\/figure>\n\n\n\n<p>Ubrzo potom, ta\u010dnije u januaru 2022., uslijedile su i prve tu\u017ebe protiv Sun\u010dice i njene kolegice Sare Tu\u0161evljak.<\/p>\n\n\n\n<p>\u201ePrije toga dobile smo poziv od investitora da se na\u0111emo sa njim. I mi smo naivno mislile da je to dobra prilika da stranom investitoru objasnimo \u0161ta se de\u0161ava. Ali i taj razgovor je bio vid zastra\u0161ivanja i vid pritiska na nas da odsustanemo od na\u0161e borbe za rijeku\u201c, ispri\u010dala je Sun\u010dica.<\/p>\n\n\n\n<p>Protiv Sun\u010dice i Sare podnijete su tri tu\u017ebe. U slu\u010daju Sare su dvije tu\u017ebe objedinjene u jedan predmet sa od\u0161tetnim zahtjevom od 10.000 BAM (5000 EUR), dok je u slu\u010daju Sun\u010dice iznos od\u0161tetnog zahtjeva 5000 BAM (2500 EUR), na \u0161ta treba dodati i sudske i tro\u0161kove advokata.<\/p>\n\n\n\n<p>\u201eObje tu\u017ebe su klasi\u010dne SLAPP tu\u017ebe koje se sve vi\u0161e koriste da se zastra\u0161e i u\u0107utkaju aktivisti i novinari. Do sada smo imali dva pripremna ro\u010di\u0161ta, a datum glavne rasprave se jo\u0161 ne zna. Jo\u0161 uvijek nemamo datum. Sudija je usvojila zahtjev tu\u017eitelja da se u postupak uklju\u010de tri vje\u0161taka, meteorolog, \u0161umar i gra\u0111evinar, koji treba da utvrde da li su MHE mogle izazvati poplave!&nbsp;<strong>Ovo je potpuno besmisleno<\/strong>, jer uop\u0161te nismo izjavile da su MHE izazvale poplave\u201c, isti\u010de Sun\u010dica.<\/p>\n\n\n\n<figure class=\"wp-block-image\"><img decoding=\"async\" src=\"https:\/\/autonomija.info\/wp-content\/uploads\/2023\/11\/Kasindolska-river-canyon-before-the-construction-Kasindolska-rijeka-prije-izgradnje-MHE-foto-Robert-Oroz-904x1024.jpg\" alt=\"\" class=\"wp-image-216785\"\/><figcaption class=\"wp-element-caption\">Kanjon Kasindolske rijeke, prije izgradnje MHE<br>(Foto: Robert Oroz)<\/figcaption><\/figure>\n\n\n\n<p>Dvije mlade aktivistice su, nakon \u0161to su dobile prve tu\u017ebe, bile zate\u010dene, ali i&nbsp;<strong>emotivno i psihi\u010dki pogo\u0111ene<\/strong>. Zbog anskioznosti i nespavanja krenule su na terapiju, i onda su uvidjele da su tu\u017ebe, iako tek pokrenute, ve\u0107 postigle svoj cilj.<\/p>\n\n\n\n<p>\u201eUmjesto da se bavimo rijekom, po\u010dele smo se baviti same sobom. A to je i cilj ovakvih tu\u017ebi. Onda smo odlu\u010dile da nastavimo i da, kad ve\u0107 mi ne smijemo pri\u010dati, da organizujemo izlo\u017ebu fotografija i da slike Kasindolske rijeke kako je izgledala nekad i kako izgleda sada, kada su do\u0161le ma\u0161ine i po\u010delo kr\u010denje \u0161ume, pri\u010daju umjesto nas. I onda je stigla nova opomena pred tu\u017ebu u kojoj navode da \u0107e iskoristiti sva pravna sredstava protiv nas\u201c, isit\u010de Sun\u010dica.<\/p>\n\n\n\n<p>Dodaje da su se i UN specijalni izvjestitelji u svojim izvje\u0161tajima referisali upravo na ovaj<strong>&nbsp;prijete\u0107i ton opomene<\/strong>.<\/p>\n\n\n\n<p>Posljednja opomena stigla im je 4. novembra ove godine, u kojoj se advokat investitora poziva na tekst objavljen na portalu Valter za koji ni Sun\u010dica ni Sara nisu bile intervjuisane.<\/p>\n\n\n\n<figure class=\"wp-block-image\"><img decoding=\"async\" src=\"https:\/\/autonomija.info\/wp-content\/uploads\/2023\/11\/SHPP-Podivic-Kasindolska-river-bed-Robert-Oroz-1024x576.jpg\" alt=\"\" class=\"wp-image-216788\"\/><figcaption class=\"wp-element-caption\">MHE Podivi\u010d, Kasindolska rijeka<br>(Foto: Robert Oroz)<\/figcaption><\/figure>\n\n\n\n<p>Na pitanje ko su im saveznici u njihovoj borbi, Sun\u010dica ka\u017ee da su to, prije svega, ljudi iz Koalicije za za\u0161titu rijeka BiH, zatim organizacije kao \u0161to su Fondacija ACT i Arhuus centar, ali i strane organizacije i koalicije poput Amnesty Interantional, Ured UN za ljudska prava u BiH i CASE (Koalicija za borbu protiv SLAPP u Evropi).<\/p>\n\n\n\n<p>\u201eJako je va\u017eno da postoji ta sigurnosna mre\u017ea i da znate da ne\u0107ete ostati sami. Te\u0161ko je izboriti se sa ovim sistemom i SLAPP tu\u017ebama, gdje smo sa jedne strane mi, a sa druge investitor koji ima destine miliona investicija ulo\u017eenih u obnovljive izvore energije. Mi svi da se spojimo, ne bismo imali ni 5% njihovog bud\u017eeta. A nije lako na\u0107i ni adovakata koji razumije problematiku i mehanizam funkcionisanja SLAPP tu\u017ebi, od kojih su mnoge pro\u0161le ispod radara.&nbsp;<strong>Nemamo dovoljno pobjeda na terenu koje bi destimulisale investitore i politi\u010dare da koriste ovakva sredstva<\/strong>\u201c, ka\u017ee Sun\u010dica.<\/p>\n\n\n\n<p>Sugeri\u0161e da se mora paralelno raditi i na ja\u010danju mre\u017ea i na novim zakonskim rje\u0161enjima koja bi, jo\u0161 u pripremnoj fazi postupka, omogu\u0107ila odbacivanje tu\u017ebi za koje se procijeni da imaju karakteristike SLAPP-a.<\/p>\n\n\n\n<blockquote class=\"wp-block-quote is-layout-flow wp-block-quote-is-layout-flow\">\n<p><strong>Nagrada<\/strong><strong>Mre\u017ee za izgradnju mira BIH<\/strong><\/p>\n\n\n\n<p><strong>Na Me\u0111unarodni dan mira, 21. Septembar 2023, Mre\u017ea za izgradnju mira BIH dodijelila je po jedanaesti put mirovne nagrade \u201cGoran Bubalo\u201d, dok je specijalna nagrada dodijeljena Lejli Kusturici, Sari Tu\u0161evljak i Sun\u010dici Kova\u010devi\u0107 za borbu protiv ekolo\u0161kog nasilja i za\u0161tite prirode.<\/strong><\/p>\n\n\n\n<p><strong>\u201cNama, kao mladim ljudima, ova nagrada je samo jo\u0161 jedna potvrda za na\u0161 rad. Svjesni smo da bez ekolo\u0161ke pravde nema ni dru\u0161tvene pravde. Drago nam je \u0161to mo\u017eemo dati svoj doprinos u odbrani mo\u017eda najva\u017enije vrijednosti koju imamo, a to je prirodno bogatstvo. Svjedoci smo da su ekolo\u0161ke borbe ujedinile ljude u Bosni i Hercegovini i regionu i vi\u0161e nego neke druge i na to smo jako ponosne\u201c kazale su dobitnice Specijalne nagrade.<\/strong><\/p>\n<\/blockquote>\n\n\n\n<p>\u201eMi smo bile brutalno napadnute, iako smo iza sebe imale i rje\u0161enja inspektora o obustavi gradnje MHE, i poni\u0161tavanje izdatih ekolo\u0161kih dozvola, ali i vi\u0161e od 2000 potpisa gra\u0111ana koji su zatra\u017eili obustavljanje gradnje mini hidroelektrana na Kasindolskoj rijeci.&nbsp;<strong>I upravo zbog svog tog zastra\u0161ivanja i pritisaka, mi smo odlu\u010dile da ne odustanemo<\/strong>, jer ovo \u0161to mi radimo, ne radimo zbog nekog svog li\u010dnog interesa, nego da odbranimo jedino ono \u0161to imamo, a to su na\u0161e rijeke koje gubimo svaki dan zbog investitora i njihovih interesa. Oni moraju snositi odgovornost za svoje postupke\u201c, istakla je Sun\u010dica.<\/p>\n\n\n\n<p>Ona je poru\u010dila da projekti izgradnje mini hidroelektrana nisu ni na koji na\u010din pravedni, ni finansijski, ni ekolo\u0161ki, ni dru\u0161tveno, jer javnost nije na adekvatan na\u010din uklju\u010dena u procese odlu\u010divanja o ovim investicionim zahvatima i planovima.<\/p>\n\n\n\n<figure class=\"wp-block-image\"><img decoding=\"async\" src=\"https:\/\/autonomija.info\/wp-content\/uploads\/2023\/11\/suncica-kovacevic-i-Sara-Tusevljak-foto-privatna-arhiva-2-766x1024.jpg\" alt=\"\" class=\"wp-image-216789\"\/><figcaption class=\"wp-element-caption\">\u201eI upravo zbog svog tog zastra\u0161ivanja i pritisaka, mi smo odlu\u010dile da ne odustanemo\u201c, Sun\u010dica Kova\u010devi\u0107 i Sara Tu\u0161evljak<br>(Foto: privatna arhiva)<\/figcaption><\/figure>\n\n\n\n<p>Od tri planirane male hidroelektrane, jedna je izgra\u0111ena i pu\u0161tena u pogon 2018. godine \u2013 MHE Podivi\u010d, dok je, zbog poni\u0161tenih ekolo\u0161kih dozvola i gra\u0111evinske dozvole, privremeno zaustavljena izgradnja druge dvije mini hidroelektrane na Kasindolskoj rijeci.<\/p>\n\n\n\n<p>\u201ePodaci ministarstva energetike i rudarstva iz 2021. ka\u017eu da je investitor Green Invest \/ BUK d.o.o. na ime koncesije uplatio oko 12.500 BAM, \u0161to je 3,1% od njegovog prihoda od MHE. To zna\u010di da je imao prihod od oko 400.000 BAM. To je i finansijska nepravda prema lokalnoj zajednici koja, ne samo da gubi rijeku, nego gubi rijeku koja je planirana za za\u0161titu kao za\u0161ti\u0107eni prirodni predio i u kojoj su istra\u017eiva\u010di u septembru ove godine na\u0161li dvije vrste, jednu ribu i jednu \u017eabu, koje su indikatori \u010diste i pitke vode, koja prijeti da nestane. Ovakve rijeke su bogatstvo koje ne smijemo izgubiti, naro\u010dito ne radi projekata koji ne mogu biti strate\u0161ki interes ni dr\u017eave, ni lokalnih zajednica, nego pojedinaca koji&nbsp;<strong>profitiraju na \u0161tetu prirode i ljudi<\/strong>\u201c, upozorila je Sun\u010dica Kova\u010devi\u0107.<\/p>\n\n\n\n<p><strong>Dragana Dardi\u0107 (Autonomija, naslovna fotografija: Robert Oroz)<\/strong><\/p>\n\n\n\n<p><em>\u201cStavovi izra\u017eeni u ovom tekstu su stavovi autora i ne predstavljaju nu\u017eno stavove Evropskog fonda za Balkan\u201d<\/em><\/p>\n\n\n\n<p><em>Ovaj projekat je dobitnik nagrade EDI Community Choices Award, koju su podr\u017eali Ministarstvo spoljnih poslova SR Nema\u010dke i EFB, saradnja \u010diji je doma\u0107in Mre\u017ea evropskih fondacija.<\/em><\/p>\n","protected":false},"excerpt":{"rendered":"<p>Nakon nekoliko opomena i tri tu\u017ebe, Sun\u010dica Kova\u010devi\u0107 i Sara Tu\u0161evljak, aktivistice za za\u0161titu rijeka, primile su, po\u010detkom novembra, novu opomenu pred tu\u017ebu. Poru\u010duju da ne\u0107e odustati od borbe da za\u0161tite Kasindolsku rijeku i njenu, jo\u0161 uvijek, pitku vodu. Sun\u010dicina i Sarina borba za Kasindolsku rijeku, koja izvire na Jahorini, ve\u0107im dijelom svoga toka te\u010de<\/p>\n","protected":false},"author":1,"featured_media":4117,"comment_status":"open","ping_status":"open","sticky":false,"template":"","format":"standard","meta":{"footnotes":""},"categories":[59],"tags":[130],"class_list":{"0":"post-4116","1":"post","2":"type-post","3":"status-publish","4":"format-standard","5":"has-post-thumbnail","7":"category-aktuelnosti","8":"tag-slapp-tuzbe"},"_links":{"self":[{"href":"https:\/\/citajizmedjuredova.me\/index.php?rest_route=\/wp\/v2\/posts\/4116","targetHints":{"allow":["GET"]}}],"collection":[{"href":"https:\/\/citajizmedjuredova.me\/index.php?rest_route=\/wp\/v2\/posts"}],"about":[{"href":"https:\/\/citajizmedjuredova.me\/index.php?rest_route=\/wp\/v2\/types\/post"}],"author":[{"embeddable":true,"href":"https:\/\/citajizmedjuredova.me\/index.php?rest_route=\/wp\/v2\/users\/1"}],"replies":[{"embeddable":true,"href":"https:\/\/citajizmedjuredova.me\/index.php?rest_route=%2Fwp%2Fv2%2Fcomments&post=4116"}],"version-history":[{"count":1,"href":"https:\/\/citajizmedjuredova.me\/index.php?rest_route=\/wp\/v2\/posts\/4116\/revisions"}],"predecessor-version":[{"id":4118,"href":"https:\/\/citajizmedjuredova.me\/index.php?rest_route=\/wp\/v2\/posts\/4116\/revisions\/4118"}],"wp:featuredmedia":[{"embeddable":true,"href":"https:\/\/citajizmedjuredova.me\/index.php?rest_route=\/wp\/v2\/media\/4117"}],"wp:attachment":[{"href":"https:\/\/citajizmedjuredova.me\/index.php?rest_route=%2Fwp%2Fv2%2Fmedia&parent=4116"}],"wp:term":[{"taxonomy":"category","embeddable":true,"href":"https:\/\/citajizmedjuredova.me\/index.php?rest_route=%2Fwp%2Fv2%2Fcategories&post=4116"},{"taxonomy":"post_tag","embeddable":true,"href":"https:\/\/citajizmedjuredova.me\/index.php?rest_route=%2Fwp%2Fv2%2Ftags&post=4116"}],"curies":[{"name":"wp","href":"https:\/\/api.w.org\/{rel}","templated":true}]}}