{"id":4614,"date":"2024-04-02T07:42:43","date_gmt":"2024-04-02T07:42:43","guid":{"rendered":"https:\/\/citajizmedjuredova.me\/?p=4614"},"modified":"2024-09-23T08:29:10","modified_gmt":"2024-09-23T08:29:10","slug":"kako-se-francuska-bori-sa-zavisnoscu-djece-od-ekrana","status":"publish","type":"post","link":"https:\/\/citajizmedjuredova.me\/?p=4614","title":{"rendered":"Kako se Francuska bori sa zavisno\u0161\u0107u djece od ekrana?"},"content":{"rendered":"\n<p>U dana\u0161nje vrijeme kada svi koriste telefone na svakom koraku, neminovno je da su i djeca izlo\u017eena ekranima i digitalnom svijetu. Iako ova izlo\u017eenost sama po sebi ne mo\u017ee da naudi djetetu, kao ni njegovom razvoju, pretjerana upotreba bi mogla. Zato je va\u017eno koliko dugo va\u0161a djeca u toku dana provode ispred ekrana.<\/p>\n\n\n\n<p><strong>Problem zavisnosti djece i\u00a0<a href=\"https:\/\/eupravozato.mondo.rs\/tag66\/Mladi\/1\" target=\"_blank\" rel=\"noreferrer noopener\">mladih<\/a>\u00a0od digitalnog prostora<\/strong>\u00a0i rje\u0161enje istog, sve je vi\u0161e u centru interesovanja francuskih, ali i evropskih vlasti.<\/p>\n\n\n\n<p>Francuska ministarka za mlade Sara El Hairi i francuska dr\u017eavna sekretarka za digitalne tehnologije Marina Ferari pokrenule su u \u010detvrtak (28. marta) novu inicijativu pod nazivom\u00a0<strong>&#8220;Roditelji, hajde da pri\u010damo o digitalnom svijetu&#8221;<\/strong>.<\/p>\n\n\n\n<p>Plan je da u okviru inicijative budu organizovane besplatne radionice \u0161irom zemlje za roditelje, na kojima \u0107e se raspravljati o svim temama u vezi sa upotrebom digitalnih tehnologija od strane djece.<\/p>\n\n\n\n<p>Ovakvoj inicijativi\u00a0<strong>prethodilo je ranije obe\u0107anje francuskog predsjednika Emanuela Makrona<\/strong>:<\/p>\n\n\n\n<p>&#8220;Odredi\u0107emo ispravnu upotrebu ekrana za na\u0161u djecu, u na\u0161im porodicama, kod ku\u0107e kao i na \u010dasu, jer se to ti\u010de budu\u0107nosti na\u0161ih dru\u0161tava i na\u0161ih demokratija&#8221;,\u00a0rekao je na svojoj drugoj konferenciji za novinare nakon izbora, 16. januara.<\/p>\n\n\n\n<p>Makron je 10. januara osnovao novu komisiju namjenjenu ovom pitanju kako bi\u00a0<strong>dao priliku stru\u010dnjacima da preporu\u010de pravila koja bi trebalo da se uvedu<\/strong>. Trebalo bi da je deset \u010dlanova komisije dostavilo svoj izvje\u0161taj do kraja marta, ali on tek treba da bude objavljen.<\/p>\n\n\n\n<p><strong>Pitanje dobija zamah i u EU<\/strong><\/p>\n\n\n\n<p>Za\u0161tita korisnika i djece od \u0161tetnosti digitalne tehnologije dobija na zamahu i na nivou EU.<\/p>\n\n\n\n<p>U decembru 2023. Evropski parlament je usvojio inicijativni izvje\u0161taj u kojem se nagla\u0161ava\u00a0<strong>&#8220;zna\u010dajan uticaj zavisnosti na sve pojedince, ali posebno na djecu i adolescente&#8221;<\/strong>.<\/p>\n\n\n\n<p>Poslanica u Evropskom parlamentu holandskih Zelenih i izvestilac izvje\u0161taja Kim van Sparentak rekla je na doga\u0111aju Mozilla Mornings sredinom marta da \u0107e u narednom mandatu parlamenta razmotriti regulisanje modela koji izazivaju zavisnost i \u0161tetu koju gra\u0111ani EU trpe zbog digitalnog svijeta (2024 -2029).<\/p>\n\n\n\n<p>Predstavnice Caroline Janvier i Aurora Berge (Obnova Evrope) su u Narodnoj skup\u0161tini Francuske u januaru 2023. podnijele zakon o spre\u010davanju prekomernog izlaganja djeci ekranima. Na\u017ealost,\u00a0<strong>predlog zakona nije imao dovoljnu podr\u0161ku i nije mogao da pre\u0111e u fazu usvajanja.<\/strong><\/p>\n\n\n\n<p>Predlo\u017eeni zakon je bio usmjeren na zavisnost od ekrana za djecu mla\u0111u od \u0161est godina i imao je za cilj da obu\u010di zdravstvene radnike kako da je lije\u010de. Tako\u0111e je sadr\u017eao brojne politike prevencije i obrazovanja, uklju\u010duju\u0107i digitalnu informativnu platformu za roditelje.<\/p>\n\n\n\n<p>Iako zakon nikada nije uzeo maha, digitalna inicijativa &#8220;Roditelji, hajde da pri\u010damo o digitalnom svijetu&#8221; pokrenuta je kako bi se uticalo na debatu.<\/p>\n\n\n\n<p>Dr\u017eavna sekretarka za digital Marina Merari je na francuskom TV kanalu&nbsp;<em>FranceInfo<\/em>, istog dana, posebno ponovila da ne podr\u017eava predlog biv\u0161e ministarke obrazovanja Najat Vallaud-Belkacem da se ograni\u010denja interneta posmatra kao na\u010din da se suprotstavi \u0161tetnosti digitalne tehnologije.<\/p>\n\n\n\n<p>Ona je, naime, u svom komentaru za list Le Figaro predlo\u017eio da se\u00a0<strong>ograni\u010den broj gigabajta dodijeli za svakodnevnu upotrebu.<\/strong><\/p>\n\n\n\n<p>&#8220;Nesta\u0161ica vodi do odre\u0111ene mudrosti&#8221;, istakao je nagovije\u0161tavaju\u0107i da bi ljudi provodili manje vremena objavljuju\u0107i govor mr\u017enje, da bi gledali manje pornografskog sadr\u017eaja ili kreirali la\u017ene vijesti, kada bi njihov pristup internetu bio ograni\u010den.<\/p>\n\n\n\n<p>&#8220;Nijedna ministarska kampanja ne mo\u017ee sprije\u010diti tinejd\u017eera da uni\u0161ti svoju egzistenciju na internetu&#8221;, dodala je.<\/p>\n\n\n\n<p><strong>Izvor: <\/strong><a href=\"https:\/\/eupravozato.mondo.rs\/nauka-i-tehnologija\/sajber-bezbednost\/a521\/Kako-se-Francuska-bori-sa-zavisnoscu-dece-od-ekrana.html\">eupravozato<\/a><\/p>\n\n\n\n<p><\/p>\n","protected":false},"excerpt":{"rendered":"<p>U dana\u0161nje vrijeme kada svi koriste telefone na svakom koraku, neminovno je da su i djeca izlo\u017eena ekranima i digitalnom svijetu. Iako ova izlo\u017eenost sama po sebi ne mo\u017ee da naudi djetetu, kao ni njegovom razvoju, pretjerana upotreba bi mogla. Zato je va\u017eno koliko dugo va\u0161a djeca u toku dana provode ispred ekrana. Problem zavisnosti<\/p>\n","protected":false},"author":1,"featured_media":4615,"comment_status":"closed","ping_status":"closed","sticky":false,"template":"","format":"standard","meta":{"footnotes":""},"categories":[149,141],"tags":[],"class_list":{"0":"post-4614","1":"post","2":"type-post","3":"status-publish","4":"format-standard","5":"has-post-thumbnail","7":"category-blog","8":"category-medijska-pismenost"},"_links":{"self":[{"href":"https:\/\/citajizmedjuredova.me\/index.php?rest_route=\/wp\/v2\/posts\/4614","targetHints":{"allow":["GET"]}}],"collection":[{"href":"https:\/\/citajizmedjuredova.me\/index.php?rest_route=\/wp\/v2\/posts"}],"about":[{"href":"https:\/\/citajizmedjuredova.me\/index.php?rest_route=\/wp\/v2\/types\/post"}],"author":[{"embeddable":true,"href":"https:\/\/citajizmedjuredova.me\/index.php?rest_route=\/wp\/v2\/users\/1"}],"replies":[{"embeddable":true,"href":"https:\/\/citajizmedjuredova.me\/index.php?rest_route=%2Fwp%2Fv2%2Fcomments&post=4614"}],"version-history":[{"count":1,"href":"https:\/\/citajizmedjuredova.me\/index.php?rest_route=\/wp\/v2\/posts\/4614\/revisions"}],"predecessor-version":[{"id":4616,"href":"https:\/\/citajizmedjuredova.me\/index.php?rest_route=\/wp\/v2\/posts\/4614\/revisions\/4616"}],"wp:featuredmedia":[{"embeddable":true,"href":"https:\/\/citajizmedjuredova.me\/index.php?rest_route=\/wp\/v2\/media\/4615"}],"wp:attachment":[{"href":"https:\/\/citajizmedjuredova.me\/index.php?rest_route=%2Fwp%2Fv2%2Fmedia&parent=4614"}],"wp:term":[{"taxonomy":"category","embeddable":true,"href":"https:\/\/citajizmedjuredova.me\/index.php?rest_route=%2Fwp%2Fv2%2Fcategories&post=4614"},{"taxonomy":"post_tag","embeddable":true,"href":"https:\/\/citajizmedjuredova.me\/index.php?rest_route=%2Fwp%2Fv2%2Ftags&post=4614"}],"curies":[{"name":"wp","href":"https:\/\/api.w.org\/{rel}","templated":true}]}}