{"id":4647,"date":"2024-08-29T07:59:37","date_gmt":"2024-08-29T07:59:37","guid":{"rendered":"https:\/\/citajizmedjuredova.me\/?p=4647"},"modified":"2024-10-15T08:03:41","modified_gmt":"2024-10-15T08:03:41","slug":"sto-je-istina-a-mora-biti-istina","status":"publish","type":"post","link":"https:\/\/citajizmedjuredova.me\/?p=4647","title":{"rendered":"\u201e\u0160to je istina, a mora biti istina\u201c"},"content":{"rendered":"\n<p><strong>Pi\u0161e: Danijela Lasica<\/strong><\/p>\n\n\n\n<p>\u201eDo\u0161li smo do toga da apsolutno svako anonimno mo\u017ee da otvori sajt, nazove ga medijem, objavi o vama \u0161to god \u017eeli, bez ikakvog dokaza, i da prakti\u010dno ne snosi nikakvu odogvornost. Ako to nije prijetnja po ljudska prava i samu slobodu izra\u017eavanja ne znam \u0161ta onda jeste\u201c ,ovako Darvin Muri\u0107, urednik portala \u201eRaskrinkavanje\u201c, odgovara na pitanje, da li smo bore\u0107i se za \u0161to vi\u0161e slobode izra\u1e93\u030cavanja, dobili dezinformacije kao prijetnju i ljudskim pravima i slobodi izra\u1e93\u030cavanja.<\/p>\n\n\n\n<p>Savr\u0161en primjer za tu tezu, izrodile su ovogodi\u0161nje Olimpijske igre u Parizu.<\/p>\n\n\n\n<p>Svakolika Crna Gora bila je na nogama. I to ne zbog toga jer su gledaoci \u201epored malih ekran\u201c vatreno pratili na\u0161e olimpijce na najve\u0107oj sportskoj smotri planete, ve\u0107 jer su narodne mase ustale i gromoglasno stale u odbranu italijanske bokserke An\u0111ele Karini. I ne bi bilo tu ni\u0161ta stra\u0161no. Stati u odbranu \u017eene, sportisktkinje, susjede, bilo koje osoba koja je napadnuta, je human gest. Problem je \u0161to smo je branili dezinformacijama. Ili da budemo precizni \u2013 la\u017enim vijestima. Kao olujni vjetar u avgustovskim danima, Crnom Gorom je protutnjala informacija o njenoj rivalki, al\u017eirskoj takmi\u010darki Iman Kalif \u2013 Bokserka je mu\u0161ko !!! U jednom trenutku \u010dinilo se da je populacija u Crnoj Gori ve\u0107inski orjentisana \u201edesno\u201c. Salve uvreda i teorija zavjere konstruisane su bukvalno u sekundi po dru\u0161tevnim mre\u017eama, ali i ne malom broju portala. Tvrdilo se da je Iman bila mu\u0161ko, ali je promijenila pol, pa da zapravo ima \u201exy\u201c hromozome, na kraju je \u201esamo mu\u0161kobanjasta\u201c. Do\u0161lo se i do podatka da je Me\u0111unarodna bokserska asocijacija IBA diskfalifikovala Iman sa Svjetskog prvesntva 2023. godine jer je imala \u201evisok nivo testosterona u organizmu\u201c. To je de\u017eurnim kriti\u010darima i znalcima bio dodatni podsticaj, da je vrije\u0111aju, nazivaju svakakvim imenima, osu\u0111uju, presu\u0111uju\u2026Da stanu u odbranu \u017eene. Ali u odbranu An\u0111ele. Ne i Iman. Iman za njih nije, i ne mo\u017ee nikako biti \u017eena. I to je trajalo i trajalo. A onda su ozbiljni mediji krenuli u raskrinkavanje. Prvo, ispostavilo se da je IBA jedna vrlo kontroverzna organizacija, te da je i istra\u017eivanje koje je sprovela tako\u0111e sumnjivo. Naime, Me\u0111unarodni olimpijski komitet (MOK) oduzeo je organizaciji IBA ovla\u0161\u0107enja za organizovanje bokserskih takmi\u010denja i preuzeo organizaciju boks turnira u Parizu. MOK tvrdi da je IBA kompromitovana organizacija, koja ima problema sa finansijskom netransparentno\u0161\u0107u i vezama sa ruskim vodjstvom. Kelif se ina\u010de bez problema takmi\u010dila na me\u0111unarodnom nivou u proteklih nekoliko godina, uklju\u010duju\u0107i nastup na Olimpijskim igrama u Tokiju prije tri godine, kao i Svjetskom prvenstvu u boksu 2022., kada je osvojila srebro. Nakon stavova MOK-a, pojavile su se i fotografije&nbsp;male Iman. Ro\u0111ena je u Teheranu, kao najstarije od sedmoro djece. Djevoj\u010dica sa kikicama na glavi, koja je imala snove kao bilo koja druga djevoj\u010dica. Njen san je bio da postane bokserka. I u Parizu je ove godine ostvarila svoj san \u2013 postala je zlatna.<\/p>\n\n\n\n<p>Zanimljivo je da, iako su relevantne organizacije objavile sve ove podatke-\u010dinjenice, oni koji su \u0161irili dezinformacije, i na dru\u0161tvenim mre\u017eama, i na portalima, nijesu se \u010dak potrudili ni da ih prenesu. Da priznaju da su pogrije\u0161ili i da su \u0161irili la\u017ene vijesti.<\/p>\n\n\n\n<p>I to je klju\u010dni problem sa dezinformacijama \u2013 oni koji ih plasiraju, i ra\u010dunaju na konzumente koji ne\u0107e prihvatiti da je ne\u0161to bilo la\u017eno.<\/p>\n\n\n\n<p>Jo\u0161 jedan problem sa dezinformacijama je i njihova brojnost. Muri\u0107 ka\u017ee da ih niko vi\u0161e ne broji, jer jednostavno ne bi moglo da se stigne.<\/p>\n\n\n\n<p>\u201eAli statistika koja govori o njima je svakako ona o padu broja djece vakcinisane MMR vakcinom, kao i podaci iz istra\u017eivanja Centra za demokratsku tranziiju (CDT) da vi\u0161e od tre\u0107ine gra\u0111ana smatra da ona izaziva autizam, da od 40 odsto gra\u0111ana vjeruje da se Rusija u Ukrajini bori protiv nacizma, da vi\u0161e od 45 odsto gra\u0111ana Crne Gore misli da je pandemija koronavirusa bila izmi\u0161ljena\u201c ka\u017ee Muri\u0107.<\/p>\n\n\n\n<p>Dodaje, da kada su u pitanju mediji, na osnovu njihovog svakodnevnog rada, mogu da konstatuju da se situacija blago pogor\u0161ala u odnosu na pro\u0161lu godine.<\/p>\n\n\n\n<p>\u201ePojedini mediji su postali \u010ditaniji i aktivniji, razvili su druga\u010dije tehnike manipulisanja, jer su neometani od dr\u017eave u svom poslu\u201c , ka\u017ee Muri\u0107.<\/p>\n\n\n\n<p>Ipka, za sada, tradicionalni mediji u Crnoj Gori uglavnom ne kreiraju dezinformacije.<\/p>\n\n\n\n<p>\u201e&nbsp;Iako je bilo primjera dezinformisanja i u dr\u017eavnim i privatnim medijima, oni ipak rijetko proizvode dezinformacije. Prisutne su neprovjerene informacije iz anonimnih izvora za koje se te\u0161ko i mo\u017ee utvrditi da li su neta\u010dne, ali kada se sve uzme u obzir, sa mejnstrim medijima Raskrinkavanje ima najmanje posla\u201c ka\u017ee Muri\u0107.<\/p>\n\n\n\n<p>Na pitanje da li Crna Gora ima mehanizme da se na demokratski na\u010din suprotstavi dezinformacijama, Muri\u0107 je skepti\u010dan.<\/p>\n\n\n\n<p>\u201eVa\u017ee\u0107i pravni okvir koji reguli\u0161e pitanje medija, kako ih popularno nazivamo \u2013 \u201cmedijski zakoni\u201d, odnosno, Zakon o medijima, Zakon o elektronskim medijima i Zakon o nacionalnom javnom emiteru Radio i Televizija Crne Gore, uop\u0161te se ne bave temom dezinformacija, niti se u njima pominje taj pojam, tako da je odgovor jasan \u2013 nemamo mehanizme i pustili smo dezinformacije da divljaju\u201c jasan je na\u0161 sagovornik.<\/p>\n\n\n\n<p>Osim rada civilnog sektora, u Crnoj Gori se za sada niko drugi ne bori protiv dezinformacija. Dr\u017eava se ne bori protiv dezinformacija, politi\u010dari tako\u0111e, \u0161tavi\u0161e, vole da ih uredno iskoriste protiv svojih protivnika. Reklame dr\u017eavnih preduze\u0107a nalazimo na sajtovima fabrika dezinformacija, legitimitet se daje medijima i pojedincima koji se bave propagandom i dezinformisanjem. Sve to opravdava pesmisiti\u010dno gledi\u0161te na ovu temu.<\/p>\n\n\n\n<p>No, postoje\u0107i zakoni ipak daju odre\u0111ene mehanizme. Problem je me\u0111utim \u0161to se ne primjenjuju.<\/p>\n\n\n\n<p>Novim Zakonom o medijima je predvi\u0111eno da bilo koje zainteresovano lice mo\u017ee da pokrene postupak pred sudom ukoliko neki portal \u0161iri sadr\u017eaj zabranjem Krivi\u010dnim zakonom. Do sada je to mogao samo dr\u017eavni tu\u017eilac. \u201eNema me\u0111utim dostupnih podataka da je ta odredba posljednjih godina primijenjena\u201c, ka\u017ee Vesna Rajkovi\u0107 Nenadi\u0107 iz Institita za medije, koja je bila \u010dlanica Radne grupe za izradu medijskih zakona.<\/p>\n\n\n\n<p>Kako dodaje, mogu\u0107nost da postupak pokrene bilo koje zainteresovano lice je bilo kompromisno rje\u0161enje upravo na zahtjeve da se blokiraju oni portali koji nijesu evidentirani u registru Ministarstva kulture i medija.<\/p>\n\n\n\n<p>\u201cOni su najprepoznatljiviji kao portali koji \u0161ire sporan govor i \u010desto govor mr\u017enje\u201d, naglasila je Rajkovi\u0107 Nenadi\u0107 i dodaje da to nije dovoljno ali da nije bilo raspolo\u017eenja da se ide na neka radikalnija rje\u0161enja.<\/p>\n\n\n\n<p>Medijskom strategijom je predvi\u0111eno formiranje mre\u017ee za borbu protiv dezinformacija, i tim procesom bi rukovodio Univerzitet.<\/p>\n\n\n\n<p>Tim dokumentom je predvi\u0111eno da bi oni birali ljude koji bi na dnevnom nivou ukazivali na dezinformacije. Kada \u0107e biti formirana za sada se ne zna.<\/p>\n\n\n\n<p><strong>Foto: AI<\/strong><\/p>\n\n\n\n<p><strong><em>Ovaj tekst ura\u0111en je uz finansijsku podr\u0161ku Nacionalne zadu\u017ebine za demokratiju. Sadr\u017eaj je isklju\u010divo odgovornost autora i izdava\u010da Instituta za medije Crne Gore i nu\u017eno ne odra\u017eava stavove donatora.<\/em><\/strong><\/p>\n","protected":false},"excerpt":{"rendered":"<p>Pi\u0161e: Danijela Lasica \u201eDo\u0161li smo do toga da apsolutno svako anonimno mo\u017ee da otvori sajt, nazove ga medijem, objavi o vama \u0161to god \u017eeli, bez ikakvog dokaza, i da prakti\u010dno ne snosi nikakvu odogvornost. Ako to nije prijetnja po ljudska prava i samu slobodu izra\u017eavanja ne znam \u0161ta onda jeste\u201c ,ovako Darvin Muri\u0107, urednik portala<\/p>\n","protected":false},"author":1,"featured_media":4648,"comment_status":"closed","ping_status":"closed","sticky":false,"template":"","format":"standard","meta":{"footnotes":""},"categories":[59],"tags":[],"class_list":{"0":"post-4647","1":"post","2":"type-post","3":"status-publish","4":"format-standard","5":"has-post-thumbnail","7":"category-aktuelnosti"},"_links":{"self":[{"href":"https:\/\/citajizmedjuredova.me\/index.php?rest_route=\/wp\/v2\/posts\/4647","targetHints":{"allow":["GET"]}}],"collection":[{"href":"https:\/\/citajizmedjuredova.me\/index.php?rest_route=\/wp\/v2\/posts"}],"about":[{"href":"https:\/\/citajizmedjuredova.me\/index.php?rest_route=\/wp\/v2\/types\/post"}],"author":[{"embeddable":true,"href":"https:\/\/citajizmedjuredova.me\/index.php?rest_route=\/wp\/v2\/users\/1"}],"replies":[{"embeddable":true,"href":"https:\/\/citajizmedjuredova.me\/index.php?rest_route=%2Fwp%2Fv2%2Fcomments&post=4647"}],"version-history":[{"count":1,"href":"https:\/\/citajizmedjuredova.me\/index.php?rest_route=\/wp\/v2\/posts\/4647\/revisions"}],"predecessor-version":[{"id":4649,"href":"https:\/\/citajizmedjuredova.me\/index.php?rest_route=\/wp\/v2\/posts\/4647\/revisions\/4649"}],"wp:featuredmedia":[{"embeddable":true,"href":"https:\/\/citajizmedjuredova.me\/index.php?rest_route=\/wp\/v2\/media\/4648"}],"wp:attachment":[{"href":"https:\/\/citajizmedjuredova.me\/index.php?rest_route=%2Fwp%2Fv2%2Fmedia&parent=4647"}],"wp:term":[{"taxonomy":"category","embeddable":true,"href":"https:\/\/citajizmedjuredova.me\/index.php?rest_route=%2Fwp%2Fv2%2Fcategories&post=4647"},{"taxonomy":"post_tag","embeddable":true,"href":"https:\/\/citajizmedjuredova.me\/index.php?rest_route=%2Fwp%2Fv2%2Ftags&post=4647"}],"curies":[{"name":"wp","href":"https:\/\/api.w.org\/{rel}","templated":true}]}}