{"id":4667,"date":"2024-09-26T13:11:11","date_gmt":"2024-09-26T13:11:11","guid":{"rendered":"https:\/\/citajizmedjuredova.me\/?p=4667"},"modified":"2024-10-17T18:35:31","modified_gmt":"2024-10-17T18:35:31","slug":"novinari-u-crnoj-gori-na-ivici-siromastva","status":"publish","type":"post","link":"https:\/\/citajizmedjuredova.me\/?p=4667","title":{"rendered":"Novinari u Crnoj Gori: Na ivici siroma\u0161tva"},"content":{"rendered":"\n<p><strong>Pi\u0161u: D. Bogdanovi\u0107 i T. \u0110urni\u0107<\/strong><\/p>\n\n\n\n<p>Tra\u017ei se kuvar, plata 1500 eura, kuhunjsko osoblje 900 eura, sobarice 800 eura, dostavlja\u010d 850 eura, samo su neke od objava kojima svakodnevno svjedo\u010dimo.<\/p>\n\n\n\n<p>U zemlji u kojoj su u javnom sektoru, zdravstvenim radnicima, univerzitetskim profesorima kroz razne programe zna\u010dajno uve\u0107ane plate, novinari koji bi trebalo da budu psi \u010duvari demokratije su ostali u zape\u0107ku.<\/p>\n\n\n\n<p>\u201cNovinari i novinarke u Crnoj Gori primaju plate kojima ne mogu pokriti osnovne \u017eivotne tro\u0161kove, koje su najni\u017ee u regionu, a ve\u0107ina njih osigurana je na minimalac ili anga\u017eovana honorarno, pa su za njih radni sta\u017e i budu\u0107e penzije misaona imenica, \u201c, ka\u017ee novinarka Danijela Lasica.<\/p>\n\n\n\n<p>Prema podacima Agencije za elektronske medije, iz novembra 2023., u Crnoj Gori postoji 222 medija u kojima radi 2.000 medijskih radnika. Istra\u017eivanje Sindikata medija Crne Gore iz prethodne godine, pokazuje da vi\u0161e od 60 odsto zaposlenih u medjima prima zaradu ni\u017eu od dr\u017eavnog prosjeka.<\/p>\n\n\n\n<p>Direktor dnevnog lista Pobjeda, Nenad Ze\u010devi\u0107, ka\u017ee da je za njih najve\u0107i izazov obezbijediti sredstava za preko 160 radnika, od kojih je 106 stalno zaposlenih i izme\u0111u 55 i 60 honoraraca.<\/p>\n\n\n\n<p>\u201cTr\u017ei\u0161te \u0161tampanih medija je u krizi, svi svjetski \u0161tampani mediji (Njujork Tajms, Gardijan, Independent\u2026) imaju problema finansijama. Zbog toga se moramo baviti i drugim djelatnostima poput izdava\u0161tva da bi opstali\u201d, ka\u017ee Ze\u010devi\u0107.<\/p>\n\n\n\n<p>I Ze\u010devi\u0107 smatra da su plate koje trenutno novinari u Crnoj Gori primaju izuzetno niske.<\/p>\n\n\n\n<p>\u201cPodsjeti\u0107u vas da je prosje\u010dna zarada u Crnoj Gori oko 900 eura neto, dok bi u oktobru u skladu sa implementacijom programa Evropa sad 2 trebalo da bude 1000 eura. Prosje\u010dna novinarska plata je izme\u0111u 700 i 750 eura i znatno ispod dr\u017eavnog prosjeka. To nije bila situacija ranije jer su novinarske plate prije dvadesetak godina bile znatno iznad dr\u017eavnog prosjeka i novinari su bili me\u0111u najpla\u0107enijim zanimanjima u dr\u017eavi\u201d, kazao je on.<\/p>\n\n\n\n<p>Ovako niske plate, sve su \u010de\u0161\u0107i motiv zbog kojeg mladi novinari napu\u0161taju svoju profesiju, smatra direktor Direktorata za medije, Ne\u0111eljko Rudovi\u0107. Ka\u017ee da ako se nove snage ne zadr\u017eavaju u novinarstvu, to nije samo prijetnja novinarstvu i medijima, nego i budu\u0107nosti dru\u0161tva, jer svako zdravo dru\u0161tvo po\u010diva na slobodnim medijima.<\/p>\n\n\n\n<p>\u201cTo prepoznajem kao trend koji je posljedica slabljenja medijske industrije, odnosno finansijske snage medija koji \u017eive od tr\u017ei\u0161ta u poslednjih 15 godina. Tada je zbog ekonomske krize do\u0161lo prvo do sni\u017eavanja zarada, pa do otpu\u0161tanja, tako da sada jedan novinar pokriva ono \u0161to su nekada pokrivali dvoje ili troje i to za manju platu. To nije samo slu\u010daj u Crnoj Gori, ali je kod nas situacija mnogo te\u017ea zbog malog tr\u017ei\u0161ta, \u0161to zahtijeva dodatne napore osniva\u010da medija da prona\u0111u dodatne izvore finansiranja preko raznih projekata\u201d, rekao je Rudovi\u0107.<\/p>\n\n\n\n<p>Kao pomo\u0107 medijima nastao je i Fond za podsticanje pluralizma i raznovrsnosti medija, koji je uspostavljen Zakonom o medijima iz 2020. godine, a ima za cilj da obezbijedi transparentno finansiranje \u0161tampanih i online medija, omogu\u0107avaju\u0107i im da pru\u017eaju \u0161irok spektar informacija i sadr\u017eaja bez politi\u010dkih i ekonomskih pritisaka. Ministatstvo kulture i medija se sa ciljem da pomogne privatnim medijima, izborilo da se Fond povisi sa 0,09 odsto teku\u0107eg bud\u017eeta na 0,20 odsto, tj. sa postoje\u0107ih oko 1,2 miliona na skoro tri miliona EUR, koliko \u0107e Fond podijeliti komercijalnim medijima u 2025.<\/p>\n\n\n\n<p>\u201cTo je jedna od najva\u017enijih novina u Zakonu o medijima, usvojenom u junu, a u obrascima za prijavu na konkurs smo izdvojili stavku koja se odnosi na novinarske honorare. Smisao je da se pove\u0107anje fonda odrazi i na pove\u0107anje zarade novinara\u201d, navodi Rudovi\u0107.<\/p>\n\n\n\n<p>Rudovi\u0107 navodi i da je Zakonom o AVM uslugama prvi put osigurano da lokalni javni servisi, njih 15 koji zapo\u0161ljavaju preko 400 medijskih radnika, imaju sigurno i zna\u010dajno ve\u0107e finansiranje iz bud\u017eeta lokalnih samouprava, koje je, po analogiji sa RTCG, utvr\u0111eno minimalnim procentom iz teku\u0107eg bud\u017eeta.<\/p>\n\n\n\n<p>Od oktobra 2024. godine, u Crnoj Gori stupaju na snagu i izmjene u okviru programa Evropa Sad 2, koje donose nove odredbe o minimalnim zaradama. Minimalna zarada \u0107e iznositi 600 eura za radnike sa do V nivoa kvalifikacije, dok \u0107e za zaposlene na radnim mjestima koja zahtijevaju VI ili vi\u0161i nivo obrazovanja minimalna plata biti 800 eura.<\/p>\n\n\n\n<p>Lasica smatra da kada su u pitanju medijski radnici, ova izmjena \u0107e postojati \u201csamo na papiru\u201d.<\/p>\n\n\n\n<p>\u201cSve zavisi da li \u0107e vlasnici medija odlu\u010diti da plate pove\u0107aju za \u201cobaveznih \u0161est odsto\u201d ili \u0107e tome pove\u0107anju dodati i onih pet odsto kojih \u0107e biti oslobo\u0111eni pla\u0107anjem dopinosa. \u0160to je naravno ostavljeno njihovoj dobroj volji na odlu\u010divanje. U su\u0161tini ne\u0107e se bitnije promijeniti, jer kao prvo , ako kao novinar imate lo\u0161ije plate od ostalih zaposlenih u Crnoj Gori, onda vam je startan pozicija odmah lo\u0161ija, pa time i krajnji rezultat. I naravno, novinari \u0107e dijeliti sudbinu svih oostalih u Crnoj Gori \u2013 viskoh cijena \u017eivota, \u0161to uvijek dodatno anulira svako pove\u0107anje plate koje dobijete\u201d, ka\u017ee ona.<\/p>\n\n\n\n<p>Ipak, kada je u pitanju iznos novinarskih plata, situacija nije ista za sve medije u Crnoj Gori. Predstavnici menad\u017ementa RTCG, Savjeta i sindikata potpisali su u maju pro\u0161le godine Kolektivni ugovor kojim su zaposleni u ovoj medijskoj ku\u0107i dobili prosje\u010dno 100 eura ve\u0107u platu, \u0161to je oko 40 eura iznad dr\u017eavnog prosjeka.<\/p>\n\n\n\n<p>Pored toga, kako isti\u010de Dra\u017een \u0110ura\u0161kovi\u0107 iz Sindikata medija u pojedinim privatnim medijima do\u0161lo je do odre\u0111enog pove\u0107anja zarada, kao i u dijelu lokalnih javnih emitera, usled usagla\u0161avanja sa kolektivnim ugovorom koji je namijenjen dr\u017eavnim slu\u017ebenicima i namje\u0161tenicima. Od jula pro\u0161le godine na snazi je i odredba Op\u0161teg kolektivnog ugovora koja predvi\u0111a da se rad nedjeljom pla\u0107a uve\u0107anom dnevnicom za 80 odsto.<\/p>\n\n\n\n<p>\u201cIpak, sva ova pove\u0107anja nisu dovela do zna\u010dajnijeg unapre\u0111enja socio-ekonomskog polo\u017eaja i smatramo da zaposleni u medijima i dalje rade u uslovima koji koji ne korespondiraju sa njihovom ulogom u medijskoj industriji ali i dru\u0161tvu\u201d, navodi \u0110ura\u0161kovi\u0107.<\/p>\n\n\n\n<p>Na\u0161i sagovornici naveli su nekoliko mogu\u0107ih re\u0161enja kada su u pitanju niske plate koje primaju novinari i novinarke u Crnoj Gori.<\/p>\n\n\n\n<p>Ze\u010devi\u0107 tako isti\u010de da dr\u017eava mo\u017ee uvesti posebne fondove ili subvencije za podr\u0161ku medijima koji se suo\u010davaju s pote\u0161ko\u0107ama, posebno u segmentima od javnog interesa (istra\u017eiva\u010dko novinarstvo, lokalne vijesti).<\/p>\n\n\n\n<p>\u201cOve subvencije treba da budu transparentne i nepristrasne kako bi se izbjegla zloupotreba ili kontrola sadr\u017eaja. Tako\u0111e, mediji bi mogli dobiti poreske olak\u0161ice ili subvencije za tro\u0161kove koji se odnose na plate novinara i pobolj\u0161anje radnih uslova, \u010dime bi se podigao kvalitet medijskog sadr\u017eaja i smanjila zavisnost od politi\u010dkih ili komercijalnih ogla\u0161iva\u010da\u201d, kazao je on.<\/p>\n\n\n\n<p>Lasica isti\u010de i da bi zbog ozbiljnosti posla kojim se bave, novinarima trebalo obezbijediti i neku vrstu beneficiranog radnog sta\u017ea.<\/p>\n\n\n\n<p>\u201cTako\u0111e, omogu\u0107iti novinarima koji su radili kao honoraraci ili frilenseri, da mogu pod povoljnim uslovima da \u201cuplate\u201d sebi doprinose za penziju. I naravno trebalo bi dodatno unaprijediti zakonski okvir koji se odnosi na bezbjednost novinara\u201d, navodi ona.<\/p>\n\n\n\n<p>Sindikat medija Crne Gore ve\u0107 pru\u017ea podr\u0161ku novinarima i medijskim radnicima kroz za\u0161titu njihovih radnih i socijalnih prava, besplatnu pravnu pomo\u0107, zastupanje u radnim sporovima i unapre\u0111enje uslova za isplatu zarada. \u0110ura\u0161kovi\u0107 kao rje\u0161enje isti\u010de i edukaciju novinara o radnim pravima i podizanje svijesti o va\u017enosti kolektivnog pregovaranja, posebno me\u0111u poslodavcima.<\/p>\n\n\n\n<p>\u201cU vi\u0161e navrata smo poku\u0161ali da do\u0111emo do Granskog kolektivnog ugovora za medijsku indistriju kojim bi se dala sigurnost svim zaposlenim u medijima i insitutcionalizovala za\u0161tita. Do sada nismo bili uspje\u0161ni, jer se pokazalo da je ubje\u0111ivanje poslodavaca u to da treba ozbiljnije da vrednuju rad svojih zaposlenih zaista dugotrajan proces. Granski kolektivni ugovor postavio bi&nbsp; temelj osnovnim pravima i za\u0161titi, bilo da je rije\u010d o zaradama, regulisanju radnih prava, prava na edukaciju, za\u0161titi na radu i drugim va\u017enim pravima\u201d, navodi on.<\/p>\n\n\n\n<p>Dok se ne na\u0111e rje\u0161enje, novinari \u0107e i dalje imati zarade ispod prosjeka, najbolji napu\u0161tati profesiju i pitati se je li im bolje da sa zavr\u0161enim fakultetom rade kao pomo\u0107no osoblje u kuhinji ili kao dostavlja\u010di.<\/p>\n\n\n\n<p><strong><em>Ovaj tekst ura\u0111en je uz finansijsku podr\u0161ku Nacionalne zadu\u017ebine za demokratiju. Sadr\u017eaj je isklju\u010divo odgovornost autora i izdava\u010da Instituta za medije Crne Gore i nu\u017eno ne odra\u017eava stavove donatora.<\/em><\/strong><\/p>\n","protected":false},"excerpt":{"rendered":"<p>Pi\u0161u: D. Bogdanovi\u0107 i T. \u0110urni\u0107 Tra\u017ei se kuvar, plata 1500 eura, kuhunjsko osoblje 900 eura, sobarice 800 eura, dostavlja\u010d 850 eura, samo su neke od objava kojima svakodnevno svjedo\u010dimo. U zemlji u kojoj su u javnom sektoru, zdravstvenim radnicima, univerzitetskim profesorima kroz razne programe zna\u010dajno uve\u0107ane plate, novinari koji bi trebalo da budu psi<\/p>\n","protected":false},"author":1,"featured_media":4668,"comment_status":"closed","ping_status":"closed","sticky":false,"template":"","format":"standard","meta":{"footnotes":""},"categories":[59],"tags":[],"class_list":{"0":"post-4667","1":"post","2":"type-post","3":"status-publish","4":"format-standard","5":"has-post-thumbnail","7":"category-aktuelnosti"},"_links":{"self":[{"href":"https:\/\/citajizmedjuredova.me\/index.php?rest_route=\/wp\/v2\/posts\/4667","targetHints":{"allow":["GET"]}}],"collection":[{"href":"https:\/\/citajizmedjuredova.me\/index.php?rest_route=\/wp\/v2\/posts"}],"about":[{"href":"https:\/\/citajizmedjuredova.me\/index.php?rest_route=\/wp\/v2\/types\/post"}],"author":[{"embeddable":true,"href":"https:\/\/citajizmedjuredova.me\/index.php?rest_route=\/wp\/v2\/users\/1"}],"replies":[{"embeddable":true,"href":"https:\/\/citajizmedjuredova.me\/index.php?rest_route=%2Fwp%2Fv2%2Fcomments&post=4667"}],"version-history":[{"count":2,"href":"https:\/\/citajizmedjuredova.me\/index.php?rest_route=\/wp\/v2\/posts\/4667\/revisions"}],"predecessor-version":[{"id":4671,"href":"https:\/\/citajizmedjuredova.me\/index.php?rest_route=\/wp\/v2\/posts\/4667\/revisions\/4671"}],"wp:featuredmedia":[{"embeddable":true,"href":"https:\/\/citajizmedjuredova.me\/index.php?rest_route=\/wp\/v2\/media\/4668"}],"wp:attachment":[{"href":"https:\/\/citajizmedjuredova.me\/index.php?rest_route=%2Fwp%2Fv2%2Fmedia&parent=4667"}],"wp:term":[{"taxonomy":"category","embeddable":true,"href":"https:\/\/citajizmedjuredova.me\/index.php?rest_route=%2Fwp%2Fv2%2Fcategories&post=4667"},{"taxonomy":"post_tag","embeddable":true,"href":"https:\/\/citajizmedjuredova.me\/index.php?rest_route=%2Fwp%2Fv2%2Ftags&post=4667"}],"curies":[{"name":"wp","href":"https:\/\/api.w.org\/{rel}","templated":true}]}}