{"id":4714,"date":"2025-03-07T10:35:30","date_gmt":"2025-03-07T10:35:30","guid":{"rendered":"https:\/\/citajizmedjuredova.me\/?p=4714"},"modified":"2025-03-07T10:35:30","modified_gmt":"2025-03-07T10:35:30","slug":"albanska-vlada-na-godinu-zabranila-pristup-tiktoku","status":"publish","type":"post","link":"https:\/\/citajizmedjuredova.me\/?p=4714","title":{"rendered":"Albanska vlada na godinu zabranila pristup TikToku"},"content":{"rendered":"\n<p>Albanska vlada odobrila je 6. marta jednogodi\u0161nju zabranu pristupa dru\u0161tvenoj platformi TikTok na teritoriji Albanije.<br><br>Prijedlog za zatvaranje TikToka podnio je krajem pro\u0161le godine premijer Albanije Edi Rama, pi\u0161e kosovski servis Radija Slobodna Evropa.<\/p>\n\n\n\n<p>Kako navode iz Vlade, odluka je donesena nakon konsultacija s roditeljima i u\u010diteljima, a preporuku za privremeno zatvaranje ove platforme donijela je me\u0111uinstitucionalna grupa.<br><br>&#8220;Radi se o privremenom zatvaranju pristupa Tik Toku. Dali smo rok od 12 mjeseci da poduzmemo sve potrebne mjere, u koordinaciji s predstavnicima ove platforme kako bismo stvorili uslove da pristup ne \u0161teti djeci i mladima. Nacionalna agencija za kiberneti\u010dku sigurnost mo\u0107i \u0107e da sprovedu ovaj privremeni prekid pristupa TikToku u roku od nekoliko dana ili sedmica&#8221;, kazala je ministarka obrazovanja Ogerta Manastirliu.<br><br>Kazala je i da je od dr\u017eavne policije dobijena informacija da je na ovoj platformi objavljen veliki broj video zapisa i drugih materijala koji poti\u010du na nasilje i zlostavljanje.<br><br>Prema njenim rije\u010dima, oko 65.000 roditelja u\u010destvovalo je na vi\u0161e od 1.300 sastanaka, te je podr\u017ealo zatvaranje ili ograni\u010davanje TikToka.<a href=\"https:\/\/www.slobodnaevropa.org\/a\/albanija-blokirala-tiktok-mjesec-nakon-ubistva-maloljetnika\/33248319.html\"><\/a><\/p>\n\n\n\n<p><br>Konsultacije s roditeljima i u\u010diteljima zapo\u010dele su nakon \u0161to je 18. novembra 2024. no\u017eem izboden u\u010denik osnovne \u0161kole u Tirani.<\/p>\n\n\n\n<p>Martina Canija, u\u010denika devetogodi\u0161nje \u0161kole &#8220;Fan Noli&#8221;, 18. novembra je izbo njegov vr\u0161njak u centru Tirane.<\/p>\n\n\n\n<p>Nakon njegovog ubistva, TikTokom su kru\u017eili snimci na kojima su se maloljetnici izjasnili za ubistvo.<\/p>\n\n\n\n<p>Tako\u0111e, nakon njegovog ubistva objavljena je fotografija po\u010dinioca, koji je uhap\u0161en, na kojoj se vidi rana koju je zadobio na ruci i prikazano je kako visoko podi\u017ee ruku.<\/p>\n\n\n\n<p>Nekoliko dana kasnije, Vlada Albanije je iznijela na raspravu dva prijedloga za suzbijanje uticaja dru\u0161tvenih mre\u017ea TikTok i Snapchat na djecu.<\/p>\n\n\n\n<p>Nakon odluke Vlade, reagovao je opoziconar Sali Berisha, koji je kazao da Vlada ovu platformu cenzuri\u0161e u jeku predizborne kampanje. Ocijenio je da je razlog to \u0161to se Vlada &#8220;boji slobode govora i njenog utjecaja na mlade&#8221; te je pozvao na proteste u Tirani 15. marta.<\/p>\n\n\n\n<p>Izvor: <a href=\"https:\/\/www.slobodnaevropa.org\/a\/tiktok-albanija-zabrana\/33338669.html\">Radio Slobodna Evropa<\/a><\/p>\n","protected":false},"excerpt":{"rendered":"<p>Albanska vlada odobrila je 6. marta jednogodi\u0161nju zabranu pristupa dru\u0161tvenoj platformi TikTok na teritoriji Albanije. Prijedlog za zatvaranje TikToka podnio je krajem pro\u0161le godine premijer Albanije Edi Rama, pi\u0161e kosovski servis Radija Slobodna Evropa. Kako navode iz Vlade, odluka je donesena nakon konsultacija s roditeljima i u\u010diteljima, a preporuku za privremeno zatvaranje ove platforme donijela<\/p>\n","protected":false},"author":1,"featured_media":4685,"comment_status":"closed","ping_status":"closed","sticky":false,"template":"","format":"standard","meta":{"footnotes":""},"categories":[59],"tags":[],"class_list":{"0":"post-4714","1":"post","2":"type-post","3":"status-publish","4":"format-standard","5":"has-post-thumbnail","7":"category-aktuelnosti"},"_links":{"self":[{"href":"https:\/\/citajizmedjuredova.me\/index.php?rest_route=\/wp\/v2\/posts\/4714","targetHints":{"allow":["GET"]}}],"collection":[{"href":"https:\/\/citajizmedjuredova.me\/index.php?rest_route=\/wp\/v2\/posts"}],"about":[{"href":"https:\/\/citajizmedjuredova.me\/index.php?rest_route=\/wp\/v2\/types\/post"}],"author":[{"embeddable":true,"href":"https:\/\/citajizmedjuredova.me\/index.php?rest_route=\/wp\/v2\/users\/1"}],"replies":[{"embeddable":true,"href":"https:\/\/citajizmedjuredova.me\/index.php?rest_route=%2Fwp%2Fv2%2Fcomments&post=4714"}],"version-history":[{"count":1,"href":"https:\/\/citajizmedjuredova.me\/index.php?rest_route=\/wp\/v2\/posts\/4714\/revisions"}],"predecessor-version":[{"id":4715,"href":"https:\/\/citajizmedjuredova.me\/index.php?rest_route=\/wp\/v2\/posts\/4714\/revisions\/4715"}],"wp:featuredmedia":[{"embeddable":true,"href":"https:\/\/citajizmedjuredova.me\/index.php?rest_route=\/wp\/v2\/media\/4685"}],"wp:attachment":[{"href":"https:\/\/citajizmedjuredova.me\/index.php?rest_route=%2Fwp%2Fv2%2Fmedia&parent=4714"}],"wp:term":[{"taxonomy":"category","embeddable":true,"href":"https:\/\/citajizmedjuredova.me\/index.php?rest_route=%2Fwp%2Fv2%2Fcategories&post=4714"},{"taxonomy":"post_tag","embeddable":true,"href":"https:\/\/citajizmedjuredova.me\/index.php?rest_route=%2Fwp%2Fv2%2Ftags&post=4714"}],"curies":[{"name":"wp","href":"https:\/\/api.w.org\/{rel}","templated":true}]}}