{"id":4827,"date":"2025-11-05T08:35:33","date_gmt":"2025-11-05T08:35:33","guid":{"rendered":"https:\/\/citajizmedjuredova.me\/?p=4827"},"modified":"2026-01-26T08:45:23","modified_gmt":"2026-01-26T08:45:23","slug":"ispred-metka-i-mikrofona","status":"publish","type":"post","link":"https:\/\/citajizmedjuredova.me\/?p=4827","title":{"rendered":"Ispred metka i mikrofona"},"content":{"rendered":"\n<p><strong>PI\u0160E: Danijela Lasica<\/strong><\/p>\n\n\n\n<p>Ivana Vlaovi\u0107 ima 23 godine i u novinarstvu je \u010detiri godine. Olivera Laki\u0107 je u tom poslu skoro tri decenije. Njih dvije nikada nisu radile zajedno, vjerovatno se nikada ni nisu srele na istom terenskom zadatku. Ipak, ne\u0161to ih povezuje \u2013 sudnica Vi\u0161eg suda u Podgorici.<\/p>\n\n\n\n<p>Olivera ve\u0107 godinama u toj sudnici, \u010deka da dr\u017eava kona\u010dno nekog osudi za poku\u0161aj njenog ubistva iz 2018. godine. Ivana ve\u0107 du\u017ee vrijeme, kao novinarka, prati slu\u010daj i izvje\u0161tava sa su\u0111enja. Skoro svaki njen povratak sa su\u0111enja u redakciju po\u010dinje re\u010denicom: \u201eSu\u0111enje je odlo\u017eeno, opet.\u201c<\/p>\n\n\n\n<p>Ivana, koja je ujedno i koordinatorka Sekcije mladih novinara\/ki Sindikata medija Crne Gore, ka\u017ee da je su\u0111enje u slu\u010daju napada na novinarku Oliveru Laki\u0107 jedan od najo\u010diglednijih primjera gdje su izostali napori dr\u017eave da se sistemski pozabavi ovim slu\u010dajem.<br><br>\u201eBrojne opstrukcije od strane okrivljenih, ali i nemogu\u0107nost sudstva da adekvatno odgovori na njih, dovele su do toga da danas postoji realna mogu\u0107nost da slu\u010daj zastari\u201c, dojam je koji Ivana ima nakon dana provedenih prate\u0107i ovaj slu\u010daj.<br><br>Dodaje da motivi, kao i eventualni nalogodavci napada, i nakon sedam i po godina ostaju nepoznati.<\/p>\n\n\n\n<p>\u201eSu\u0111enje prakti\u010dno tapka u mjestu, uprkos \u010dinjenici da su nakon devet mjeseci od ranjavanja \u2013 19. februara 2019. godine, samo dva dana prije dolaska tada\u0161njeg evropskog komesara za pro\u0161irenje Johanesa Hana u Podgoricu, Uprava policije i tu\u017eila\u0161tvo saop\u0161tili da je organizator napada Filip Be\u0161ovi\u0107, koji je navodno pratio, ali i pucao na novinarku. S obzirom na to da je optu\u017enica potvr\u0111ena tek pet godina kasnije, o\u010digledno je da je to bila samo predstava za javnost\u201c, zaklju\u010duje dalje na\u0161a sagovornica.<\/p>\n\n\n\n<p>Motivi i nalogodavci, me\u0111utim, ostali su nepoznati. Ovaj slu\u010daj postao je test za vladavinu prava u Crnoj Gori i jasan pokazatelj koliko je dr\u017eava (ne)spremna da za\u0161titi temeljne vrijednosti demokratije.<\/p>\n\n\n\n<p>S druge strane, ovaj slu\u010daj ima i jednu dobru stranu, ako je to mogu\u0107e u ovakvoj pri\u010di. Naime, \u010dinjenica da Olivera Laki\u0107, i pored svega \u0161to je pre\u017eivjela, i dalje radi, za mladu novinarku poput Ivane je sna\u017ena poruka i motivacija.<\/p>\n\n\n\n<p>\u201eNjena istrajnost pokazuje da novinarstvo, uprkos brojnim problemima, jo\u0161 uvijek ima budu\u0107nost dok postoje pojedinci koji hrabro i savjesno obavljaju svoj posao\u201c, ka\u017ee Ivana.<\/p>\n\n\n\n<p>Priznaje da je vidljiv odre\u0111eni napredak u reakcijama nadle\u017enih institucija kada su u pitanju napadi na novinare, ali i dodaje da novinari dalje rade u nebezbjednom okru\u017eenju.<br><br>\u201eNapadi na fotoreportere i novinare u Gornjem Zaostru u Beranama, fizi\u010dki napad na Anu Rai\u010dkovi\u0107, kao i sve \u0161to je do\u017eivjela, a i dalje do\u017eivljava Jelena Jovanovi\u0107, svjedo\u010de da kao dru\u0161tvo jo\u0161 uvijek nedovoljno cijenimo novinarsku profesiju\u201c, podsje\u0107a Ivana na samo neke od posljednjih napada na novinare.<\/p>\n\n\n\n<p>Ne mo\u017ee, a da ne primijeti i da je pad Crne Gore na Indeksu bezbjednosti novinara jo\u0161 jedan od pokazatelja da stanje u medijima mo\u017ee i mora biti bolje.<br><br>\u201eSlu\u010daj Olivere Laki\u0107 podsjetnik je svima nama koliko je va\u017eno istrajati u borbi za istinu, ali i koliko je ta borba i dalje skupa i opasna\u201c, zaklju\u010duje Ivana.<\/p>\n\n\n\n<p>Olivera Laki\u0107 je novinarka koja je od 2011. godine kontinuirano meta napada zbog istra\u017eivanja kriminala i korupcije, uklju\u010duju\u0107i krijum\u010darenje cigareta u fabrici Tara povezano sa policijom i ANB-om. Prvi napadi na nju i njenu porodicu dogodili su se 2012. godine, a izvr\u0161ilac je osu\u0111en dok nalogodavac nikada nije otkriven. Kulminacija napada bila je \u0161est godina kasnije, kada je ranjena u nogu.<\/p>\n\n\n\n<p>Specijalno dr\u017eavno tu\u017eila\u0161tvo (SDT) podiglo je krajem 2023. optu\u017enicu protiv 14 okrivljenih koje sumnji\u010di za napad na novinarku Oliveru Laki\u0107 8. maja 2018. godine i ubistvo Miodraga Kru\u0161\u010di\u0107a 21. maja 2018. godine. Na novinarku je pucano 8. maja 2018. godine ispred ulaza zgrade u Podgorici, kada je ranjena u nogu. Trinaest dana kasnije, 21. maja, ubijen je Miodrag Kru\u0161\u010di\u0107 dok je sjedio u kafi\u0107u na Starom Aerodromu u Podgorici.<\/p>\n\n\n\n<p>Krajem 2020. godine iz SDT-a je saop\u0161teno da je grupa okrivljenih u spu\u0161kom zatvoru dogovarala ubistvo Olivere Laki\u0107. Me\u0111u optu\u017eenima su visokopozicionirani \u010dlanovi kriminalnog kava\u010dkog klana, koji su na kontroli optu\u017enice u aprilu 2024. negirali krivicu. Tu\u017eila\u0161tvu je, pored Sky prepiske,pomogao i iskaz svjedoka saradnika Bajrama Piste, koji je tu\u017eiocima, navodno, ispri\u010dao da su mu osumnji\u010deni za ubistvo novinarke nudili 200.000 eura.<\/p>\n\n\n\n<p>Iako je odbrana Olivere Laki\u0107 vi\u0161e puta tra\u017eila da se ova dva slu\u010daja razdvoje, jer poku\u0161aj ubistva Kru\u0161\u010di\u0107a ne mo\u017ee zastariti, \u0161to nije slu\u010daj sa napadom na Laki\u0107, sudija to nije dozvolio, a ro\u010di\u0161ta se samo odla\u017eu. Novo je zakazano za 24. novembar 2025. godine.<\/p>\n\n\n\n<p>Prema evidenciji sudova, u koju je imao uvid Sindikat medija Crne Gore od 2012. do 2014. godine vo\u0111eno je pet predmeta pred Osnovnim sudom u Podgorici u kojima je meta napada bila novinarka Laki\u0107. Od pet predmeta u kojima je tu\u017eiteljka bila Olivera Laki\u0107 zbog ugro\u017eavanja bezbjednosti, u dva predmeta je donesena osu\u0111uju\u0107a presuda dok su u tri predmeta tu\u017eeni oslobo\u0111eni optu\u017ebi. Iste godine kada je po\u010dela da pi\u0161e o fabrici Tara dobila prijetnje od strane zaposlenog u mojkova\u010dkoj fabrici cigareta Slavka Musi\u0107a. Optu\u017een zbog ugro\u017eavanja sigurnosti Musi\u0107 je osu\u0111en na samo \u010detiri mjeseca zatvora. U slu\u010daju prijetnji kojima je bila izlo\u017eena procesuiran je Milan Grgurovi\u0107, koji je sam sebe la\u017eno optu\u017eio da joj je prijetio. On je oslobo\u0111en optu\u017ebi, a da nije ni utvr\u0111eno koji su motivi takvog \u010dina. Iako su napadi bili kontinuirani a policijska i tu\u017eila\u010dka istraga navodno dovodile do brojnih u\u010desnika, sudovi su nastavili praksu dono\u0161enja osloba\u0111aju\u0107ih presuda. Tako su optu\u017ebi bili oslobo\u0111eni i Milenko Rabrenovi\u0107, blizak nekada\u0161njem direktoru Uprave policije Veselinu Veljovi\u0107u, zbog prijetnji novinarki, njenoj k\u0107erki i cimerki njene k\u0107erke, kao i Sini\u0161a Stojkovi\u0107, \u0161ef kriminalisti\u010dke policije podru\u010dne jedinice Budva, zbog vr\u0161enja uticaja na postupak koji se vodio protiv Rabrenovi\u0107a. Samo dvije godine nakon toga, 2014. godine uslijedio je poku\u0161aj zastra\u0161ivanja od osoba bliskih po\u010diniocu napada iz 2012. U pravnom postupku koji je u ovom slu\u010daju vo\u0111en, Dejan \u010curovi\u0107 i Ivan Sini\u0161taj su oslobo\u0111eni, a kao i u prethodnom napadu nikada nije istra\u017eeno ko je bio nalogodavac prijetnji i napada,<\/p>\n\n\n\n<p>I da se vratimo na po\u010detak pri\u010de. Ivana \u0107e 24.novembra opet oti\u0107i do sudnice u Njego\u0161evoj ulici u Podgorici, I gledeta kao sve vodi ka tome, da i pored brojnih prijetnji i fizi\u010dkih napada, sudovi \u010desto osloba\u0111aju optu\u017eene, a nalogodavci ostaju neotkriveni.<\/p>\n\n\n\n<p>A Olivera Laki\u0107, \u010deka presudu i dalje \u017eivi pod policijskom za\u0161titom .<\/p>\n\n\n\n<p><em>Ovaj tekst ura\u0111en je uz finansijsku podr\u0161ku Nacionalne zadu\u017ebine za demokratiju. Sadr\u017eaj je isklju\u010divo odgovornost autora i izdava\u010da Instituta za medije Crne Gore i nu\u017eno ne odra\u017eava stavove donatora.<\/em><\/p>\n\n\n\n<p><em>Tekst je dio projekra Transnational Advocacy for Freedim of Information in Wester Balkan-ATLIB, koji je sufinansiran sredstvima italijanskog Ministarstva spoljnih poslova i me\u0111unarodne saradnje. Sadr\u017eaj je isklju\u010divo odgovornost autora i izdava\u010da Instituta za medije Crne Gore i nu\u017eno ne odra\u017eava stavove donatora.<\/em><\/p>\n","protected":false},"excerpt":{"rendered":"<p>PI\u0160E: Danijela Lasica Ivana Vlaovi\u0107 ima 23 godine i u novinarstvu je \u010detiri godine. Olivera Laki\u0107 je u tom poslu skoro tri decenije. Njih dvije nikada nisu radile zajedno, vjerovatno se nikada ni nisu srele na istom terenskom zadatku. Ipak, ne\u0161to ih povezuje \u2013 sudnica Vi\u0161eg suda u Podgorici. Olivera ve\u0107 godinama u toj sudnici,<\/p>\n","protected":false},"author":2,"featured_media":4830,"comment_status":"closed","ping_status":"closed","sticky":false,"template":"","format":"standard","meta":{"footnotes":""},"categories":[143,36],"tags":[],"class_list":{"0":"post-4827","1":"post","2":"type-post","3":"status-publish","4":"format-standard","5":"has-post-thumbnail","7":"category-aktuelnosti-medijska-pismenost","8":"category-uncategorized-bs"},"_links":{"self":[{"href":"https:\/\/citajizmedjuredova.me\/index.php?rest_route=\/wp\/v2\/posts\/4827","targetHints":{"allow":["GET"]}}],"collection":[{"href":"https:\/\/citajizmedjuredova.me\/index.php?rest_route=\/wp\/v2\/posts"}],"about":[{"href":"https:\/\/citajizmedjuredova.me\/index.php?rest_route=\/wp\/v2\/types\/post"}],"author":[{"embeddable":true,"href":"https:\/\/citajizmedjuredova.me\/index.php?rest_route=\/wp\/v2\/users\/2"}],"replies":[{"embeddable":true,"href":"https:\/\/citajizmedjuredova.me\/index.php?rest_route=%2Fwp%2Fv2%2Fcomments&post=4827"}],"version-history":[{"count":1,"href":"https:\/\/citajizmedjuredova.me\/index.php?rest_route=\/wp\/v2\/posts\/4827\/revisions"}],"predecessor-version":[{"id":4828,"href":"https:\/\/citajizmedjuredova.me\/index.php?rest_route=\/wp\/v2\/posts\/4827\/revisions\/4828"}],"wp:featuredmedia":[{"embeddable":true,"href":"https:\/\/citajizmedjuredova.me\/index.php?rest_route=\/wp\/v2\/media\/4830"}],"wp:attachment":[{"href":"https:\/\/citajizmedjuredova.me\/index.php?rest_route=%2Fwp%2Fv2%2Fmedia&parent=4827"}],"wp:term":[{"taxonomy":"category","embeddable":true,"href":"https:\/\/citajizmedjuredova.me\/index.php?rest_route=%2Fwp%2Fv2%2Fcategories&post=4827"},{"taxonomy":"post_tag","embeddable":true,"href":"https:\/\/citajizmedjuredova.me\/index.php?rest_route=%2Fwp%2Fv2%2Ftags&post=4827"}],"curies":[{"name":"wp","href":"https:\/\/api.w.org\/{rel}","templated":true}]}}